{"id":12094,"date":"2021-02-12T11:51:28","date_gmt":"2021-02-12T10:51:28","guid":{"rendered":"https:\/\/preprod3.atlasformen.fr\/blog\/?p=12094"},"modified":"2024-04-03T09:49:15","modified_gmt":"2024-04-03T07:49:15","slug":"choisir-pantalon-randonnee","status":"publish","type":"post","link":"https:\/\/www.atlasformen.fr\/blog\/habiller\/choisir-vetements\/choisir-pantalon-randonnee\/","title":{"rendered":"Comment bien choisir son pantalon de randonn\u00e9e ?"},"content":{"rendered":"\t\t<div data-elementor-type=\"wp-post\" data-elementor-id=\"12094\" class=\"elementor elementor-12094\">\n\t\t\t\t\t\t<section class=\"elementor-section elementor-top-section elementor-element elementor-element-73f311b8 elementor-section-boxed elementor-section-height-default elementor-section-height-default\" data-id=\"73f311b8\" data-element_type=\"section\">\n\t\t\t\t\t\t<div class=\"elementor-container elementor-column-gap-default\">\n\t\t\t\t\t<div class=\"elementor-column elementor-col-100 elementor-top-column elementor-element elementor-element-12cd5bbb\" data-id=\"12cd5bbb\" data-element_type=\"column\">\n\t\t\t<div class=\"elementor-widget-wrap elementor-element-populated\">\n\t\t\t\t\t\t<div class=\"elementor-element elementor-element-4a53ee4f elementor-widget elementor-widget-text-editor\" data-id=\"4a53ee4f\" data-element_type=\"widget\" data-widget_type=\"text-editor.default\">\n\t\t\t\t<div class=\"elementor-widget-container\">\n\t\t\t\t\t\t\t\t\t<p><em>Pour faire de la randonn\u00e9e dans de bonnes conditions, il est important de bien choisir son mat\u00e9riel et ses v\u00eatements. Parmi eux, le pantalon : en plus d\u2019\u00eatre r\u00e9sistant, il doit \u00eatre confortable et permettre une grande libert\u00e9 de mouvements. La touche en plus ? \u00catre pratique ! Selon le type de balade et les conditions m\u00e9t\u00e9o, tour d\u2019horizon des points \u00e0 v\u00e9rifier pour choisir le bon pantalon de rando !<\/em><\/p>\t\t\t\t\t\t\t\t<\/div>\n\t\t\t\t<\/div>\n\t\t\t\t\t<\/div>\n\t\t<\/div>\n\t\t\t\t\t<\/div>\n\t\t<\/section>\n\t\t\t\t<section class=\"elementor-section elementor-top-section elementor-element elementor-element-1be8b8e9 elementor-section-boxed elementor-section-height-default elementor-section-height-default\" data-id=\"1be8b8e9\" data-element_type=\"section\">\n\t\t\t\t\t\t<div class=\"elementor-container elementor-column-gap-default\">\n\t\t\t\t\t<div class=\"elementor-column elementor-col-100 elementor-top-column elementor-element elementor-element-67ffc9e1\" data-id=\"67ffc9e1\" data-element_type=\"column\">\n\t\t\t<div class=\"elementor-widget-wrap elementor-element-populated\">\n\t\t\t\t\t\t<div class=\"elementor-element elementor-element-28b47dbd elementor-widget elementor-widget-heading\" data-id=\"28b47dbd\" data-element_type=\"widget\" data-widget_type=\"heading.default\">\n\t\t\t\t<div class=\"elementor-widget-container\">\n\t\t\t\t\t<h2 class=\"elementor-heading-title elementor-size-default\">Quel mod\u00e8le pour mon pantalon de randonn\u00e9e ?<\/h2>\t\t\t\t<\/div>\n\t\t\t\t<\/div>\n\t\t\t\t\t<\/div>\n\t\t<\/div>\n\t\t\t\t\t<\/div>\n\t\t<\/section>\n\t\t\t\t<section class=\"elementor-section elementor-top-section elementor-element elementor-element-2c2f7569 elementor-section-boxed elementor-section-height-default elementor-section-height-default\" data-id=\"2c2f7569\" data-element_type=\"section\">\n\t\t\t\t\t\t<div class=\"elementor-container elementor-column-gap-default\">\n\t\t\t\t\t<div class=\"elementor-column elementor-col-100 elementor-top-column elementor-element elementor-element-becce7b\" data-id=\"becce7b\" data-element_type=\"column\">\n\t\t\t<div class=\"elementor-widget-wrap elementor-element-populated\">\n\t\t\t\t\t\t<div class=\"elementor-element elementor-element-49d5a29b elementor-widget elementor-widget-heading\" data-id=\"49d5a29b\" data-element_type=\"widget\" data-widget_type=\"heading.default\">\n\t\t\t\t<div class=\"elementor-widget-container\">\n\t\t\t\t\t<h3 class=\"elementor-heading-title elementor-size-default\">Le pantalon cargo<\/h3>\t\t\t\t<\/div>\n\t\t\t\t<\/div>\n\t\t\t\t<section class=\"elementor-section elementor-inner-section elementor-element elementor-element-5eba5f4 elementor-section-boxed elementor-section-height-default elementor-section-height-default\" data-id=\"5eba5f4\" data-element_type=\"section\">\n\t\t\t\t\t\t<div class=\"elementor-container elementor-column-gap-default\">\n\t\t\t\t\t<div class=\"elementor-column elementor-col-50 elementor-inner-column elementor-element elementor-element-56ae3478\" data-id=\"56ae3478\" data-element_type=\"column\">\n\t\t\t<div class=\"elementor-widget-wrap elementor-element-populated\">\n\t\t\t\t\t\t<div class=\"elementor-element elementor-element-5b9eeaec elementor-widget elementor-widget-image\" data-id=\"5b9eeaec\" data-element_type=\"widget\" data-widget_type=\"image.default\">\n\t\t\t\t<div class=\"elementor-widget-container\">\n\t\t\t\t\t\t\t\t\t\t\t\t\t\t\t<img  fetchpriority=\"high\" decoding=\"async\" width=\"749\" height=\"1024\"  src=\"data:image\/gif;base64,R0lGODlhAQABAIAAAAAAAP\/\/\/yH5BAEAAAAALAAAAAABAAEAAAIBRAA7\" data-lazy-src=\"https:\/\/media.atlasformen.com\/blogmedia\/uploads\/2021\/02\/pantalon-cargo--749x1024.jpg\"  class=\"attachment-large size-large wp-image-12100\" alt=\"hommme bois pantalon cargo\" srcset=\"https:\/\/media.atlasformen.com\/blogmedia\/uploads\/2021\/02\/pantalon-cargo--749x1024.jpg 749w, https:\/\/media.atlasformen.com\/blogmedia\/uploads\/2021\/02\/pantalon-cargo--219x300.jpg 219w, https:\/\/media.atlasformen.com\/blogmedia\/uploads\/2021\/02\/pantalon-cargo--768x1050.jpg 768w, https:\/\/media.atlasformen.com\/blogmedia\/uploads\/2021\/02\/pantalon-cargo--18x24.jpg 18w, https:\/\/media.atlasformen.com\/blogmedia\/uploads\/2021\/02\/pantalon-cargo--26x36.jpg 26w, https:\/\/media.atlasformen.com\/blogmedia\/uploads\/2021\/02\/pantalon-cargo--35x48.jpg 35w, https:\/\/media.atlasformen.com\/blogmedia\/uploads\/2021\/02\/pantalon-cargo-.jpg 1024w\" sizes=\"(max-width: 749px) 100vw, 749px\" \/><noscript><img  fetchpriority=\"high\" decoding=\"async\" width=\"749\" height=\"1024\"  src=\"https:\/\/media.atlasformen.com\/blogmedia\/uploads\/2021\/02\/pantalon-cargo--749x1024.jpg\"  class=\"attachment-large size-large wp-image-12100\" alt=\"hommme bois pantalon cargo\" srcset=\"https:\/\/media.atlasformen.com\/blogmedia\/uploads\/2021\/02\/pantalon-cargo--749x1024.jpg 749w, https:\/\/media.atlasformen.com\/blogmedia\/uploads\/2021\/02\/pantalon-cargo--219x300.jpg 219w, https:\/\/media.atlasformen.com\/blogmedia\/uploads\/2021\/02\/pantalon-cargo--768x1050.jpg 768w, https:\/\/media.atlasformen.com\/blogmedia\/uploads\/2021\/02\/pantalon-cargo--18x24.jpg 18w, https:\/\/media.atlasformen.com\/blogmedia\/uploads\/2021\/02\/pantalon-cargo--26x36.jpg 26w, https:\/\/media.atlasformen.com\/blogmedia\/uploads\/2021\/02\/pantalon-cargo--35x48.jpg 35w, https:\/\/media.atlasformen.com\/blogmedia\/uploads\/2021\/02\/pantalon-cargo-.jpg 1024w\" sizes=\"(max-width: 749px) 100vw, 749px\" \/><\/noscript>\t\t\t\t\t\t\t\t\t\t\t\t\t\t\t<\/div>\n\t\t\t\t<\/div>\n\t\t\t\t\t<\/div>\n\t\t<\/div>\n\t\t\t\t<div class=\"elementor-column elementor-col-50 elementor-inner-column elementor-element elementor-element-27d8507f\" data-id=\"27d8507f\" data-element_type=\"column\">\n\t\t\t<div class=\"elementor-widget-wrap elementor-element-populated\">\n\t\t\t\t\t\t<div class=\"elementor-element elementor-element-6a766f4e elementor-widget elementor-widget-text-editor\" data-id=\"6a766f4e\" data-element_type=\"widget\" data-widget_type=\"text-editor.default\">\n\t\t\t\t<div class=\"elementor-widget-container\">\n\t\t\t\t\t\t\t\t\t<p>C\u2019est le pantalon parfait pour barouder ! En milieu bois\u00e9 ou sur terrain accident\u00e9, il <strong>prot\u00e8ge les jambes<\/strong> des chocs et \u00e9gratignures. Et du froid si la fra\u00eecheur s\u2019installe. Sa <strong>coupe ample<\/strong> permet de bouger ais\u00e9ment et pour plus de confort, les mod\u00e8les Atlas For Men contiennent tous du stretch. Certains sont mont\u00e9s sur une ceinture enti\u00e8rement \u00e9lastiqu\u00e9e, \u00e9vitant ainsi que votre sac frotte au ni<strong>\u00a0<\/strong>veau de la taille et irrite vos hanches. <strong>C\u00f4t\u00e9 pratique, le <a href=\"https:\/\/www.atlasformen.fr\/homme\/vetements\/pantalons\/pantalons-cargo-10851.aspx\" target=\"_blank\" rel=\"noopener\"><span style=\"text-decoration: underline;\">pantalon cargo <\/span><\/a><\/strong>en conna\u00eet un rayon\u00a0! Ses <strong>nombreuses poches<\/strong> permettent en effet de garder des objets essentiels imm\u00e9diatement \u00e0 port\u00e9e de main, sans \u00eatre oblig\u00e9 de fouiller son sac \u00e0 dos. Certaines poches sont s\u00e9curis\u00e9es par des fermetures \u00e0 scratch, ce qui peut \u00e9viter de perdre ses cl\u00e9s de voiture ou son t\u00e9l\u00e9phone.<\/p>\t\t\t\t\t\t\t\t<\/div>\n\t\t\t\t<\/div>\n\t\t\t\t\t<\/div>\n\t\t<\/div>\n\t\t\t\t\t<\/div>\n\t\t<\/section>\n\t\t\t\t<div class=\"elementor-element elementor-element-1dce6fb6 elementor-widget elementor-widget-shortcode\" data-id=\"1dce6fb6\" data-element_type=\"widget\" data-widget_type=\"shortcode.default\">\n\t\t\t\t<div class=\"elementor-widget-container\">\n\t\t\t\t\t\t\t<div class=\"elementor-shortcode\"><div class=\"afmProductSlider-Container\"><div class=\"afmProductSlider-arrows-container clearfix\"><div class=\"afmArrow-prev\"><\/div><div class=\"afmArrow-next\"><\/div><\/div><div class=\"afmProductSlider \"><div class=\"afmProduct\"><a class=\"clearfix\" href=\"\/products\/homme\/vetements\/pantalons\/pantalons-cargo\/le-jogging-molleton-cargo\/q8141.aspx\" target=\"_blank\" ><div class=\"afmProductImageContainer\"><img  decoding=\"async\" alt=\"ProductTest01\"  src=\"data:image\/gif;base64,R0lGODlhAQABAIAAAAAAAP\/\/\/yH5BAEAAAAALAAAAAABAAEAAAIBRAA7\" data-lazy-src=\"https:\/\/media.atlasformen.com\/webmedia\/1080by1242\/91\/95\/40\/919540f8ade8d8bc0f7ea1939c1d12f7.jpg?w=356\" \/><noscript><img  decoding=\"async\" alt=\"ProductTest01\"  src=\"https:\/\/media.atlasformen.com\/webmedia\/1080by1242\/91\/95\/40\/919540f8ade8d8bc0f7ea1939c1d12f7.jpg?w=356\" \/><\/noscript><\/div><div class=\"afmProductInformationContainer\"><div class=\"afmProduct-items-title\"><span>Le Jogging Molleton Cargo<\/span><\/div><div class=\"afmProduct-items-tag\"><\/div><div class=\"afmProduct-items-price-container col-md-12\"><span id=\"spanDiscount\" class=\"afm-ProductItemPromo\"><span class=\"afm-discount\"><strong id=\"strongOff\"><span id=\"spanLess\" class=\"less\">-<\/span><span class=\"amount\" id=\"spanPercentage\">52<\/span><span class=\"percent\">%<\/span><\/strong><\/span><\/span><span class=\"afm-ProductItemPrice afm-PLPPrice\">17\u20ac99<span id=\"spanPriceBefore\" class=\"afm-ProductItemPriceBase\">37\u20ac90<\/span><\/span><\/div><div class=\"afmProduct-items-cart\"><div class=\"afmProduct-BuyNow-Button\">J'AJOUTE AU PANIER<\/div><\/div><div class=\"afmProduct-items-sku\"> <\/div><\/div><\/a><\/div><div class=\"afmProduct\"><a class=\"clearfix\" href=\"\/products\/homme\/vetements\/pantalons\/pantalons-cargo\/le-pantalon-cargo-top-detente-coton-lin-beige\/r1117.aspx\" target=\"_blank\" ><div class=\"afmProductImageContainer\"><img  decoding=\"async\" alt=\"ProductTest01\"  src=\"data:image\/gif;base64,R0lGODlhAQABAIAAAAAAAP\/\/\/yH5BAEAAAAALAAAAAABAAEAAAIBRAA7\" data-lazy-src=\"https:\/\/media.atlasformen.com\/webmedia\/1080by1242\/5c\/aa\/10\/5caa100ea9f6e58316662bb0349320e4.jpg?w=356\" \/><noscript><img  decoding=\"async\" alt=\"ProductTest01\"  src=\"https:\/\/media.atlasformen.com\/webmedia\/1080by1242\/5c\/aa\/10\/5caa100ea9f6e58316662bb0349320e4.jpg?w=356\" \/><\/noscript><\/div><div class=\"afmProductInformationContainer\"><div class=\"afmProduct-items-title\"><span>Le Pantalon Cargo Top D\u00e9tente Coton-Lin Beige<\/span><\/div><div class=\"afmProduct-items-tag\"><\/div><div class=\"afmProduct-items-price-container col-md-12\"><span id=\"spanDiscount\" class=\"afm-ProductItemPromo\"><span class=\"afm-discount\"><strong id=\"strongOff\"><span id=\"spanLess\" class=\"less\">-<\/span><span class=\"amount\" id=\"spanPercentage\">51<\/span><span class=\"percent\">%<\/span><\/strong><\/span><\/span><span class=\"afm-ProductItemPrice afm-PLPPrice\">21\u20ac99<span id=\"spanPriceBefore\" class=\"afm-ProductItemPriceBase\">44\u20ac90<\/span><\/span><\/div><div class=\"afmProduct-items-cart\"><div class=\"afmProduct-BuyNow-Button\">J'AJOUTE AU PANIER<\/div><\/div><div class=\"afmProduct-items-sku\"> <\/div><\/div><\/a><\/div><div class=\"afmProduct\"><a class=\"clearfix\" href=\"\/products\/homme\/vetements\/pantalons\/pantalons-cargo\/le-lot-de-2-pantalons-cargo-confort\/q9103.aspx\" target=\"_blank\" ><div class=\"afmProductImageContainer\"><img  decoding=\"async\" alt=\"ProductTest01\"  src=\"data:image\/gif;base64,R0lGODlhAQABAIAAAAAAAP\/\/\/yH5BAEAAAAALAAAAAABAAEAAAIBRAA7\" data-lazy-src=\"https:\/\/media.atlasformen.com\/webmedia\/1080by1242\/ae\/ce\/d9\/aeced9d0f3a0fc26057a803a9c526691.jpg?w=356\" \/><noscript><img  decoding=\"async\" alt=\"ProductTest01\"  src=\"https:\/\/media.atlasformen.com\/webmedia\/1080by1242\/ae\/ce\/d9\/aeced9d0f3a0fc26057a803a9c526691.jpg?w=356\" \/><\/noscript><\/div><div class=\"afmProductInformationContainer\"><div class=\"afmProduct-items-title\"><span>Le Lot de 2 Pantalons Cargo Confort<\/span><\/div><div class=\"afmProduct-items-tag\"><\/div><div class=\"afmProduct-items-price-container col-md-12\"><span id=\"spanDiscount\" class=\"afm-ProductItemPromo\"><span class=\"afm-discount\"><strong id=\"strongOff\"><span id=\"spanLess\" class=\"less\">-<\/span><span class=\"amount\" id=\"spanPercentage\">63<\/span><span class=\"percent\">%<\/span><\/strong><\/span><\/span><span class=\"afm-ProductItemPrice afm-PLPPrice\">27\u20ac99<span id=\"spanPriceBefore\" class=\"afm-ProductItemPriceBase\">75\u20ac90<\/span><\/span><\/div><div class=\"afmProduct-items-cart\"><div class=\"afmProduct-BuyNow-Button\">J'AJOUTE AU PANIER<\/div><\/div><div class=\"afmProduct-items-sku\"> <\/div><\/div><\/a><\/div><div class=\"afmProduct\"><a class=\"clearfix\" href=\"\/products\/homme\/vetements\/pantalons\/pantalons-cargo\/le-pantalon-cargo-en-toile\/r3115.aspx\" target=\"_blank\" ><div class=\"afmProductImageContainer\"><img  decoding=\"async\" alt=\"ProductTest01\"  src=\"data:image\/gif;base64,R0lGODlhAQABAIAAAAAAAP\/\/\/yH5BAEAAAAALAAAAAABAAEAAAIBRAA7\" data-lazy-src=\"https:\/\/media.atlasformen.com\/webmedia\/1080by1242\/80\/35\/d0\/8035d0496e6a623f789cb417d7079edc.jpg?w=356\" \/><noscript><img  decoding=\"async\" alt=\"ProductTest01\"  src=\"https:\/\/media.atlasformen.com\/webmedia\/1080by1242\/80\/35\/d0\/8035d0496e6a623f789cb417d7079edc.jpg?w=356\" \/><\/noscript><\/div><div class=\"afmProductInformationContainer\"><div class=\"afmProduct-items-title\"><span>Le Pantalon Cargo en Toile<\/span><\/div><div class=\"afmProduct-items-tag\"><\/div><div class=\"afmProduct-items-price-container col-md-12\"><span id=\"spanDiscount\" class=\"afm-ProductItemPromo\"><span class=\"afm-discount\"><strong id=\"strongOff\"><span id=\"spanLess\" class=\"less\">-<\/span><span class=\"amount\" id=\"spanPercentage\">59<\/span><span class=\"percent\">%<\/span><\/strong><\/span><\/span><span class=\"afm-ProductItemPrice afm-PLPPrice\">17\u20ac99<span id=\"spanPriceBefore\" class=\"afm-ProductItemPriceBase\">44\u20ac90<\/span><\/span><\/div><div class=\"afmProduct-items-cart\"><div class=\"afmProduct-BuyNow-Button\">J'AJOUTE AU PANIER<\/div><\/div><div class=\"afmProduct-items-sku\"> <\/div><\/div><\/a><\/div><div class=\"afmProduct\"><a class=\"clearfix\" href=\"\/products\/homme\/vetements\/pantalons\/pantalons-cargo\/le-pantalon-cargo-en-toile-marine\/r1119.aspx\" target=\"_blank\" ><div class=\"afmProductImageContainer\"><img  decoding=\"async\" alt=\"ProductTest01\"  src=\"data:image\/gif;base64,R0lGODlhAQABAIAAAAAAAP\/\/\/yH5BAEAAAAALAAAAAABAAEAAAIBRAA7\" data-lazy-src=\"https:\/\/media.atlasformen.com\/webmedia\/1080by1242\/49\/ba\/39\/49ba390200798915d337d03e02427b49.jpg?w=356\" \/><noscript><img  decoding=\"async\" alt=\"ProductTest01\"  src=\"https:\/\/media.atlasformen.com\/webmedia\/1080by1242\/49\/ba\/39\/49ba390200798915d337d03e02427b49.jpg?w=356\" \/><\/noscript><\/div><div class=\"afmProductInformationContainer\"><div class=\"afmProduct-items-title\"><span>Le Pantalon Cargo en Toile Marine<\/span><\/div><div class=\"afmProduct-items-tag\"><\/div><div class=\"afmProduct-items-price-container col-md-12\"><span id=\"spanDiscount\" class=\"afm-ProductItemPromo\"><span class=\"afm-discount\"><strong id=\"strongOff\"><span id=\"spanLess\" class=\"less\">-<\/span><span class=\"amount\" id=\"spanPercentage\">62<\/span><span class=\"percent\">%<\/span><\/strong><\/span><\/span><span class=\"afm-ProductItemPrice afm-PLPPrice\">16\u20ac99<span id=\"spanPriceBefore\" class=\"afm-ProductItemPriceBase\">44\u20ac90<\/span><\/span><\/div><div class=\"afmProduct-items-cart\"><div class=\"afmProduct-BuyNow-Button\">J'AJOUTE AU PANIER<\/div><\/div><div class=\"afmProduct-items-sku\"> <\/div><\/div><\/a><\/div><div class=\"afmProduct\"><a class=\"clearfix\" href=\"\/products\/homme\/vetements\/pantalons\/pantalons-cargo\/le-pantalon-twill-cargo-taille-semi-elastiquee\/cw094.aspx\" target=\"_blank\" ><div class=\"afmProductImageContainer\"><img  decoding=\"async\" alt=\"ProductTest01\"  src=\"data:image\/gif;base64,R0lGODlhAQABAIAAAAAAAP\/\/\/yH5BAEAAAAALAAAAAABAAEAAAIBRAA7\" data-lazy-src=\"https:\/\/media.atlasformen.com\/webmedia\/1080by1242\/e9\/45\/cc\/e945cc70a7920cf2f0e30a44d0690748.jpeg?w=356\" \/><noscript><img  decoding=\"async\" alt=\"ProductTest01\"  src=\"https:\/\/media.atlasformen.com\/webmedia\/1080by1242\/e9\/45\/cc\/e945cc70a7920cf2f0e30a44d0690748.jpeg?w=356\" \/><\/noscript><\/div><div class=\"afmProductInformationContainer\"><div class=\"afmProduct-items-title\"><span>Le Pantalon Twill Cargo Taille Semi-Elastiqu\u00e9e<\/span><\/div><div class=\"afmProduct-items-tag\"><\/div><div class=\"afmProduct-items-price-container col-md-12\"><span id=\"spanDiscount\" class=\"afm-ProductItemPromo\"><span class=\"afm-discount\"><strong id=\"strongOff\"><span id=\"spanLess\" class=\"less\">-<\/span><span class=\"amount\" id=\"spanPercentage\">58<\/span><span class=\"percent\">%<\/span><\/strong><\/span><\/span><span class=\"afm-ProductItemPrice afm-PLPPrice\">19\u20ac99<span id=\"spanPriceBefore\" class=\"afm-ProductItemPriceBase\">47\u20ac90<\/span><\/span><\/div><div class=\"afmProduct-items-cart\"><div class=\"afmProduct-BuyNow-Button\">J'AJOUTE AU PANIER<\/div><\/div><div class=\"afmProduct-items-sku\"> <\/div><\/div><\/a><\/div><div class=\"afmProduct\"><a class=\"clearfix\" href=\"\/products\/homme\/vetements\/pantalons\/pantalons-cargo\/le-lot-de-2-pantalons-detente-cargo\/l9152.aspx\" target=\"_blank\" ><div class=\"afmProductImageContainer\"><img  decoding=\"async\" alt=\"ProductTest01\"  src=\"data:image\/gif;base64,R0lGODlhAQABAIAAAAAAAP\/\/\/yH5BAEAAAAALAAAAAABAAEAAAIBRAA7\" data-lazy-src=\"https:\/\/media.atlasformen.com\/webmedia\/1080by1242\/cf\/b8\/44\/cfb8442c8aa41d0c8daf66b54a431b15.jpg?w=356\" \/><noscript><img  decoding=\"async\" alt=\"ProductTest01\"  src=\"https:\/\/media.atlasformen.com\/webmedia\/1080by1242\/cf\/b8\/44\/cfb8442c8aa41d0c8daf66b54a431b15.jpg?w=356\" \/><\/noscript><\/div><div class=\"afmProductInformationContainer\"><div class=\"afmProduct-items-title\"><span>Le Lot de 2 Pantalons D\u00e9tente Cargo <\/span><\/div><div class=\"afmProduct-items-tag\"><\/div><div class=\"afmProduct-items-price-container col-md-12\"><span id=\"spanDiscount\" class=\"afm-ProductItemPromo\"><span class=\"afm-discount\"><strong id=\"strongOff\"><span id=\"spanLess\" class=\"less\">-<\/span><span class=\"amount\" id=\"spanPercentage\">60<\/span><span class=\"percent\">%<\/span><\/strong><\/span><\/span><span class=\"afm-ProductItemPrice afm-PLPPrice\">29\u20ac99<span id=\"spanPriceBefore\" class=\"afm-ProductItemPriceBase\">75\u20ac90<\/span><\/span><\/div><div class=\"afmProduct-items-cart\"><div class=\"afmProduct-BuyNow-Button\">J'AJOUTE AU PANIER<\/div><\/div><div class=\"afmProduct-items-sku\"> <\/div><\/div><\/a><\/div><div class=\"afmProduct\"><a class=\"clearfix\" href=\"\/products\/homme\/vetements\/pantalons\/pantalons-cargo\/le-lot-de-2-pantalons-detente-cargo\/r2112.aspx\" target=\"_blank\" ><div class=\"afmProductImageContainer\"><img  decoding=\"async\" alt=\"ProductTest01\"  src=\"data:image\/gif;base64,R0lGODlhAQABAIAAAAAAAP\/\/\/yH5BAEAAAAALAAAAAABAAEAAAIBRAA7\" data-lazy-src=\"https:\/\/media.atlasformen.com\/webmedia\/1080by1242\/6a\/ac\/06\/6aac0642b17de396ba9ef150668dbd7d.jpg?w=356\" \/><noscript><img  decoding=\"async\" alt=\"ProductTest01\"  src=\"https:\/\/media.atlasformen.com\/webmedia\/1080by1242\/6a\/ac\/06\/6aac0642b17de396ba9ef150668dbd7d.jpg?w=356\" \/><\/noscript><\/div><div class=\"afmProductInformationContainer\"><div class=\"afmProduct-items-title\"><span>Le Lot de 2 Pantalons D\u00e9tente Cargo<\/span><\/div><div class=\"afmProduct-items-tag\"><\/div><div class=\"afmProduct-items-price-container col-md-12\"><span id=\"spanDiscount\" class=\"afm-ProductItemPromo\"><span class=\"afm-discount\"><strong id=\"strongOff\"><span id=\"spanLess\" class=\"less\">-<\/span><span class=\"amount\" id=\"spanPercentage\">63<\/span><span class=\"percent\">%<\/span><\/strong><\/span><\/span><span class=\"afm-ProductItemPrice afm-PLPPrice\">27\u20ac99<span id=\"spanPriceBefore\" class=\"afm-ProductItemPriceBase\">75\u20ac90<\/span><\/span><\/div><div class=\"afmProduct-items-cart\"><div class=\"afmProduct-BuyNow-Button\">J'AJOUTE AU PANIER<\/div><\/div><div class=\"afmProduct-items-sku\"> <\/div><\/div><\/a><\/div><div class=\"afmProduct\"><a class=\"clearfix\" href=\"\/products\/homme\/vetements\/pantalons\/pantalons-cargo\/le-pantalon-detente-cargo\/l7161.aspx\" target=\"_blank\" ><div class=\"afmProductImageContainer\"><img  decoding=\"async\" alt=\"ProductTest01\"  src=\"data:image\/gif;base64,R0lGODlhAQABAIAAAAAAAP\/\/\/yH5BAEAAAAALAAAAAABAAEAAAIBRAA7\" data-lazy-src=\"https:\/\/media.atlasformen.com\/webmedia\/1080by1242\/a5\/e1\/31\/a5e1316854c52bbb45a0f2c077e79b8d.jpeg?w=356\" \/><noscript><img  decoding=\"async\" alt=\"ProductTest01\"  src=\"https:\/\/media.atlasformen.com\/webmedia\/1080by1242\/a5\/e1\/31\/a5e1316854c52bbb45a0f2c077e79b8d.jpeg?w=356\" \/><\/noscript><\/div><div class=\"afmProductInformationContainer\"><div class=\"afmProduct-items-title\"><span>Le Pantalon D\u00e9tente Cargo<\/span><\/div><div class=\"afmProduct-items-tag\"><\/div><div class=\"afmProduct-items-price-container col-md-12\"><span id=\"spanDiscount\" class=\"afm-ProductItemPromo\"><span class=\"afm-discount\"><strong id=\"strongOff\"><span id=\"spanLess\" class=\"less\">-<\/span><span class=\"amount\" id=\"spanPercentage\">62<\/span><span class=\"percent\">%<\/span><\/strong><\/span><\/span><span class=\"afm-ProductItemPrice afm-PLPPrice\">16\u20ac99<span id=\"spanPriceBefore\" class=\"afm-ProductItemPriceBase\">44\u20ac90<\/span><\/span><\/div><div class=\"afmProduct-items-cart\"><div class=\"afmProduct-BuyNow-Button\">J'AJOUTE AU PANIER<\/div><\/div><div class=\"afmProduct-items-sku\"> <\/div><\/div><\/a><\/div><div class=\"afmProduct\"><a class=\"clearfix\" href=\"\/products\/homme\/vetements\/pantalons\/pantalons-cargo\/lot-2-pantalons-de-travail-homme-force-gris-et-noir\/496648.aspx\" target=\"_blank\" ><div class=\"afmProductImageContainer\"><img  decoding=\"async\" alt=\"ProductTest01\"  src=\"data:image\/gif;base64,R0lGODlhAQABAIAAAAAAAP\/\/\/yH5BAEAAAAALAAAAAABAAEAAAIBRAA7\" data-lazy-src=\"https:\/\/media.atlasformen.com\/webmedia\/1080by1242\/56\/DF\/7A\/56DF7A70CAEC25EE7FBF1C19985DB6D02FD1EE3FB5968431D295C7623BA01C5B.jpg?w=356\" \/><noscript><img  decoding=\"async\" alt=\"ProductTest01\"  src=\"https:\/\/media.atlasformen.com\/webmedia\/1080by1242\/56\/DF\/7A\/56DF7A70CAEC25EE7FBF1C19985DB6D02FD1EE3FB5968431D295C7623BA01C5B.jpg?w=356\" \/><\/noscript><\/div><div class=\"afmProductInformationContainer\"><div class=\"afmProduct-items-title\"><span>Lot 2 pantalons de travail homme - FORCE - gris et noir<\/span><\/div><div class=\"afmProduct-items-tag\"><\/div><div class=\"afmProduct-items-price-container col-md-12\"><span id=\"spanDiscount\" class=\"afm-ProductItemPromo\"><span class=\"afm-discount\"><strong id=\"strongOff\"><span id=\"spanLess\" class=\"less\">-<\/span><span class=\"amount\" id=\"spanPercentage\">60<\/span><span class=\"percent\">%<\/span><\/strong><\/span><\/span><span class=\"afm-ProductItemPrice afm-PLPPrice\">39\u20ac99<span id=\"spanPriceBefore\" class=\"afm-ProductItemPriceBase\">99\u20ac98<\/span><\/span><\/div><div class=\"afmProduct-items-cart\"><div class=\"afmProduct-BuyNow-Button\">J'AJOUTE AU PANIER<\/div><\/div><div class=\"afmProduct-items-sku\"> <\/div><\/div><\/a><\/div><\/div><\/div>\n<\/div>\n\t\t\t\t\t\t<\/div>\n\t\t\t\t<\/div>\n\t\t\t\t\t<\/div>\n\t\t<\/div>\n\t\t\t\t\t<\/div>\n\t\t<\/section>\n\t\t\t\t<section class=\"elementor-section elementor-top-section elementor-element elementor-element-1cf132d2 elementor-section-boxed elementor-section-height-default elementor-section-height-default\" data-id=\"1cf132d2\" data-element_type=\"section\">\n\t\t\t\t\t\t<div class=\"elementor-container elementor-column-gap-default\">\n\t\t\t\t\t<div class=\"elementor-column elementor-col-100 elementor-top-column elementor-element elementor-element-62f4b95e\" data-id=\"62f4b95e\" data-element_type=\"column\">\n\t\t\t<div class=\"elementor-widget-wrap elementor-element-populated\">\n\t\t\t\t\t\t<div class=\"elementor-element elementor-element-288a0547 elementor-widget elementor-widget-heading\" data-id=\"288a0547\" data-element_type=\"widget\" data-widget_type=\"heading.default\">\n\t\t\t\t<div class=\"elementor-widget-container\">\n\t\t\t\t\t<h3 class=\"elementor-heading-title elementor-size-default\">Le pantalon transformable<\/h3>\t\t\t\t<\/div>\n\t\t\t\t<\/div>\n\t\t\t\t<div class=\"elementor-element elementor-element-f61f71f elementor-widget elementor-widget-text-editor\" data-id=\"f61f71f\" data-element_type=\"widget\" data-widget_type=\"text-editor.default\">\n\t\t\t\t<div class=\"elementor-widget-container\">\n\t\t\t\t\t\t\t\t\t<p>S\u2019il fait chaud, vous pouvez opter pour un <a href=\"https:\/\/www.atlasformen.fr\/rechercher\/pantalon%20transformable.aspx\" target=\"_blank\" rel=\"noopener\"><strong><span style=\"text-decoration: underline;\">pantalon 2 en 1, <\/span><\/strong><\/a>\u00e0 porter en version de longueur classique ou en pantacourt. Un <strong>zip<\/strong> positionn\u00e9 <strong>sur chaque jambe<\/strong> permet en effet de le transformer facilement. Les <strong>occasions de l\u2019utiliser<\/strong> sont <strong>multiples\u00a0:<\/strong> selon l\u2019exposition au soleil ou le niveau de fra\u00eecheur, la pr\u00e9sence d\u2019insectes durant votre balade ou la qualit\u00e9 du terrain qui risque de vous battre les jambes, vous pouvez d\u00e9cider de marcher les jambes \u00e0 l\u2019air ou au contraire de les prot\u00e9ger. Un simple zip et le tour est jou\u00e9 !<\/p>\t\t\t\t\t\t\t\t<\/div>\n\t\t\t\t<\/div>\n\t\t\t\t<div class=\"elementor-element elementor-element-2b2743a elementor-widget elementor-widget-heading\" data-id=\"2b2743a\" data-element_type=\"widget\" data-widget_type=\"heading.default\">\n\t\t\t\t<div class=\"elementor-widget-container\">\n\t\t\t\t\t<h3 class=\"elementor-heading-title elementor-size-default\">Le bermuda <\/h3>\t\t\t\t<\/div>\n\t\t\t\t<\/div>\n\t\t\t\t<div class=\"elementor-element elementor-element-f6203d8 elementor-widget elementor-widget-text-editor\" data-id=\"f6203d8\" data-element_type=\"widget\" data-widget_type=\"text-editor.default\">\n\t\t\t\t<div class=\"elementor-widget-container\">\n\t\t\t\t\t\t\t\t\t<p>Pour la <strong>randonn\u00e9e estivale, <\/strong>plusieurs situations permettent de marcher en bermuda. Pourquoi en effet s\u2019encombrer d\u2019un pantalon en montagne, \u00e0 la campagne ou en bord de mer si les conditions m\u00e9t\u00e9o sont favorables ?<\/p>\t\t\t\t\t\t\t\t<\/div>\n\t\t\t\t<\/div>\n\t\t\t\t<div class=\"elementor-element elementor-element-b337fad elementor-widget elementor-widget-image\" data-id=\"b337fad\" data-element_type=\"widget\" data-widget_type=\"image.default\">\n\t\t\t\t<div class=\"elementor-widget-container\">\n\t\t\t\t\t\t\t\t\t\t\t\t\t\t\t<img  decoding=\"async\" width=\"809\" height=\"610\"  src=\"data:image\/gif;base64,R0lGODlhAQABAIAAAAAAAP\/\/\/yH5BAEAAAAALAAAAAABAAEAAAIBRAA7\" data-lazy-src=\"https:\/\/media.atlasformen.com\/blogmedia\/uploads\/2021\/02\/pantalon-rando-bermuda-.jpg\"  class=\"attachment-large size-large wp-image-12121\" alt=\"randonn\u00e9e montagne bermuda sport\" srcset=\"https:\/\/media.atlasformen.com\/blogmedia\/uploads\/2021\/02\/pantalon-rando-bermuda-.jpg 809w, https:\/\/media.atlasformen.com\/blogmedia\/uploads\/2021\/02\/pantalon-rando-bermuda--300x226.jpg 300w, https:\/\/media.atlasformen.com\/blogmedia\/uploads\/2021\/02\/pantalon-rando-bermuda--768x579.jpg 768w, https:\/\/media.atlasformen.com\/blogmedia\/uploads\/2021\/02\/pantalon-rando-bermuda--24x18.jpg 24w, https:\/\/media.atlasformen.com\/blogmedia\/uploads\/2021\/02\/pantalon-rando-bermuda--36x27.jpg 36w, https:\/\/media.atlasformen.com\/blogmedia\/uploads\/2021\/02\/pantalon-rando-bermuda--48x36.jpg 48w\" sizes=\"(max-width: 809px) 100vw, 809px\" \/><noscript><img  decoding=\"async\" width=\"809\" height=\"610\"  src=\"https:\/\/media.atlasformen.com\/blogmedia\/uploads\/2021\/02\/pantalon-rando-bermuda-.jpg\"  class=\"attachment-large size-large wp-image-12121\" alt=\"randonn\u00e9e montagne bermuda sport\" srcset=\"https:\/\/media.atlasformen.com\/blogmedia\/uploads\/2021\/02\/pantalon-rando-bermuda-.jpg 809w, https:\/\/media.atlasformen.com\/blogmedia\/uploads\/2021\/02\/pantalon-rando-bermuda--300x226.jpg 300w, https:\/\/media.atlasformen.com\/blogmedia\/uploads\/2021\/02\/pantalon-rando-bermuda--768x579.jpg 768w, https:\/\/media.atlasformen.com\/blogmedia\/uploads\/2021\/02\/pantalon-rando-bermuda--24x18.jpg 24w, https:\/\/media.atlasformen.com\/blogmedia\/uploads\/2021\/02\/pantalon-rando-bermuda--36x27.jpg 36w, https:\/\/media.atlasformen.com\/blogmedia\/uploads\/2021\/02\/pantalon-rando-bermuda--48x36.jpg 48w\" sizes=\"(max-width: 809px) 100vw, 809px\" \/><\/noscript>\t\t\t\t\t\t\t\t\t\t\t\t\t\t\t<\/div>\n\t\t\t\t<\/div>\n\t\t\t\t<div class=\"elementor-element elementor-element-8093a26 elementor-widget elementor-widget-text-editor\" data-id=\"8093a26\" data-element_type=\"widget\" data-widget_type=\"text-editor.default\">\n\t\t\t\t<div class=\"elementor-widget-container\">\n\t\t\t\t\t\t\t\t\t<p>\u00a0Si le <strong>terrain<\/strong> est <strong>d\u00e9gag\u00e9<\/strong> et ne comporte <strong>pas de danger potentiel<\/strong> (v\u00e9g\u00e9tation haute, reptiles ou insectes), le <a href=\"https:\/\/www.atlasformen.fr\/homme\/vetements\/bermudas\/bermudas-cargo-11001.aspx\" target=\"_blank\" rel=\"noopener\"><strong><span style=\"text-decoration: underline;\">bermuda<\/span><\/strong> <\/a>peut s\u2019av\u00e9rer tr\u00e8s agr\u00e9able. Il peut \u00eatre int\u00e9ressant de privil\u00e9gier les mod\u00e8les cargo, toujours ultra pratiques avec leurs poches multiples. Les coloris et motifs, du beige au kaki en passant par le jean d\u00e9lav\u00e9, les carreaux ou l\u2019imprim\u00e9 camouflage, s\u2019adaptent parfaitement aux conditions d\u2019une promenade sportive.\u00a0<\/p>\t\t\t\t\t\t\t\t<\/div>\n\t\t\t\t<\/div>\n\t\t\t\t<div class=\"elementor-element elementor-element-2c5886e3 elementor-widget elementor-widget-shortcode\" data-id=\"2c5886e3\" data-element_type=\"widget\" data-widget_type=\"shortcode.default\">\n\t\t\t\t<div class=\"elementor-widget-container\">\n\t\t\t\t\t\t\t<div class=\"elementor-shortcode\"><div class=\"afmProductSlider-Container\"><div class=\"afmProductSlider-arrows-container clearfix\"><div class=\"afmArrow-prev\"><\/div><div class=\"afmArrow-next\"><\/div><\/div><div class=\"afmProductSlider \"><div class=\"afmProduct\"><a class=\"clearfix\" href=\"\/products\/homme\/vetements\/shorts\/shorts-cargo\/le-lot-de-2-bermudas-cargo-en-jean-stretch\/r5134.aspx\" target=\"_blank\" ><div class=\"afmProductImageContainer\"><img  decoding=\"async\" alt=\"ProductTest01\"  src=\"data:image\/gif;base64,R0lGODlhAQABAIAAAAAAAP\/\/\/yH5BAEAAAAALAAAAAABAAEAAAIBRAA7\" data-lazy-src=\"https:\/\/media.atlasformen.com\/webmedia\/1080by1242\/92\/1d\/50\/921d50b8497325ec3652bf0a97024ee2.jpg?w=356\" \/><noscript><img  decoding=\"async\" alt=\"ProductTest01\"  src=\"https:\/\/media.atlasformen.com\/webmedia\/1080by1242\/92\/1d\/50\/921d50b8497325ec3652bf0a97024ee2.jpg?w=356\" \/><\/noscript><\/div><div class=\"afmProductInformationContainer\"><div class=\"afmProduct-items-title\"><span>Le Lot de 2 Bermudas Cargo en Jean Stretch<\/span><\/div><div class=\"afmProduct-items-tag\"><\/div><div class=\"afmProduct-items-price-container col-md-12\"><span id=\"spanDiscount\" class=\"afm-ProductItemPromo\"><span class=\"afm-discount\"><strong id=\"strongOff\"><span id=\"spanLess\" class=\"less\">-<\/span><span class=\"amount\" id=\"spanPercentage\">63<\/span><span class=\"percent\">%<\/span><\/strong><\/span><\/span><span class=\"afm-ProductItemPrice afm-PLPPrice\">26\u20ac99<span id=\"spanPriceBefore\" class=\"afm-ProductItemPriceBase\">74\u20ac90<\/span><\/span><\/div><div class=\"afmProduct-items-cart\"><div class=\"afmProduct-BuyNow-Button\">J'AJOUTE AU PANIER<\/div><\/div><div class=\"afmProduct-items-sku\"> <\/div><\/div><\/a><\/div><div class=\"afmProduct\"><a class=\"clearfix\" href=\"\/products\/homme\/vetements\/shorts\/shorts-cargo\/le-bermuda-cargo-imprime-feuillages\/r3118.aspx\" target=\"_blank\" ><div class=\"afmProductImageContainer\"><img  decoding=\"async\" alt=\"ProductTest01\"  src=\"data:image\/gif;base64,R0lGODlhAQABAIAAAAAAAP\/\/\/yH5BAEAAAAALAAAAAABAAEAAAIBRAA7\" data-lazy-src=\"https:\/\/media.atlasformen.com\/webmedia\/1080by1242\/83\/4c\/5e\/834c5e33f7832baa768c7eb5773bc461.jpg?w=356\" \/><noscript><img  decoding=\"async\" alt=\"ProductTest01\"  src=\"https:\/\/media.atlasformen.com\/webmedia\/1080by1242\/83\/4c\/5e\/834c5e33f7832baa768c7eb5773bc461.jpg?w=356\" \/><\/noscript><\/div><div class=\"afmProductInformationContainer\"><div class=\"afmProduct-items-title\"><span>Le Bermuda Cargo Imprim\u00e9 Feuillages<\/span><\/div><div class=\"afmProduct-items-tag\"><\/div><div class=\"afmProduct-items-price-container col-md-12\"><span id=\"spanDiscount\" class=\"afm-ProductItemPromo\"><span class=\"afm-discount\"><strong id=\"strongOff\"><span id=\"spanLess\" class=\"less\">-<\/span><span class=\"amount\" id=\"spanPercentage\">62<\/span><span class=\"percent\">%<\/span><\/strong><\/span><\/span><span class=\"afm-ProductItemPrice afm-PLPPrice\">15\u20ac99<span id=\"spanPriceBefore\" class=\"afm-ProductItemPriceBase\">42\u20ac90<\/span><\/span><\/div><div class=\"afmProduct-items-cart\"><div class=\"afmProduct-BuyNow-Button\">J'AJOUTE AU PANIER<\/div><\/div><div class=\"afmProduct-items-sku\"> <\/div><\/div><\/a><\/div><div class=\"afmProduct\"><a class=\"clearfix\" href=\"\/products\/homme\/vetements\/shorts\/shorts-cargo\/le-bermuda-cargo-a-carreaux-bleus\/r3125.aspx\" target=\"_blank\" ><div class=\"afmProductImageContainer\"><img  decoding=\"async\" alt=\"ProductTest01\"  src=\"data:image\/gif;base64,R0lGODlhAQABAIAAAAAAAP\/\/\/yH5BAEAAAAALAAAAAABAAEAAAIBRAA7\" data-lazy-src=\"https:\/\/media.atlasformen.com\/webmedia\/1080by1242\/c3\/ac\/b9\/c3acb95859c0affe1541c734a2a01f83.jpg?w=356\" \/><noscript><img  decoding=\"async\" alt=\"ProductTest01\"  src=\"https:\/\/media.atlasformen.com\/webmedia\/1080by1242\/c3\/ac\/b9\/c3acb95859c0affe1541c734a2a01f83.jpg?w=356\" \/><\/noscript><\/div><div class=\"afmProductInformationContainer\"><div class=\"afmProduct-items-title\"><span>Le Bermuda Cargo \u00e0 Carreaux Bleus<\/span><\/div><div class=\"afmProduct-items-tag\"><\/div><div class=\"afmProduct-items-price-container col-md-12\"><span id=\"spanDiscount\" class=\"afm-ProductItemPromo\"><span class=\"afm-discount\"><strong id=\"strongOff\"><span id=\"spanLess\" class=\"less\">-<\/span><span class=\"amount\" id=\"spanPercentage\">60<\/span><span class=\"percent\">%<\/span><\/strong><\/span><\/span><span class=\"afm-ProductItemPrice afm-PLPPrice\">16\u20ac99<span id=\"spanPriceBefore\" class=\"afm-ProductItemPriceBase\">42\u20ac90<\/span><\/span><\/div><div class=\"afmProduct-items-cart\"><div class=\"afmProduct-BuyNow-Button\">J'AJOUTE AU PANIER<\/div><\/div><div class=\"afmProduct-items-sku\"> <\/div><\/div><\/a><\/div><div class=\"afmProduct\"><a class=\"clearfix\" href=\"\/products\/homme\/vetements\/shorts\/shorts-cargo\/le-bermuda-cargo-en-jean-stretch\/r2140.aspx\" target=\"_blank\" ><div class=\"afmProductImageContainer\"><img  decoding=\"async\" alt=\"ProductTest01\"  src=\"data:image\/gif;base64,R0lGODlhAQABAIAAAAAAAP\/\/\/yH5BAEAAAAALAAAAAABAAEAAAIBRAA7\" data-lazy-src=\"https:\/\/media.atlasformen.com\/webmedia\/1080by1242\/69\/29\/b6\/6929b633c1d724ee923fb6d7e6f9ccef.jpg?w=356\" \/><noscript><img  decoding=\"async\" alt=\"ProductTest01\"  src=\"https:\/\/media.atlasformen.com\/webmedia\/1080by1242\/69\/29\/b6\/6929b633c1d724ee923fb6d7e6f9ccef.jpg?w=356\" \/><\/noscript><\/div><div class=\"afmProductInformationContainer\"><div class=\"afmProduct-items-title\"><span>Le Bermuda Cargo en Jean Stretch<\/span><\/div><div class=\"afmProduct-items-tag\"><\/div><div class=\"afmProduct-items-price-container col-md-12\"><span id=\"spanDiscount\" class=\"afm-ProductItemPromo\"><span class=\"afm-discount\"><strong id=\"strongOff\"><span id=\"spanLess\" class=\"less\">-<\/span><span class=\"amount\" id=\"spanPercentage\">62<\/span><span class=\"percent\">%<\/span><\/strong><\/span><\/span><span class=\"afm-ProductItemPrice afm-PLPPrice\">16\u20ac99<span id=\"spanPriceBefore\" class=\"afm-ProductItemPriceBase\">44\u20ac90<\/span><\/span><\/div><div class=\"afmProduct-items-cart\"><div class=\"afmProduct-BuyNow-Button\">J'AJOUTE AU PANIER<\/div><\/div><div class=\"afmProduct-items-sku\"> <\/div><\/div><\/a><\/div><div class=\"afmProduct\"><a class=\"clearfix\" href=\"\/products\/homme\/vetements\/shorts\/shorts-cargo\/le-bermuda-detente-cargo-hawai\/r2118.aspx\" target=\"_blank\" ><div class=\"afmProductImageContainer\"><img  decoding=\"async\" alt=\"ProductTest01\"  src=\"data:image\/gif;base64,R0lGODlhAQABAIAAAAAAAP\/\/\/yH5BAEAAAAALAAAAAABAAEAAAIBRAA7\" data-lazy-src=\"https:\/\/media.atlasformen.com\/webmedia\/1080by1242\/ff\/d8\/1a\/ffd81ae2378eac230c6ad3f1d25791d5.jpg?w=356\" \/><noscript><img  decoding=\"async\" alt=\"ProductTest01\"  src=\"https:\/\/media.atlasformen.com\/webmedia\/1080by1242\/ff\/d8\/1a\/ffd81ae2378eac230c6ad3f1d25791d5.jpg?w=356\" \/><\/noscript><\/div><div class=\"afmProductInformationContainer\"><div class=\"afmProduct-items-title\"><span>Le Bermuda D\u00e9tente Cargo Hawa\u00ef<\/span><\/div><div class=\"afmProduct-items-tag\"><\/div><div class=\"afmProduct-items-price-container col-md-12\"><span id=\"spanDiscount\" class=\"afm-ProductItemPromo\"><span class=\"afm-discount\"><strong id=\"strongOff\"><span id=\"spanLess\" class=\"less\">-<\/span><span class=\"amount\" id=\"spanPercentage\">62<\/span><span class=\"percent\">%<\/span><\/strong><\/span><\/span><span class=\"afm-ProductItemPrice afm-PLPPrice\">16\u20ac99<span id=\"spanPriceBefore\" class=\"afm-ProductItemPriceBase\">44\u20ac90<\/span><\/span><\/div><div class=\"afmProduct-items-cart\"><div class=\"afmProduct-BuyNow-Button\">J'AJOUTE AU PANIER<\/div><\/div><div class=\"afmProduct-items-sku\"> <\/div><\/div><\/a><\/div><div class=\"afmProduct\"><a class=\"clearfix\" href=\"\/products\/homme\/vetements\/shorts\/shorts-cargo\/short-marine-homme-petrol-industries-cargo-1\/1284181.aspx\" target=\"_blank\" ><div class=\"afmProductImageContainer\"><img  decoding=\"async\" alt=\"ProductTest01\"  src=\"data:image\/gif;base64,R0lGODlhAQABAIAAAAAAAP\/\/\/yH5BAEAAAAALAAAAAABAAEAAAIBRAA7\" data-lazy-src=\"https:\/\/media.atlasformen.com\/webmedia\/1080by1242\/23\/B5\/31\/23B5315D5692A63CBD9431BF865E82C5B27BEF53691DB00D697A62AED74B2F60.jpg?w=356\" \/><noscript><img  decoding=\"async\" alt=\"ProductTest01\"  src=\"https:\/\/media.atlasformen.com\/webmedia\/1080by1242\/23\/B5\/31\/23B5315D5692A63CBD9431BF865E82C5B27BEF53691DB00D697A62AED74B2F60.jpg?w=356\" \/><\/noscript><\/div><div class=\"afmProductInformationContainer\"><div class=\"afmProduct-items-title\"><span>Short marine homme petrol industries cargo 1<\/span><\/div><div class=\"afmProduct-items-tag\"><\/div><div class=\"afmProduct-items-price-container col-md-12\"><span id=\"spanDiscount\" class=\"afm-ProductItemPromo\"><span class=\"afm-discount\"><strong id=\"strongOff\"><span id=\"spanLess\" class=\"less\">-<\/span><span class=\"amount\" id=\"spanPercentage\">21<\/span><span class=\"percent\">%<\/span><\/strong><\/span><\/span><span class=\"afm-ProductItemPrice afm-PLPPrice\">35\u20ac99<span id=\"spanPriceBefore\" class=\"afm-ProductItemPriceBase\">45\u20ac99<\/span><\/span><\/div><div class=\"afmProduct-items-cart\"><div class=\"afmProduct-BuyNow-Button\">J'AJOUTE AU PANIER<\/div><\/div><div class=\"afmProduct-items-sku\"> <\/div><\/div><\/a><\/div><div class=\"afmProduct\"><a class=\"clearfix\" href=\"\/products\/homme\/vetements\/shorts\/shorts-cargo\/short-noir-homme-schott-cargo\/783087.aspx\" target=\"_blank\" ><div class=\"afmProductImageContainer\"><img  decoding=\"async\" alt=\"ProductTest01\"  src=\"data:image\/gif;base64,R0lGODlhAQABAIAAAAAAAP\/\/\/yH5BAEAAAAALAAAAAABAAEAAAIBRAA7\" data-lazy-src=\"https:\/\/media.atlasformen.com\/webmedia\/1080by1242\/80\/28\/AB\/8028AB832F8A82D1606458E2BA01E583E392B526C55640DCFE5990DE71BBFFA1.jpg?w=356\" \/><noscript><img  decoding=\"async\" alt=\"ProductTest01\"  src=\"https:\/\/media.atlasformen.com\/webmedia\/1080by1242\/80\/28\/AB\/8028AB832F8A82D1606458E2BA01E583E392B526C55640DCFE5990DE71BBFFA1.jpg?w=356\" \/><\/noscript><\/div><div class=\"afmProductInformationContainer\"><div class=\"afmProduct-items-title\"><span>Short noir homme schott cargo<\/span><\/div><div class=\"afmProduct-items-tag\"><\/div><div class=\"afmProduct-items-price-container col-md-12\"><span id=\"spanDiscount\" class=\"afm-ProductItemPromo\"><span class=\"afm-discount\"><strong id=\"strongOff\"><span id=\"spanLess\" class=\"less\">-<\/span><span class=\"amount\" id=\"spanPercentage\">43<\/span><span class=\"percent\">%<\/span><\/strong><\/span><\/span><span class=\"afm-ProductItemPrice afm-PLPPrice\">47\u20ac99<span id=\"spanPriceBefore\" class=\"afm-ProductItemPriceBase\">85\u20ac00<\/span><\/span><\/div><div class=\"afmProduct-items-cart\"><div class=\"afmProduct-BuyNow-Button\">J'AJOUTE AU PANIER<\/div><\/div><div class=\"afmProduct-items-sku\"> <\/div><\/div><\/a><\/div><div class=\"afmProduct\"><a class=\"clearfix\" href=\"\/products\/homme\/vetements\/shorts\/shorts-cargo\/short-vert-homme-petrol-industries-cargo-1\/1284182.aspx\" target=\"_blank\" ><div class=\"afmProductImageContainer\"><img  decoding=\"async\" alt=\"ProductTest01\"  src=\"data:image\/gif;base64,R0lGODlhAQABAIAAAAAAAP\/\/\/yH5BAEAAAAALAAAAAABAAEAAAIBRAA7\" data-lazy-src=\"https:\/\/media.atlasformen.com\/webmedia\/1080by1242\/AF\/25\/5A\/AF255A1BE040BFC5AF894AD905E760176C1E3614587E8DCF17DC1BD6DDD08DA4.jpg?w=356\" \/><noscript><img  decoding=\"async\" alt=\"ProductTest01\"  src=\"https:\/\/media.atlasformen.com\/webmedia\/1080by1242\/AF\/25\/5A\/AF255A1BE040BFC5AF894AD905E760176C1E3614587E8DCF17DC1BD6DDD08DA4.jpg?w=356\" \/><\/noscript><\/div><div class=\"afmProductInformationContainer\"><div class=\"afmProduct-items-title\"><span>Short vert  homme petrol industries cargo 1<\/span><\/div><div class=\"afmProduct-items-tag\"><\/div><div class=\"afmProduct-items-price-container col-md-12\"><span id=\"spanDiscount\" class=\"afm-ProductItemPromo\"><span class=\"afm-discount\"><strong id=\"strongOff\"><span id=\"spanLess\" class=\"less\">-<\/span><span class=\"amount\" id=\"spanPercentage\">21<\/span><span class=\"percent\">%<\/span><\/strong><\/span><\/span><span class=\"afm-ProductItemPrice afm-PLPPrice\">35\u20ac99<span id=\"spanPriceBefore\" class=\"afm-ProductItemPriceBase\">45\u20ac99<\/span><\/span><\/div><div class=\"afmProduct-items-cart\"><div class=\"afmProduct-BuyNow-Button\">J'AJOUTE AU PANIER<\/div><\/div><div class=\"afmProduct-items-sku\"> <\/div><\/div><\/a><\/div><div class=\"afmProduct\"><a class=\"clearfix\" href=\"\/products\/homme\/vetements\/shorts\/shorts-cargo\/short-cargo-ecoresponsable-homme-pat717-noir\/1066971.aspx\" target=\"_blank\" ><div class=\"afmProductImageContainer\"><img  decoding=\"async\" alt=\"ProductTest01\"  src=\"data:image\/gif;base64,R0lGODlhAQABAIAAAAAAAP\/\/\/yH5BAEAAAAALAAAAAABAAEAAAIBRAA7\" data-lazy-src=\"https:\/\/media.atlasformen.com\/webmedia\/1080by1242\/2C\/52\/BA\/2C52BA40F20898A006D139E5D1B712275811977F384F1CE764EA4DF775D66887.jpg?w=356\" \/><noscript><img  decoding=\"async\" alt=\"ProductTest01\"  src=\"https:\/\/media.atlasformen.com\/webmedia\/1080by1242\/2C\/52\/BA\/2C52BA40F20898A006D139E5D1B712275811977F384F1CE764EA4DF775D66887.jpg?w=356\" \/><\/noscript><\/div><div class=\"afmProductInformationContainer\"><div class=\"afmProduct-items-title\"><span>Short cargo \u00e9coresponsable - Homme - PAT717 - noir<\/span><\/div><div class=\"afmProduct-items-tag\"><\/div><div class=\"afmProduct-items-price-container col-md-12\"><span id=\"spanDiscount\" class=\"afm-ProductItemPromo\"><span class=\"afm-discount\"><strong id=\"strongOff\"><span id=\"spanLess\" class=\"less\">-<\/span><span class=\"amount\" id=\"spanPercentage\">40<\/span><span class=\"percent\">%<\/span><\/strong><\/span><\/span><span class=\"afm-ProductItemPrice afm-PLPPrice\">53\u20ac99<span id=\"spanPriceBefore\" class=\"afm-ProductItemPriceBase\">89\u20ac99<\/span><\/span><\/div><div class=\"afmProduct-items-cart\"><div class=\"afmProduct-BuyNow-Button\">J'AJOUTE AU PANIER<\/div><\/div><div class=\"afmProduct-items-sku\"> <\/div><\/div><\/a><\/div><div class=\"afmProduct\"><a class=\"clearfix\" href=\"\/products\/homme\/vetements\/shorts\/shorts-cargo\/short-beige-homme-petrol-industries-cargo-1\/1284183.aspx\" target=\"_blank\" ><div class=\"afmProductImageContainer\"><img  decoding=\"async\" alt=\"ProductTest01\"  src=\"data:image\/gif;base64,R0lGODlhAQABAIAAAAAAAP\/\/\/yH5BAEAAAAALAAAAAABAAEAAAIBRAA7\" data-lazy-src=\"https:\/\/media.atlasformen.com\/webmedia\/1080by1242\/4E\/72\/92\/4E72922E1BB7B847C145CFF5A2E8DCD8488B58665E365B305AFA9C969FDA6639.jpg?w=356\" \/><noscript><img  decoding=\"async\" alt=\"ProductTest01\"  src=\"https:\/\/media.atlasformen.com\/webmedia\/1080by1242\/4E\/72\/92\/4E72922E1BB7B847C145CFF5A2E8DCD8488B58665E365B305AFA9C969FDA6639.jpg?w=356\" \/><\/noscript><\/div><div class=\"afmProductInformationContainer\"><div class=\"afmProduct-items-title\"><span>Short beige  homme petrol industries cargo 1<\/span><\/div><div class=\"afmProduct-items-tag\"><\/div><div class=\"afmProduct-items-price-container col-md-12\"><span id=\"spanDiscount\" class=\"afm-ProductItemPromo\"><span class=\"afm-discount\"><strong id=\"strongOff\"><span id=\"spanLess\" class=\"less\">-<\/span><span class=\"amount\" id=\"spanPercentage\">21<\/span><span class=\"percent\">%<\/span><\/strong><\/span><\/span><span class=\"afm-ProductItemPrice afm-PLPPrice\">35\u20ac99<span id=\"spanPriceBefore\" class=\"afm-ProductItemPriceBase\">45\u20ac99<\/span><\/span><\/div><div class=\"afmProduct-items-cart\"><div class=\"afmProduct-BuyNow-Button\">J'AJOUTE AU PANIER<\/div><\/div><div class=\"afmProduct-items-sku\"> <\/div><\/div><\/a><\/div><\/div><\/div><\/div>\n\t\t\t\t\t\t<\/div>\n\t\t\t\t<\/div>\n\t\t\t\t<div class=\"elementor-element elementor-element-f3d3582 elementor-widget elementor-widget-text-editor\" data-id=\"f3d3582\" data-element_type=\"widget\" data-widget_type=\"text-editor.default\">\n\t\t\t\t<div class=\"elementor-widget-container\">\n\t\t\t\t\t\t\t\t\t<p>Et si vous \u00eates \u00e0 la recherche d&#8217;id\u00e9es d&#8217;escapades, d\u00e9couvrez notre article <a href=\"https:\/\/www.atlasformen.fr\/blog\/bouger\/randonnee\/itineraires-randonnee-france-ete\/\" target=\"_blank\" rel=\"noopener\"><span style=\"text-decoration: underline;\"><strong>4 balades et randonn\u00e9es \u00e0 faire en France<\/strong><\/span>.<\/a><\/p>\t\t\t\t\t\t\t\t<\/div>\n\t\t\t\t<\/div>\n\t\t\t\t\t<\/div>\n\t\t<\/div>\n\t\t\t\t\t<\/div>\n\t\t<\/section>\n\t\t\t\t<section class=\"elementor-section elementor-top-section elementor-element elementor-element-62f4f08c elementor-section-boxed elementor-section-height-default elementor-section-height-default\" data-id=\"62f4f08c\" data-element_type=\"section\">\n\t\t\t\t\t\t<div class=\"elementor-container elementor-column-gap-default\">\n\t\t\t\t\t<div class=\"elementor-column elementor-col-100 elementor-top-column elementor-element elementor-element-3528633b\" data-id=\"3528633b\" data-element_type=\"column\">\n\t\t\t<div class=\"elementor-widget-wrap elementor-element-populated\">\n\t\t\t\t\t\t<div class=\"elementor-element elementor-element-994833b elementor-widget elementor-widget-heading\" data-id=\"994833b\" data-element_type=\"widget\" data-widget_type=\"heading.default\">\n\t\t\t\t<div class=\"elementor-widget-container\">\n\t\t\t\t\t<h2 class=\"elementor-heading-title elementor-size-default\">Quelle mati\u00e8re choisir pour mon pantalon de randonn\u00e9e ?<\/h2>\t\t\t\t<\/div>\n\t\t\t\t<\/div>\n\t\t\t\t<div class=\"elementor-element elementor-element-4f98303 elementor-widget elementor-widget-text-editor\" data-id=\"4f98303\" data-element_type=\"widget\" data-widget_type=\"text-editor.default\">\n\t\t\t\t<div class=\"elementor-widget-container\">\n\t\t\t\t\t\t\t\t\t<p><strong>Selon le type de randonn\u00e9e<\/strong> envisag\u00e9e, <strong>les besoins<\/strong> du marcheur <strong>diff\u00e8rent.<\/strong> Votre pantalon doit-il vous prot\u00e9ger du froid ? de la pluie ? du soleil ? La solidit\u00e9 est-elle un crit\u00e8re\u00a0? Pr\u00e9f\u00e9rez-vous les toiles \u00e9paisses ou les textiles l\u00e9gers\u00a0?<\/p>\t\t\t\t\t\t\t\t<\/div>\n\t\t\t\t<\/div>\n\t\t\t\t<section class=\"elementor-section elementor-inner-section elementor-element elementor-element-bc1ca82 elementor-section-boxed elementor-section-height-default elementor-section-height-default\" data-id=\"bc1ca82\" data-element_type=\"section\">\n\t\t\t\t\t\t<div class=\"elementor-container elementor-column-gap-default\">\n\t\t\t\t\t<div class=\"elementor-column elementor-col-50 elementor-inner-column elementor-element elementor-element-64f249ad\" data-id=\"64f249ad\" data-element_type=\"column\">\n\t\t\t<div class=\"elementor-widget-wrap elementor-element-populated\">\n\t\t\t\t\t\t<div class=\"elementor-element elementor-element-35ccd457 elementor-widget elementor-widget-image\" data-id=\"35ccd457\" data-element_type=\"widget\" data-widget_type=\"image.default\">\n\t\t\t\t<div class=\"elementor-widget-container\">\n\t\t\t\t\t\t\t\t\t\t\t\t\t\t\t<img  decoding=\"async\" width=\"749\" height=\"1024\"  src=\"data:image\/gif;base64,R0lGODlhAQABAIAAAAAAAP\/\/\/yH5BAEAAAAALAAAAAABAAEAAAIBRAA7\" data-lazy-src=\"https:\/\/media.atlasformen.com\/blogmedia\/uploads\/2021\/02\/pantalon-cargo-randonn\u00e9e-2-749x1024.jpg\"  class=\"attachment-large size-large wp-image-12131\" alt=\"montagne homme pantalon cargo\" srcset=\"https:\/\/media.atlasformen.com\/blogmedia\/uploads\/2021\/02\/pantalon-cargo-randonn\u00e9e-2-749x1024.jpg 749w, https:\/\/media.atlasformen.com\/blogmedia\/uploads\/2021\/02\/pantalon-cargo-randonn\u00e9e-2-219x300.jpg 219w, https:\/\/media.atlasformen.com\/blogmedia\/uploads\/2021\/02\/pantalon-cargo-randonn\u00e9e-2-768x1050.jpg 768w, https:\/\/media.atlasformen.com\/blogmedia\/uploads\/2021\/02\/pantalon-cargo-randonn\u00e9e-2-18x24.jpg 18w, https:\/\/media.atlasformen.com\/blogmedia\/uploads\/2021\/02\/pantalon-cargo-randonn\u00e9e-2-26x36.jpg 26w, https:\/\/media.atlasformen.com\/blogmedia\/uploads\/2021\/02\/pantalon-cargo-randonn\u00e9e-2-35x48.jpg 35w, https:\/\/media.atlasformen.com\/blogmedia\/uploads\/2021\/02\/pantalon-cargo-randonn\u00e9e-2.jpg 1024w\" sizes=\"(max-width: 749px) 100vw, 749px\" \/><noscript><img  decoding=\"async\" width=\"749\" height=\"1024\"  src=\"https:\/\/media.atlasformen.com\/blogmedia\/uploads\/2021\/02\/pantalon-cargo-randonn\u00e9e-2-749x1024.jpg\"  class=\"attachment-large size-large wp-image-12131\" alt=\"montagne homme pantalon cargo\" srcset=\"https:\/\/media.atlasformen.com\/blogmedia\/uploads\/2021\/02\/pantalon-cargo-randonn\u00e9e-2-749x1024.jpg 749w, https:\/\/media.atlasformen.com\/blogmedia\/uploads\/2021\/02\/pantalon-cargo-randonn\u00e9e-2-219x300.jpg 219w, https:\/\/media.atlasformen.com\/blogmedia\/uploads\/2021\/02\/pantalon-cargo-randonn\u00e9e-2-768x1050.jpg 768w, https:\/\/media.atlasformen.com\/blogmedia\/uploads\/2021\/02\/pantalon-cargo-randonn\u00e9e-2-18x24.jpg 18w, https:\/\/media.atlasformen.com\/blogmedia\/uploads\/2021\/02\/pantalon-cargo-randonn\u00e9e-2-26x36.jpg 26w, https:\/\/media.atlasformen.com\/blogmedia\/uploads\/2021\/02\/pantalon-cargo-randonn\u00e9e-2-35x48.jpg 35w, https:\/\/media.atlasformen.com\/blogmedia\/uploads\/2021\/02\/pantalon-cargo-randonn\u00e9e-2.jpg 1024w\" sizes=\"(max-width: 749px) 100vw, 749px\" \/><\/noscript>\t\t\t\t\t\t\t\t\t\t\t\t\t\t\t<\/div>\n\t\t\t\t<\/div>\n\t\t\t\t\t<\/div>\n\t\t<\/div>\n\t\t\t\t<div class=\"elementor-column elementor-col-50 elementor-inner-column elementor-element elementor-element-54c0b8f4\" data-id=\"54c0b8f4\" data-element_type=\"column\">\n\t\t\t<div class=\"elementor-widget-wrap elementor-element-populated\">\n\t\t\t\t\t\t<div class=\"elementor-element elementor-element-4fb612a8 elementor-widget elementor-widget-text-editor\" data-id=\"4fb612a8\" data-element_type=\"widget\" data-widget_type=\"text-editor.default\">\n\t\t\t\t<div class=\"elementor-widget-container\">\n\t\t\t\t\t\t\t\t\t<p>Choisir un pantalon <strong>en mati\u00e8re synth\u00e9tique<\/strong> peut comporter de <strong>nombreux avantages.<\/strong> Le <strong>polyester<\/strong> par exemple, qui entre dans la composition de nombreux mod\u00e8les Atlas For Men en <strong>toile de canvas<\/strong> ou en <strong>microfibre<\/strong> par exemple, poss\u00e8de des qualit\u00e9s de<strong> r\u00e9sistance \u00e0 l\u2019usure<\/strong> av\u00e9r\u00e9es. Votre pantalon supportera mieux les frottements r\u00e9p\u00e9t\u00e9s sur les branchages ou sur les rochers par exemple. De plus, en cas d\u2019effort intense ou de grosse chaleur, ses <strong>fibres respirantes<\/strong> faciliteront l\u2019\u00e9vacuation de la transpiration.<\/p><p>Le <a href=\"https:\/\/www.atlasformen.fr\/homme\/vetements\/joggings-11050.aspx?product=h2129\" target=\"_blank\" rel=\"noopener\"><span style=\"text-decoration: underline;\"><strong>jogging<\/strong><\/span><\/a> microfibre est une bonne alternative au pantalon cargo ou au bermuda, avec son confort et sa souplesse \u00e0 toute \u00e9preuve.\u00a0<\/p>\t\t\t\t\t\t\t\t<\/div>\n\t\t\t\t<\/div>\n\t\t\t\t\t<\/div>\n\t\t<\/div>\n\t\t\t\t\t<\/div>\n\t\t<\/section>\n\t\t\t\t<div class=\"elementor-element elementor-element-27590d0 elementor-widget elementor-widget-shortcode\" data-id=\"27590d0\" data-element_type=\"widget\" data-widget_type=\"shortcode.default\">\n\t\t\t\t<div class=\"elementor-widget-container\">\n\t\t\t\t\t\t\t<div class=\"elementor-shortcode\"><div class=\"afmProductSlider-Container\"><div class=\"afmProductSlider-arrows-container clearfix\"><div class=\"afmArrow-prev\"><\/div><div class=\"afmArrow-next\"><\/div><\/div><div class=\"afmProductSlider \"><div class=\"afmProduct\"><a class=\"clearfix\" href=\"\/products\/homme\/vetements\/pantalons\/pantalons-sport\/le-pantalon-microfibre-sport\/q0142.aspx\" target=\"_blank\" ><div class=\"afmProductImageContainer\"><img  decoding=\"async\" alt=\"ProductTest01\"  src=\"data:image\/gif;base64,R0lGODlhAQABAIAAAAAAAP\/\/\/yH5BAEAAAAALAAAAAABAAEAAAIBRAA7\" data-lazy-src=\"https:\/\/media.atlasformen.com\/webmedia\/1080by1242\/f7\/cc\/ab\/f7ccabf81a3bb52e41dd2489767e52de.jpg?w=356\" \/><noscript><img  decoding=\"async\" alt=\"ProductTest01\"  src=\"https:\/\/media.atlasformen.com\/webmedia\/1080by1242\/f7\/cc\/ab\/f7ccabf81a3bb52e41dd2489767e52de.jpg?w=356\" \/><\/noscript><\/div><div class=\"afmProductInformationContainer\"><div class=\"afmProduct-items-title\"><span>Le Pantalon Microfibre Sport<\/span><\/div><div class=\"afmProduct-items-tag\"><\/div><div class=\"afmProduct-items-price-container col-md-12\"><span id=\"spanDiscount\" class=\"afm-ProductItemPromo\"><span class=\"afm-discount\"><strong id=\"strongOff\"><span id=\"spanLess\" class=\"less\">-<\/span><span class=\"amount\" id=\"spanPercentage\">53<\/span><span class=\"percent\">%<\/span><\/strong><\/span><\/span><span class=\"afm-ProductItemPrice afm-PLPPrice\">14\u20ac99<span id=\"spanPriceBefore\" class=\"afm-ProductItemPriceBase\">31\u20ac90<\/span><\/span><\/div><div class=\"afmProduct-items-cart\"><div class=\"afmProduct-BuyNow-Button\">J'AJOUTE AU PANIER<\/div><\/div><div class=\"afmProduct-items-sku\"> <\/div><\/div><\/a><\/div><div class=\"afmProduct\"><a class=\"clearfix\" href=\"\/products\/homme\/vetements\/pantalons\/pantalons-sport\/lensemble-jogging-microfibre-sport-team\/r2150.aspx\" target=\"_blank\" ><div class=\"afmProductImageContainer\"><img  decoding=\"async\" alt=\"ProductTest01\"  src=\"data:image\/gif;base64,R0lGODlhAQABAIAAAAAAAP\/\/\/yH5BAEAAAAALAAAAAABAAEAAAIBRAA7\" data-lazy-src=\"https:\/\/media.atlasformen.com\/webmedia\/1080by1242\/e6\/f9\/a5\/e6f9a5f5112e9d0c18167f4b02e8a928.jpg?w=356\" \/><noscript><img  decoding=\"async\" alt=\"ProductTest01\"  src=\"https:\/\/media.atlasformen.com\/webmedia\/1080by1242\/e6\/f9\/a5\/e6f9a5f5112e9d0c18167f4b02e8a928.jpg?w=356\" \/><\/noscript><\/div><div class=\"afmProductInformationContainer\"><div class=\"afmProduct-items-title\"><span>L'ensemble Jogging Microfibre Sport Team<\/span><\/div><div class=\"afmProduct-items-tag\"><\/div><div class=\"afmProduct-items-price-container col-md-12\"><span id=\"spanDiscount\" class=\"afm-ProductItemPromo\"><span class=\"afm-discount\"><strong id=\"strongOff\"><span id=\"spanLess\" class=\"less\">-<\/span><span class=\"amount\" id=\"spanPercentage\">53<\/span><span class=\"percent\">%<\/span><\/strong><\/span><\/span><span class=\"afm-ProductItemPrice afm-PLPPrice\">29\u20ac99<span id=\"spanPriceBefore\" class=\"afm-ProductItemPriceBase\">64\u20ac90<\/span><\/span><\/div><div class=\"afmProduct-items-cart\"><div class=\"afmProduct-BuyNow-Button\">J'AJOUTE AU PANIER<\/div><\/div><div class=\"afmProduct-items-sku\"> <\/div><\/div><\/a><\/div><div class=\"afmProduct\"><a class=\"clearfix\" href=\"\/products\/homme\/vetements\/pantalons\/pantalons-cargo\/le-jogging-molleton-cargo\/q8141.aspx\" target=\"_blank\" ><div class=\"afmProductImageContainer\"><img  decoding=\"async\" alt=\"ProductTest01\"  src=\"data:image\/gif;base64,R0lGODlhAQABAIAAAAAAAP\/\/\/yH5BAEAAAAALAAAAAABAAEAAAIBRAA7\" data-lazy-src=\"https:\/\/media.atlasformen.com\/webmedia\/1080by1242\/91\/95\/40\/919540f8ade8d8bc0f7ea1939c1d12f7.jpg?w=356\" \/><noscript><img  decoding=\"async\" alt=\"ProductTest01\"  src=\"https:\/\/media.atlasformen.com\/webmedia\/1080by1242\/91\/95\/40\/919540f8ade8d8bc0f7ea1939c1d12f7.jpg?w=356\" \/><\/noscript><\/div><div class=\"afmProductInformationContainer\"><div class=\"afmProduct-items-title\"><span>Le Jogging Molleton Cargo<\/span><\/div><div class=\"afmProduct-items-tag\"><\/div><div class=\"afmProduct-items-price-container col-md-12\"><span id=\"spanDiscount\" class=\"afm-ProductItemPromo\"><span class=\"afm-discount\"><strong id=\"strongOff\"><span id=\"spanLess\" class=\"less\">-<\/span><span class=\"amount\" id=\"spanPercentage\">52<\/span><span class=\"percent\">%<\/span><\/strong><\/span><\/span><span class=\"afm-ProductItemPrice afm-PLPPrice\">17\u20ac99<span id=\"spanPriceBefore\" class=\"afm-ProductItemPriceBase\">37\u20ac90<\/span><\/span><\/div><div class=\"afmProduct-items-cart\"><div class=\"afmProduct-BuyNow-Button\">J'AJOUTE AU PANIER<\/div><\/div><div class=\"afmProduct-items-sku\"> <\/div><\/div><\/a><\/div><div class=\"afmProduct\"><a class=\"clearfix\" href=\"\/products\/homme\/vetements\/pantalons\/pantalons-taille-elastique\/le-pantalon-jersey-coton-sport-detente\/n0101.aspx\" target=\"_blank\" ><div class=\"afmProductImageContainer\"><img  decoding=\"async\" alt=\"ProductTest01\"  src=\"data:image\/gif;base64,R0lGODlhAQABAIAAAAAAAP\/\/\/yH5BAEAAAAALAAAAAABAAEAAAIBRAA7\" data-lazy-src=\"https:\/\/media.atlasformen.com\/webmedia\/1080by1242\/70\/5b\/2f\/705b2f23775577b368ffd1265f33c57d.jpg?w=356\" \/><noscript><img  decoding=\"async\" alt=\"ProductTest01\"  src=\"https:\/\/media.atlasformen.com\/webmedia\/1080by1242\/70\/5b\/2f\/705b2f23775577b368ffd1265f33c57d.jpg?w=356\" \/><\/noscript><\/div><div class=\"afmProductInformationContainer\"><div class=\"afmProduct-items-title\"><span>Le Pantalon Jersey Coton Sport & D\u00e9tente<\/span><\/div><div class=\"afmProduct-items-tag\"><\/div><div class=\"afmProduct-items-price-container col-md-12\"><span id=\"spanDiscount\" class=\"afm-ProductItemPromo\"><span class=\"afm-discount\"><strong id=\"strongOff\"><span id=\"spanLess\" class=\"less\">-<\/span><span class=\"amount\" id=\"spanPercentage\">53<\/span><span class=\"percent\">%<\/span><\/strong><\/span><\/span><span class=\"afm-ProductItemPrice afm-PLPPrice\">12\u20ac99<span id=\"spanPriceBefore\" class=\"afm-ProductItemPriceBase\">27\u20ac90<\/span><\/span><\/div><div class=\"afmProduct-items-cart\"><div class=\"afmProduct-BuyNow-Button\">J'AJOUTE AU PANIER<\/div><\/div><div class=\"afmProduct-items-sku\"> <\/div><\/div><\/a><\/div><div class=\"afmProduct\"><a class=\"clearfix\" href=\"\/products\/homme\/vetements\/joggings\/le-pantalon-jogging-en-microfibre\/r1150.aspx\" target=\"_blank\" ><div class=\"afmProductImageContainer\"><img  decoding=\"async\" alt=\"ProductTest01\"  src=\"data:image\/gif;base64,R0lGODlhAQABAIAAAAAAAP\/\/\/yH5BAEAAAAALAAAAAABAAEAAAIBRAA7\" data-lazy-src=\"https:\/\/media.atlasformen.com\/webmedia\/1080by1242\/4e\/09\/d0\/4e09d0ec2ac0173c39e4c7c53a406e35.jpg?w=356\" \/><noscript><img  decoding=\"async\" alt=\"ProductTest01\"  src=\"https:\/\/media.atlasformen.com\/webmedia\/1080by1242\/4e\/09\/d0\/4e09d0ec2ac0173c39e4c7c53a406e35.jpg?w=356\" \/><\/noscript><\/div><div class=\"afmProductInformationContainer\"><div class=\"afmProduct-items-title\"><span>Le Pantalon Jogging en Microfibre <\/span><\/div><div class=\"afmProduct-items-tag\"><\/div><div class=\"afmProduct-items-price-container col-md-12\"><span id=\"spanDiscount\" class=\"afm-ProductItemPromo\"><span class=\"afm-discount\"><strong id=\"strongOff\"><span id=\"spanLess\" class=\"less\">-<\/span><span class=\"amount\" id=\"spanPercentage\">53<\/span><span class=\"percent\">%<\/span><\/strong><\/span><\/span><span class=\"afm-ProductItemPrice afm-PLPPrice\">14\u20ac99<span id=\"spanPriceBefore\" class=\"afm-ProductItemPriceBase\">31\u20ac90<\/span><\/span><\/div><div class=\"afmProduct-items-cart\"><div class=\"afmProduct-BuyNow-Button\">J'AJOUTE AU PANIER<\/div><\/div><div class=\"afmProduct-items-sku\"> <\/div><\/div><\/a><\/div><div class=\"afmProduct\"><a class=\"clearfix\" href=\"\/products\/homme\/vetements\/pantalons\/pantalons-sport\/lensemble-jogging-confort\/r0152.aspx\" target=\"_blank\" ><div class=\"afmProductImageContainer\"><img  decoding=\"async\" alt=\"ProductTest01\"  src=\"data:image\/gif;base64,R0lGODlhAQABAIAAAAAAAP\/\/\/yH5BAEAAAAALAAAAAABAAEAAAIBRAA7\" data-lazy-src=\"https:\/\/media.atlasformen.com\/webmedia\/1080by1242\/96\/b3\/80\/96b3808ed84e97a66b987d288ffc9c2a.jpg?w=356\" \/><noscript><img  decoding=\"async\" alt=\"ProductTest01\"  src=\"https:\/\/media.atlasformen.com\/webmedia\/1080by1242\/96\/b3\/80\/96b3808ed84e97a66b987d288ffc9c2a.jpg?w=356\" \/><\/noscript><\/div><div class=\"afmProductInformationContainer\"><div class=\"afmProduct-items-title\"><span>L'Ensemble Jogging Confort<\/span><\/div><div class=\"afmProduct-items-tag\"><\/div><div class=\"afmProduct-items-price-container col-md-12\"><span id=\"spanDiscount\" class=\"afm-ProductItemPromo\"><span class=\"afm-discount\"><strong id=\"strongOff\"><span id=\"spanLess\" class=\"less\">-<\/span><span class=\"amount\" id=\"spanPercentage\">53<\/span><span class=\"percent\">%<\/span><\/strong><\/span><\/span><span class=\"afm-ProductItemPrice afm-PLPPrice\">29\u20ac99<span id=\"spanPriceBefore\" class=\"afm-ProductItemPriceBase\">64\u20ac90<\/span><\/span><\/div><div class=\"afmProduct-items-cart\"><div class=\"afmProduct-BuyNow-Button\">J'AJOUTE AU PANIER<\/div><\/div><div class=\"afmProduct-items-sku\"> <\/div><\/div><\/a><\/div><div class=\"afmProduct\"><a class=\"clearfix\" href=\"\/products\/homme\/vetements\/pantalons\/pantalons-taille-elastique\/le-pantalon-detente-en-coton\/r6102.aspx\" target=\"_blank\" ><div class=\"afmProductImageContainer\"><img  decoding=\"async\" alt=\"ProductTest01\"  src=\"data:image\/gif;base64,R0lGODlhAQABAIAAAAAAAP\/\/\/yH5BAEAAAAALAAAAAABAAEAAAIBRAA7\" data-lazy-src=\"https:\/\/media.atlasformen.com\/webmedia\/1080by1242\/dc\/5b\/6e\/dc5b6edf7eb4b0ebb55ab2bd975346c1.jpg?w=356\" \/><noscript><img  decoding=\"async\" alt=\"ProductTest01\"  src=\"https:\/\/media.atlasformen.com\/webmedia\/1080by1242\/dc\/5b\/6e\/dc5b6edf7eb4b0ebb55ab2bd975346c1.jpg?w=356\" \/><\/noscript><\/div><div class=\"afmProductInformationContainer\"><div class=\"afmProduct-items-title\"><span>Le Pantalon D\u00e9tente en Coton<\/span><\/div><div class=\"afmProduct-items-tag\"><\/div><div class=\"afmProduct-items-price-container col-md-12\"><span id=\"spanDiscount\" class=\"afm-ProductItemPromo\"><span class=\"afm-discount\"><strong id=\"strongOff\"><span id=\"spanLess\" class=\"less\">-<\/span><span class=\"amount\" id=\"spanPercentage\">64<\/span><span class=\"percent\">%<\/span><\/strong><\/span><\/span><span class=\"afm-ProductItemPrice afm-PLPPrice\">9\u20ac99<span id=\"spanPriceBefore\" class=\"afm-ProductItemPriceBase\">27\u20ac90<\/span><\/span><\/div><div class=\"afmProduct-items-cart\"><div class=\"afmProduct-BuyNow-Button\">J'AJOUTE AU PANIER<\/div><\/div><div class=\"afmProduct-items-sku\"> <\/div><\/div><\/a><\/div><div class=\"afmProduct\"><a class=\"clearfix\" href=\"\/products\/homme\/vetements\/joggings\/le-pantalon-de-jogging-molleton\/h3158.aspx\" target=\"_blank\" ><div class=\"afmProductImageContainer\"><img  decoding=\"async\" alt=\"ProductTest01\"  src=\"data:image\/gif;base64,R0lGODlhAQABAIAAAAAAAP\/\/\/yH5BAEAAAAALAAAAAABAAEAAAIBRAA7\" data-lazy-src=\"https:\/\/media.atlasformen.com\/webmedia\/1080by1242\/0f\/6a\/e7\/0f6ae78058d0bc0205c211b8880e949e.jpg?w=356\" \/><noscript><img  decoding=\"async\" alt=\"ProductTest01\"  src=\"https:\/\/media.atlasformen.com\/webmedia\/1080by1242\/0f\/6a\/e7\/0f6ae78058d0bc0205c211b8880e949e.jpg?w=356\" \/><\/noscript><\/div><div class=\"afmProductInformationContainer\"><div class=\"afmProduct-items-title\"><span>Le Pantalon de Jogging Molleton<\/span><\/div><div class=\"afmProduct-items-tag\"><\/div><div class=\"afmProduct-items-price-container col-md-12\"><span id=\"spanDiscount\" class=\"afm-ProductItemPromo\"><span class=\"afm-discount\"><strong id=\"strongOff\"><span id=\"spanLess\" class=\"less\">-<\/span><span class=\"amount\" id=\"spanPercentage\">52<\/span><span class=\"percent\">%<\/span><\/strong><\/span><\/span><span class=\"afm-ProductItemPrice afm-PLPPrice\">17\u20ac99<span id=\"spanPriceBefore\" class=\"afm-ProductItemPriceBase\">37\u20ac90<\/span><\/span><\/div><div class=\"afmProduct-items-cart\"><div class=\"afmProduct-BuyNow-Button\">J'AJOUTE AU PANIER<\/div><\/div><div class=\"afmProduct-items-sku\"> <\/div><\/div><\/a><\/div><div class=\"afmProduct\"><a class=\"clearfix\" href=\"\/products\/homme\/vetements\/pantalons\/pantalons-sport\/le-jogging-microfibre-sport-life\/j9161.aspx\" target=\"_blank\" ><div class=\"afmProductImageContainer\"><img  decoding=\"async\" alt=\"ProductTest01\"  src=\"data:image\/gif;base64,R0lGODlhAQABAIAAAAAAAP\/\/\/yH5BAEAAAAALAAAAAABAAEAAAIBRAA7\" data-lazy-src=\"https:\/\/media.atlasformen.com\/webmedia\/1080by1242\/90\/30\/20\/90302067ea93675289459f0dc761c81e.jpg?w=356\" \/><noscript><img  decoding=\"async\" alt=\"ProductTest01\"  src=\"https:\/\/media.atlasformen.com\/webmedia\/1080by1242\/90\/30\/20\/90302067ea93675289459f0dc761c81e.jpg?w=356\" \/><\/noscript><\/div><div class=\"afmProductInformationContainer\"><div class=\"afmProduct-items-title\"><span>Le Jogging Microfibre Sport Life<\/span><\/div><div class=\"afmProduct-items-tag\"><\/div><div class=\"afmProduct-items-price-container col-md-12\"><span id=\"spanDiscount\" class=\"afm-ProductItemPromo\"><span class=\"afm-discount\"><strong id=\"strongOff\"><span id=\"spanLess\" class=\"less\">-<\/span><span class=\"amount\" id=\"spanPercentage\">53<\/span><span class=\"percent\">%<\/span><\/strong><\/span><\/span><span class=\"afm-ProductItemPrice afm-PLPPrice\">29\u20ac99<span id=\"spanPriceBefore\" class=\"afm-ProductItemPriceBase\">64\u20ac90<\/span><\/span><\/div><div class=\"afmProduct-items-cart\"><div class=\"afmProduct-BuyNow-Button\">J'AJOUTE AU PANIER<\/div><\/div><div class=\"afmProduct-items-sku\"> <\/div><\/div><\/a><\/div><div class=\"afmProduct\"><a class=\"clearfix\" href=\"\/products\/homme\/vetements\/pantalons\/pantalons-sport\/le-jogging-en-microfibre\/p8113.aspx\" target=\"_blank\" ><div class=\"afmProductImageContainer\"><img  decoding=\"async\" alt=\"ProductTest01\"  src=\"data:image\/gif;base64,R0lGODlhAQABAIAAAAAAAP\/\/\/yH5BAEAAAAALAAAAAABAAEAAAIBRAA7\" data-lazy-src=\"https:\/\/media.atlasformen.com\/webmedia\/1080by1242\/b0\/2f\/b6\/b02fb6f57cd5408cbcbed3aba717b8ec.jpg?w=356\" \/><noscript><img  decoding=\"async\" alt=\"ProductTest01\"  src=\"https:\/\/media.atlasformen.com\/webmedia\/1080by1242\/b0\/2f\/b6\/b02fb6f57cd5408cbcbed3aba717b8ec.jpg?w=356\" \/><\/noscript><\/div><div class=\"afmProductInformationContainer\"><div class=\"afmProduct-items-title\"><span>Le Jogging en Microfibre\u00a0<\/span><\/div><div class=\"afmProduct-items-tag\"><\/div><div class=\"afmProduct-items-price-container col-md-12\"><span id=\"spanDiscount\" class=\"afm-ProductItemPromo\"><span class=\"afm-discount\"><strong id=\"strongOff\"><span id=\"spanLess\" class=\"less\">-<\/span><span class=\"amount\" id=\"spanPercentage\">49<\/span><span class=\"percent\">%<\/span><\/strong><\/span><\/span><span class=\"afm-ProductItemPrice afm-PLPPrice\">29\u20ac99<span id=\"spanPriceBefore\" class=\"afm-ProductItemPriceBase\">59\u20ac90<\/span><\/span><\/div><div class=\"afmProduct-items-cart\"><div class=\"afmProduct-BuyNow-Button\">J'AJOUTE AU PANIER<\/div><\/div><div class=\"afmProduct-items-sku\"> <\/div><\/div><\/a><\/div><\/div><\/div><\/div>\n\t\t\t\t\t\t<\/div>\n\t\t\t\t<\/div>\n\t\t\t\t<div class=\"elementor-element elementor-element-ebd57b1 elementor-widget elementor-widget-text-editor\" data-id=\"ebd57b1\" data-element_type=\"widget\" data-widget_type=\"text-editor.default\">\n\t\t\t\t<div class=\"elementor-widget-container\">\n\t\t\t\t\t\t\t\t\t<p>Les<strong> pantalons cargo<\/strong>, <strong>pantalons transformables<\/strong> et <strong>bermudas<\/strong> en toile canvas, microcanvas ou en microfibre, ont par ailleurs l\u2019avantage d\u2019\u00eatre <strong>l\u00e9gers<\/strong> et de <strong>s\u00e9cher rapidement.<\/strong> Une garantie pour ne pas \u00eatre incommod\u00e9 par la transpiration due \u00e0 la chaleur et\/ou \u00e0 l\u2019effort physique. Et un d\u00e9tail qui a son importance si vous partez pour une randonn\u00e9e p\u00e9destre de plusieurs jours, avec un sac \u00e0 dos bien charg\u00e9.<\/p>\t\t\t\t\t\t\t\t<\/div>\n\t\t\t\t<\/div>\n\t\t\t\t\t<\/div>\n\t\t<\/div>\n\t\t\t\t\t<\/div>\n\t\t<\/section>\n\t\t\t\t<section class=\"elementor-section elementor-top-section elementor-element elementor-element-3993b07f elementor-section-boxed elementor-section-height-default elementor-section-height-default\" data-id=\"3993b07f\" data-element_type=\"section\">\n\t\t\t\t\t\t<div class=\"elementor-container elementor-column-gap-default\">\n\t\t\t\t\t<div class=\"elementor-column elementor-col-100 elementor-top-column elementor-element elementor-element-779c2b84\" data-id=\"779c2b84\" data-element_type=\"column\">\n\t\t\t<div class=\"elementor-widget-wrap elementor-element-populated\">\n\t\t\t\t\t\t<section class=\"elementor-section elementor-inner-section elementor-element elementor-element-227413e0 elementor-section-boxed elementor-section-height-default elementor-section-height-default\" data-id=\"227413e0\" data-element_type=\"section\">\n\t\t\t\t\t\t<div class=\"elementor-container elementor-column-gap-default\">\n\t\t\t\t\t<div class=\"elementor-column elementor-col-50 elementor-inner-column elementor-element elementor-element-4adf32ce\" data-id=\"4adf32ce\" data-element_type=\"column\">\n\t\t\t<div class=\"elementor-widget-wrap elementor-element-populated\">\n\t\t\t\t\t\t<div class=\"elementor-element elementor-element-7e983525 elementor-widget elementor-widget-image\" data-id=\"7e983525\" data-element_type=\"widget\" data-widget_type=\"image.default\">\n\t\t\t\t<div class=\"elementor-widget-container\">\n\t\t\t\t\t\t\t\t\t\t\t\t\t\t\t<img  loading=\"lazy\" decoding=\"async\" width=\"749\" height=\"1024\"  src=\"data:image\/gif;base64,R0lGODlhAQABAIAAAAAAAP\/\/\/yH5BAEAAAAALAAAAAABAAEAAAIBRAA7\" data-lazy-src=\"https:\/\/media.atlasformen.com\/blogmedia\/uploads\/2021\/02\/pantalon-randonn\u00e9e-mati\u00e8re-rouge-749x1024.jpg\"  class=\"attachment-large size-large wp-image-12138\" alt=\"bermuda gris pantalon randon\u00e9e\" srcset=\"https:\/\/media.atlasformen.com\/blogmedia\/uploads\/2021\/02\/pantalon-randonn\u00e9e-mati\u00e8re-rouge-749x1024.jpg 749w, https:\/\/media.atlasformen.com\/blogmedia\/uploads\/2021\/02\/pantalon-randonn\u00e9e-mati\u00e8re-rouge-219x300.jpg 219w, https:\/\/media.atlasformen.com\/blogmedia\/uploads\/2021\/02\/pantalon-randonn\u00e9e-mati\u00e8re-rouge-768x1050.jpg 768w, https:\/\/media.atlasformen.com\/blogmedia\/uploads\/2021\/02\/pantalon-randonn\u00e9e-mati\u00e8re-rouge-18x24.jpg 18w, https:\/\/media.atlasformen.com\/blogmedia\/uploads\/2021\/02\/pantalon-randonn\u00e9e-mati\u00e8re-rouge-26x36.jpg 26w, https:\/\/media.atlasformen.com\/blogmedia\/uploads\/2021\/02\/pantalon-randonn\u00e9e-mati\u00e8re-rouge-35x48.jpg 35w, https:\/\/media.atlasformen.com\/blogmedia\/uploads\/2021\/02\/pantalon-randonn\u00e9e-mati\u00e8re-rouge.jpg 1024w\" sizes=\"(max-width: 749px) 100vw, 749px\" \/><noscript><img  loading=\"lazy\" decoding=\"async\" width=\"749\" height=\"1024\"  src=\"https:\/\/media.atlasformen.com\/blogmedia\/uploads\/2021\/02\/pantalon-randonn\u00e9e-mati\u00e8re-rouge-749x1024.jpg\"  class=\"attachment-large size-large wp-image-12138\" alt=\"bermuda gris pantalon randon\u00e9e\" srcset=\"https:\/\/media.atlasformen.com\/blogmedia\/uploads\/2021\/02\/pantalon-randonn\u00e9e-mati\u00e8re-rouge-749x1024.jpg 749w, https:\/\/media.atlasformen.com\/blogmedia\/uploads\/2021\/02\/pantalon-randonn\u00e9e-mati\u00e8re-rouge-219x300.jpg 219w, https:\/\/media.atlasformen.com\/blogmedia\/uploads\/2021\/02\/pantalon-randonn\u00e9e-mati\u00e8re-rouge-768x1050.jpg 768w, https:\/\/media.atlasformen.com\/blogmedia\/uploads\/2021\/02\/pantalon-randonn\u00e9e-mati\u00e8re-rouge-18x24.jpg 18w, https:\/\/media.atlasformen.com\/blogmedia\/uploads\/2021\/02\/pantalon-randonn\u00e9e-mati\u00e8re-rouge-26x36.jpg 26w, https:\/\/media.atlasformen.com\/blogmedia\/uploads\/2021\/02\/pantalon-randonn\u00e9e-mati\u00e8re-rouge-35x48.jpg 35w, https:\/\/media.atlasformen.com\/blogmedia\/uploads\/2021\/02\/pantalon-randonn\u00e9e-mati\u00e8re-rouge.jpg 1024w\" sizes=\"(max-width: 749px) 100vw, 749px\" \/><\/noscript>\t\t\t\t\t\t\t\t\t\t\t\t\t\t\t<\/div>\n\t\t\t\t<\/div>\n\t\t\t\t\t<\/div>\n\t\t<\/div>\n\t\t\t\t<div class=\"elementor-column elementor-col-50 elementor-inner-column elementor-element elementor-element-467b2274\" data-id=\"467b2274\" data-element_type=\"column\">\n\t\t\t<div class=\"elementor-widget-wrap elementor-element-populated\">\n\t\t\t\t\t\t<div class=\"elementor-element elementor-element-6caa9a15 elementor-widget elementor-widget-image\" data-id=\"6caa9a15\" data-element_type=\"widget\" data-widget_type=\"image.default\">\n\t\t\t\t<div class=\"elementor-widget-container\">\n\t\t\t\t\t\t\t\t\t\t\t\t\t\t\t<img  loading=\"lazy\" decoding=\"async\" width=\"749\" height=\"1024\"  src=\"data:image\/gif;base64,R0lGODlhAQABAIAAAAAAAP\/\/\/yH5BAEAAAAALAAAAAABAAEAAAIBRAA7\" data-lazy-src=\"https:\/\/media.atlasformen.com\/blogmedia\/uploads\/2021\/02\/pantalon-randonn\u00e9e-mati\u00e8re-bleu--749x1024.jpg\"  class=\"attachment-large size-large wp-image-12139\" alt=\"bermuda bleu pantalon randonn\u00e9e\" srcset=\"https:\/\/media.atlasformen.com\/blogmedia\/uploads\/2021\/02\/pantalon-randonn\u00e9e-mati\u00e8re-bleu--749x1024.jpg 749w, https:\/\/media.atlasformen.com\/blogmedia\/uploads\/2021\/02\/pantalon-randonn\u00e9e-mati\u00e8re-bleu--219x300.jpg 219w, https:\/\/media.atlasformen.com\/blogmedia\/uploads\/2021\/02\/pantalon-randonn\u00e9e-mati\u00e8re-bleu--768x1050.jpg 768w, https:\/\/media.atlasformen.com\/blogmedia\/uploads\/2021\/02\/pantalon-randonn\u00e9e-mati\u00e8re-bleu--18x24.jpg 18w, https:\/\/media.atlasformen.com\/blogmedia\/uploads\/2021\/02\/pantalon-randonn\u00e9e-mati\u00e8re-bleu--26x36.jpg 26w, https:\/\/media.atlasformen.com\/blogmedia\/uploads\/2021\/02\/pantalon-randonn\u00e9e-mati\u00e8re-bleu--35x48.jpg 35w, https:\/\/media.atlasformen.com\/blogmedia\/uploads\/2021\/02\/pantalon-randonn\u00e9e-mati\u00e8re-bleu-.jpg 1024w\" sizes=\"(max-width: 749px) 100vw, 749px\" \/><noscript><img  loading=\"lazy\" decoding=\"async\" width=\"749\" height=\"1024\"  src=\"https:\/\/media.atlasformen.com\/blogmedia\/uploads\/2021\/02\/pantalon-randonn\u00e9e-mati\u00e8re-bleu--749x1024.jpg\"  class=\"attachment-large size-large wp-image-12139\" alt=\"bermuda bleu pantalon randonn\u00e9e\" srcset=\"https:\/\/media.atlasformen.com\/blogmedia\/uploads\/2021\/02\/pantalon-randonn\u00e9e-mati\u00e8re-bleu--749x1024.jpg 749w, https:\/\/media.atlasformen.com\/blogmedia\/uploads\/2021\/02\/pantalon-randonn\u00e9e-mati\u00e8re-bleu--219x300.jpg 219w, https:\/\/media.atlasformen.com\/blogmedia\/uploads\/2021\/02\/pantalon-randonn\u00e9e-mati\u00e8re-bleu--768x1050.jpg 768w, https:\/\/media.atlasformen.com\/blogmedia\/uploads\/2021\/02\/pantalon-randonn\u00e9e-mati\u00e8re-bleu--18x24.jpg 18w, https:\/\/media.atlasformen.com\/blogmedia\/uploads\/2021\/02\/pantalon-randonn\u00e9e-mati\u00e8re-bleu--26x36.jpg 26w, https:\/\/media.atlasformen.com\/blogmedia\/uploads\/2021\/02\/pantalon-randonn\u00e9e-mati\u00e8re-bleu--35x48.jpg 35w, https:\/\/media.atlasformen.com\/blogmedia\/uploads\/2021\/02\/pantalon-randonn\u00e9e-mati\u00e8re-bleu-.jpg 1024w\" sizes=\"(max-width: 749px) 100vw, 749px\" \/><\/noscript>\t\t\t\t\t\t\t\t\t\t\t\t\t\t\t<\/div>\n\t\t\t\t<\/div>\n\t\t\t\t\t<\/div>\n\t\t<\/div>\n\t\t\t\t\t<\/div>\n\t\t<\/section>\n\t\t\t\t\t<\/div>\n\t\t<\/div>\n\t\t\t\t\t<\/div>\n\t\t<\/section>\n\t\t\t\t<section class=\"elementor-section elementor-top-section elementor-element elementor-element-7fd1acc1 elementor-section-boxed elementor-section-height-default elementor-section-height-default\" data-id=\"7fd1acc1\" data-element_type=\"section\">\n\t\t\t\t\t\t<div class=\"elementor-container elementor-column-gap-default\">\n\t\t\t\t\t<div class=\"elementor-column elementor-col-100 elementor-top-column elementor-element elementor-element-35204a35\" data-id=\"35204a35\" data-element_type=\"column\">\n\t\t\t<div class=\"elementor-widget-wrap elementor-element-populated\">\n\t\t\t\t\t\t<div class=\"elementor-element elementor-element-1a175b81 elementor-widget elementor-widget-text-editor\" data-id=\"1a175b81\" data-element_type=\"widget\" data-widget_type=\"text-editor.default\">\n\t\t\t\t<div class=\"elementor-widget-container\">\n\t\t\t\t\t\t\t\t\t<p>Associ\u00e9 \u00e0 de la toile de coton, de jean ou de la toile canvas ou microcanvas, <strong>l\u2019\u00e9lasthanne<\/strong> apporte <strong>souplesse et \u00e9lasticit\u00e9<\/strong> \u00e0 votre pantalon de randonn\u00e9e. Ses qualit\u00e9s extensibles \u00e9viteront ainsi des tensions dans les zones en mouvements perp\u00e9tuels que sont les cuisses et les genoux.<\/p><p>Pour l\u2019hiver, on ne pr\u00e9sente plus les qualit\u00e9s du <strong>coton \u00e9pais\u00a0:<\/strong> <strong>les pantalons cargo<\/strong> Atlas For Men en <strong>velours c\u00f4tel\u00e9 800 raies<\/strong> offrent une <strong>excellente protection contre le froid.<\/strong> Ils s\u2019av\u00e8rent un excellent choix pour les adeptes des promenades au grand air !<\/p><p>Gr\u00e2ce \u00e0 notre article <a href=\"https:\/\/www.atlasformen.fr\/blog\/bouger\/randonnee\/trois-couches-hauts-randonnee\/\" target=\"_blank\" rel=\"noopener\"><span style=\"text-decoration: underline;\"><strong>3 couches pour affronter tous les temps,<\/strong><\/span><\/a> vous serez enti\u00e8rement \u00e9quip\u00e9 pour une super randonn\u00e9e. Et si vous cherchez plus de conseils pour vous pr\u00e9parer, d\u00e9couvrez notre article <a href=\"https:\/\/www.atlasformen.fr\/blog\/bouger\/randonnee\/equipement-randonnee\/\" target=\"_blank\" rel=\"noopener\"><span style=\"text-decoration: underline;\"><strong>S&#8217;\u00e9quiper pour pour la randonn\u00e9e<\/strong><\/span>.<\/a><\/p>\t\t\t\t\t\t\t\t<\/div>\n\t\t\t\t<\/div>\n\t\t\t\t\t<\/div>\n\t\t<\/div>\n\t\t\t\t\t<\/div>\n\t\t<\/section>\n\t\t\t\t<section class=\"elementor-section elementor-top-section elementor-element elementor-element-34c4129 elementor-section-boxed elementor-section-height-default elementor-section-height-default\" data-id=\"34c4129\" data-element_type=\"section\">\n\t\t\t\t\t\t<div class=\"elementor-container elementor-column-gap-default\">\n\t\t\t\t\t<div class=\"elementor-column elementor-col-100 elementor-top-column elementor-element elementor-element-3f92a62b\" data-id=\"3f92a62b\" data-element_type=\"column\">\n\t\t\t<div class=\"elementor-widget-wrap elementor-element-populated\">\n\t\t\t\t\t\t<div class=\"elementor-element elementor-element-3a480618 elementor-widget elementor-widget-text-editor\" data-id=\"3a480618\" data-element_type=\"widget\" data-widget_type=\"text-editor.default\">\n\t\t\t\t<div class=\"elementor-widget-container\">\n\t\t\t\t\t\t\t\t\t<p><strong>Et vous ? Quel pantalon de randonn\u00e9e pr\u00e9f\u00e9rez-vous ?\u00a0<\/strong><\/p>\t\t\t\t\t\t\t\t<\/div>\n\t\t\t\t<\/div>\n\t\t\t\t\t<\/div>\n\t\t<\/div>\n\t\t\t\t\t<\/div>\n\t\t<\/section>\n\t\t\t\t<\/div>\n\t\t","protected":false},"excerpt":{"rendered":"<p>Pour faire de la randonn\u00e9e dans de bonnes conditions, il est important de bien choisir son mat\u00e9riel et ses v\u00eatements. Parmi eux, le pantalon : en plus d\u2019\u00eatre r\u00e9sistant, il doit \u00eatre confortable et permettre une grande libert\u00e9 de mouvements. La touche en plus ? \u00catre pratique ! Selon le type de balade et les &hellip;<\/p>\n","protected":false},"author":13,"featured_media":12194,"comment_status":"open","ping_status":"open","sticky":false,"template":"","format":"standard","meta":{"footnotes":""},"categories":[136,117],"tags":[168,167,226,185],"class_list":["post-12094","post","type-post","status-publish","format-standard","has-post-thumbnail","hentry","category-choisir-vetements","category-habiller","tag-choisir","tag-habiller","tag-pantalon","tag-randonnee"],"yoast_head":"<!-- This site is optimized with the Yoast SEO plugin v25.2 - https:\/\/yoast.com\/wordpress\/plugins\/seo\/ -->\r\n<title>Comment bien choisir son pantalon de randonn\u00e9e ? | Atlas For Men<\/title>\r\n<meta name=\"description\" content=\"Pour faire de la randonn\u00e9e dans de bonnes conditions, il est important de bien s&#039;\u00e9quiper. D\u00e9couvrez nos conseils pour choisir le pantalon id\u00e9al !\" \/>\r\n<meta name=\"robots\" content=\"index,follow,archive\" \/>\r\n<link rel=\"canonical\" href=\"https:\/\/www.atlasformen.fr\/blog\/habiller\/choisir-vetements\/choisir-pantalon-randonnee\/\" \/>\r\n<meta property=\"og:locale\" content=\"en_US\" \/>\r\n<meta property=\"og:type\" content=\"article\" \/>\r\n<meta property=\"og:title\" content=\"Comment bien choisir son pantalon de randonn\u00e9e ? | Atlas For Men\" \/>\r\n<meta property=\"og:description\" content=\"Pour faire de la randonn\u00e9e dans de bonnes conditions, il est important de bien s&#039;\u00e9quiper. D\u00e9couvrez nos conseils pour choisir le pantalon id\u00e9al !\" \/>\r\n<meta property=\"og:url\" content=\"https:\/\/www.atlasformen.fr\/blog\/habiller\/choisir-vetements\/choisir-pantalon-randonnee\/\" \/>\r\n<meta property=\"og:site_name\" content=\"Atlas For Men Blog\" \/>\r\n<meta property=\"article:publisher\" content=\"https:\/\/www.facebook.com\/AtlasForMen\/\" \/>\r\n<meta property=\"article:published_time\" content=\"2021-02-12T10:51:28+00:00\" \/>\r\n<meta property=\"article:modified_time\" content=\"2024-04-03T07:49:15+00:00\" \/>\r\n<meta property=\"og:image\" content=\"https:\/\/media.atlasformen.com\/blogmedia\/uploads\/2021\/02\/pantalon-rando-couverture-article.jpg\" \/>\r\n\t<meta property=\"og:image:width\" content=\"809\" \/>\r\n\t<meta property=\"og:image:height\" content=\"610\" \/>\r\n\t<meta property=\"og:image:type\" content=\"image\/jpeg\" \/>\r\n<meta name=\"author\" content=\"Eleana Salaun\" \/>\r\n<meta name=\"twitter:card\" content=\"summary_large_image\" \/>\r\n<meta name=\"twitter:creator\" content=\"@atlas_for_men\" \/>\r\n<meta name=\"twitter:site\" content=\"@atlas_for_men\" \/>\r\n<meta name=\"twitter:label1\" content=\"Written by\" \/>\n\t<meta name=\"twitter:data1\" content=\"Eleana Salaun\" \/>\n\t<meta name=\"twitter:label2\" content=\"Est. reading time\" \/>\n\t<meta name=\"twitter:data2\" content=\"5 minutes\" \/>\r\n<script type=\"application\/ld+json\" class=\"yoast-schema-graph\">{\"@context\":\"https:\/\/schema.org\",\"@graph\":[{\"@type\":\"Article\",\"@id\":\"https:\/\/www.atlasformen.fr\/blog\/habiller\/choisir-vetements\/choisir-pantalon-randonnee\/#article\",\"isPartOf\":{\"@id\":\"https:\/\/www.atlasformen.fr\/blog\/habiller\/choisir-vetements\/choisir-pantalon-randonnee\/\"},\"author\":{\"name\":\"Eleana Salaun\",\"@id\":\"https:\/\/www.atlasformen.fr\/blog\/#\/schema\/person\/9a798f1d5a4a7ff409081e1119bd58b9\"},\"headline\":\"Comment bien choisir son pantalon de randonn\u00e9e ?\",\"datePublished\":\"2021-02-12T10:51:28+00:00\",\"dateModified\":\"2024-04-03T07:49:15+00:00\",\"mainEntityOfPage\":{\"@id\":\"https:\/\/www.atlasformen.fr\/blog\/habiller\/choisir-vetements\/choisir-pantalon-randonnee\/\"},\"wordCount\":895,\"commentCount\":1,\"publisher\":{\"@id\":\"https:\/\/www.atlasformen.fr\/blog\/#organization\"},\"image\":{\"@id\":\"https:\/\/www.atlasformen.fr\/blog\/habiller\/choisir-vetements\/choisir-pantalon-randonnee\/#primaryimage\"},\"thumbnailUrl\":\"https:\/\/media.atlasformen.com\/blogmedia\/uploads\/2021\/02\/pantalon-rando-couverture-article.jpg\",\"keywords\":[\"Choisir\",\"Habiller\",\"pantalon\",\"Randonn\u00e9e\"],\"articleSection\":[\"Bien choisir ses v\u00eatements\",\"S'habiller\"],\"inLanguage\":\"en-US\",\"potentialAction\":[{\"@type\":\"CommentAction\",\"name\":\"Comment\",\"target\":[\"https:\/\/www.atlasformen.fr\/blog\/habiller\/choisir-vetements\/choisir-pantalon-randonnee\/#respond\"]}]},{\"@type\":\"WebPage\",\"@id\":\"https:\/\/www.atlasformen.fr\/blog\/habiller\/choisir-vetements\/choisir-pantalon-randonnee\/\",\"url\":\"https:\/\/www.atlasformen.fr\/blog\/habiller\/choisir-vetements\/choisir-pantalon-randonnee\/\",\"name\":\"Comment bien choisir son pantalon de randonn\u00e9e ? | Atlas For Men\",\"isPartOf\":{\"@id\":\"https:\/\/www.atlasformen.fr\/blog\/#website\"},\"primaryImageOfPage\":{\"@id\":\"https:\/\/www.atlasformen.fr\/blog\/habiller\/choisir-vetements\/choisir-pantalon-randonnee\/#primaryimage\"},\"image\":{\"@id\":\"https:\/\/www.atlasformen.fr\/blog\/habiller\/choisir-vetements\/choisir-pantalon-randonnee\/#primaryimage\"},\"thumbnailUrl\":\"https:\/\/media.atlasformen.com\/blogmedia\/uploads\/2021\/02\/pantalon-rando-couverture-article.jpg\",\"datePublished\":\"2021-02-12T10:51:28+00:00\",\"dateModified\":\"2024-04-03T07:49:15+00:00\",\"description\":\"Pour faire de la randonn\u00e9e dans de bonnes conditions, il est important de bien s'\u00e9quiper. D\u00e9couvrez nos conseils pour choisir le pantalon id\u00e9al !\",\"breadcrumb\":{\"@id\":\"https:\/\/www.atlasformen.fr\/blog\/habiller\/choisir-vetements\/choisir-pantalon-randonnee\/#breadcrumb\"},\"inLanguage\":\"en-US\",\"potentialAction\":[{\"@type\":\"ReadAction\",\"target\":[\"https:\/\/www.atlasformen.fr\/blog\/habiller\/choisir-vetements\/choisir-pantalon-randonnee\/\"]}]},{\"@type\":\"ImageObject\",\"inLanguage\":\"en-US\",\"@id\":\"https:\/\/www.atlasformen.fr\/blog\/habiller\/choisir-vetements\/choisir-pantalon-randonnee\/#primaryimage\",\"url\":\"https:\/\/media.atlasformen.com\/blogmedia\/uploads\/2021\/02\/pantalon-rando-couverture-article.jpg\",\"contentUrl\":\"https:\/\/media.atlasformen.com\/blogmedia\/uploads\/2021\/02\/pantalon-rando-couverture-article.jpg\",\"width\":809,\"height\":610,\"caption\":\"pantalon cargo bermuda\"},{\"@type\":\"BreadcrumbList\",\"@id\":\"https:\/\/www.atlasformen.fr\/blog\/habiller\/choisir-vetements\/choisir-pantalon-randonnee\/#breadcrumb\",\"itemListElement\":[{\"@type\":\"ListItem\",\"position\":1,\"name\":\"Vivez l\u2019aventure\",\"item\":\"https:\/\/www.atlasformen.fr\/blog\/\"},{\"@type\":\"ListItem\",\"position\":2,\"name\":\"S'habiller\",\"item\":\"https:\/\/www.atlasformen.fr\/blog\/categorie\/habiller\/\"},{\"@type\":\"ListItem\",\"position\":3,\"name\":\"Bien choisir ses v\u00eatements\",\"item\":\"https:\/\/www.atlasformen.fr\/blog\/categorie\/habiller\/choisir-vetements\/\"},{\"@type\":\"ListItem\",\"position\":4,\"name\":\"Comment bien choisir son pantalon de randonn\u00e9e ?\"}]},{\"@type\":\"WebSite\",\"@id\":\"https:\/\/www.atlasformen.fr\/blog\/#website\",\"url\":\"https:\/\/www.atlasformen.fr\/blog\/\",\"name\":\"Atlas For Men Blog\",\"description\":\"Atlas For Men Blog\",\"publisher\":{\"@id\":\"https:\/\/www.atlasformen.fr\/blog\/#organization\"},\"potentialAction\":[{\"@type\":\"SearchAction\",\"target\":{\"@type\":\"EntryPoint\",\"urlTemplate\":\"https:\/\/www.atlasformen.fr\/blog\/?s={search_term_string}\"},\"query-input\":{\"@type\":\"PropertyValueSpecification\",\"valueRequired\":true,\"valueName\":\"search_term_string\"}}],\"inLanguage\":\"en-US\"},{\"@type\":\"Organization\",\"@id\":\"https:\/\/www.atlasformen.fr\/blog\/#organization\",\"name\":\"Atlas For Men\",\"url\":\"https:\/\/www.atlasformen.fr\/blog\/\",\"logo\":{\"@type\":\"ImageObject\",\"inLanguage\":\"en-US\",\"@id\":\"https:\/\/www.atlasformen.fr\/blog\/#\/schema\/logo\/image\/\",\"url\":\"https:\/\/media.atlasformen.com\/blogmedia\/uploads\/2018\/11\/logo_1-1.png\",\"contentUrl\":\"https:\/\/media.atlasformen.com\/blogmedia\/uploads\/2018\/11\/logo_1-1.png\",\"width\":200,\"height\":111,\"caption\":\"Atlas For Men\"},\"image\":{\"@id\":\"https:\/\/www.atlasformen.fr\/blog\/#\/schema\/logo\/image\/\"},\"sameAs\":[\"https:\/\/www.facebook.com\/AtlasForMen\/\",\"https:\/\/x.com\/atlas_for_men\",\"https:\/\/www.instagram.com\/atlasformen\/\",\"https:\/\/www.pinterest.fr\/atlasformen\/\",\"https:\/\/www.youtube.com\/user\/AtlasForMenFrance\"]},{\"@type\":\"Person\",\"@id\":\"https:\/\/www.atlasformen.fr\/blog\/#\/schema\/person\/9a798f1d5a4a7ff409081e1119bd58b9\",\"name\":\"Eleana Salaun\",\"image\":{\"@type\":\"ImageObject\",\"inLanguage\":\"en-US\",\"@id\":\"https:\/\/www.atlasformen.fr\/blog\/#\/schema\/person\/image\/\",\"url\":\"https:\/\/secure.gravatar.com\/avatar\/a0d711a183a6e81c2b3c8ac7428e10dd2775307ecc1dc5bba17158f11dc6e461?s=96&d=mm&r=g\",\"contentUrl\":\"https:\/\/secure.gravatar.com\/avatar\/a0d711a183a6e81c2b3c8ac7428e10dd2775307ecc1dc5bba17158f11dc6e461?s=96&d=mm&r=g\",\"caption\":\"Eleana Salaun\"},\"url\":\"https:\/\/www.atlasformen.fr\/blog\/author\/esalaun\/\"}]}<\/script>\r\n<!-- \/ Yoast SEO plugin. -->","yoast_head_json":{"title":"Comment bien choisir son pantalon de randonn\u00e9e ? | Atlas For Men","description":"Pour faire de la randonn\u00e9e dans de bonnes conditions, il est important de bien s'\u00e9quiper. D\u00e9couvrez nos conseils pour choisir le pantalon id\u00e9al !","robots":{"index,follow,archive":"index,follow,archive"},"canonical":"https:\/\/www.atlasformen.fr\/blog\/habiller\/choisir-vetements\/choisir-pantalon-randonnee\/","og_locale":"en_US","og_type":"article","og_title":"Comment bien choisir son pantalon de randonn\u00e9e ? | Atlas For Men","og_description":"Pour faire de la randonn\u00e9e dans de bonnes conditions, il est important de bien s'\u00e9quiper. D\u00e9couvrez nos conseils pour choisir le pantalon id\u00e9al !","og_url":"https:\/\/www.atlasformen.fr\/blog\/habiller\/choisir-vetements\/choisir-pantalon-randonnee\/","og_site_name":"Atlas For Men Blog","article_publisher":"https:\/\/www.facebook.com\/AtlasForMen\/","article_published_time":"2021-02-12T10:51:28+00:00","article_modified_time":"2024-04-03T07:49:15+00:00","og_image":[{"width":809,"height":610,"url":"https:\/\/media.atlasformen.com\/blogmedia\/uploads\/2021\/02\/pantalon-rando-couverture-article.jpg","type":"image\/jpeg"}],"author":"Eleana Salaun","twitter_card":"summary_large_image","twitter_creator":"@atlas_for_men","twitter_site":"@atlas_for_men","twitter_misc":{"Written by":"Eleana Salaun","Est. reading time":"5 minutes"},"schema":{"@context":"https:\/\/schema.org","@graph":[{"@type":"Article","@id":"https:\/\/www.atlasformen.fr\/blog\/habiller\/choisir-vetements\/choisir-pantalon-randonnee\/#article","isPartOf":{"@id":"https:\/\/www.atlasformen.fr\/blog\/habiller\/choisir-vetements\/choisir-pantalon-randonnee\/"},"author":{"name":"Eleana Salaun","@id":"https:\/\/www.atlasformen.fr\/blog\/#\/schema\/person\/9a798f1d5a4a7ff409081e1119bd58b9"},"headline":"Comment bien choisir son pantalon de randonn\u00e9e ?","datePublished":"2021-02-12T10:51:28+00:00","dateModified":"2024-04-03T07:49:15+00:00","mainEntityOfPage":{"@id":"https:\/\/www.atlasformen.fr\/blog\/habiller\/choisir-vetements\/choisir-pantalon-randonnee\/"},"wordCount":895,"commentCount":1,"publisher":{"@id":"https:\/\/www.atlasformen.fr\/blog\/#organization"},"image":{"@id":"https:\/\/www.atlasformen.fr\/blog\/habiller\/choisir-vetements\/choisir-pantalon-randonnee\/#primaryimage"},"thumbnailUrl":"https:\/\/media.atlasformen.com\/blogmedia\/uploads\/2021\/02\/pantalon-rando-couverture-article.jpg","keywords":["Choisir","Habiller","pantalon","Randonn\u00e9e"],"articleSection":["Bien choisir ses v\u00eatements","S'habiller"],"inLanguage":"en-US","potentialAction":[{"@type":"CommentAction","name":"Comment","target":["https:\/\/www.atlasformen.fr\/blog\/habiller\/choisir-vetements\/choisir-pantalon-randonnee\/#respond"]}]},{"@type":"WebPage","@id":"https:\/\/www.atlasformen.fr\/blog\/habiller\/choisir-vetements\/choisir-pantalon-randonnee\/","url":"https:\/\/www.atlasformen.fr\/blog\/habiller\/choisir-vetements\/choisir-pantalon-randonnee\/","name":"Comment bien choisir son pantalon de randonn\u00e9e ? | Atlas For Men","isPartOf":{"@id":"https:\/\/www.atlasformen.fr\/blog\/#website"},"primaryImageOfPage":{"@id":"https:\/\/www.atlasformen.fr\/blog\/habiller\/choisir-vetements\/choisir-pantalon-randonnee\/#primaryimage"},"image":{"@id":"https:\/\/www.atlasformen.fr\/blog\/habiller\/choisir-vetements\/choisir-pantalon-randonnee\/#primaryimage"},"thumbnailUrl":"https:\/\/media.atlasformen.com\/blogmedia\/uploads\/2021\/02\/pantalon-rando-couverture-article.jpg","datePublished":"2021-02-12T10:51:28+00:00","dateModified":"2024-04-03T07:49:15+00:00","description":"Pour faire de la randonn\u00e9e dans de bonnes conditions, il est important de bien s'\u00e9quiper. D\u00e9couvrez nos conseils pour choisir le pantalon id\u00e9al !","breadcrumb":{"@id":"https:\/\/www.atlasformen.fr\/blog\/habiller\/choisir-vetements\/choisir-pantalon-randonnee\/#breadcrumb"},"inLanguage":"en-US","potentialAction":[{"@type":"ReadAction","target":["https:\/\/www.atlasformen.fr\/blog\/habiller\/choisir-vetements\/choisir-pantalon-randonnee\/"]}]},{"@type":"ImageObject","inLanguage":"en-US","@id":"https:\/\/www.atlasformen.fr\/blog\/habiller\/choisir-vetements\/choisir-pantalon-randonnee\/#primaryimage","url":"https:\/\/media.atlasformen.com\/blogmedia\/uploads\/2021\/02\/pantalon-rando-couverture-article.jpg","contentUrl":"https:\/\/media.atlasformen.com\/blogmedia\/uploads\/2021\/02\/pantalon-rando-couverture-article.jpg","width":809,"height":610,"caption":"pantalon cargo bermuda"},{"@type":"BreadcrumbList","@id":"https:\/\/www.atlasformen.fr\/blog\/habiller\/choisir-vetements\/choisir-pantalon-randonnee\/#breadcrumb","itemListElement":[{"@type":"ListItem","position":1,"name":"Vivez l\u2019aventure","item":"https:\/\/www.atlasformen.fr\/blog\/"},{"@type":"ListItem","position":2,"name":"S'habiller","item":"https:\/\/www.atlasformen.fr\/blog\/categorie\/habiller\/"},{"@type":"ListItem","position":3,"name":"Bien choisir ses v\u00eatements","item":"https:\/\/www.atlasformen.fr\/blog\/categorie\/habiller\/choisir-vetements\/"},{"@type":"ListItem","position":4,"name":"Comment bien choisir son pantalon de randonn\u00e9e ?"}]},{"@type":"WebSite","@id":"https:\/\/www.atlasformen.fr\/blog\/#website","url":"https:\/\/www.atlasformen.fr\/blog\/","name":"Atlas For Men Blog","description":"Atlas For Men Blog","publisher":{"@id":"https:\/\/www.atlasformen.fr\/blog\/#organization"},"potentialAction":[{"@type":"SearchAction","target":{"@type":"EntryPoint","urlTemplate":"https:\/\/www.atlasformen.fr\/blog\/?s={search_term_string}"},"query-input":{"@type":"PropertyValueSpecification","valueRequired":true,"valueName":"search_term_string"}}],"inLanguage":"en-US"},{"@type":"Organization","@id":"https:\/\/www.atlasformen.fr\/blog\/#organization","name":"Atlas For Men","url":"https:\/\/www.atlasformen.fr\/blog\/","logo":{"@type":"ImageObject","inLanguage":"en-US","@id":"https:\/\/www.atlasformen.fr\/blog\/#\/schema\/logo\/image\/","url":"https:\/\/media.atlasformen.com\/blogmedia\/uploads\/2018\/11\/logo_1-1.png","contentUrl":"https:\/\/media.atlasformen.com\/blogmedia\/uploads\/2018\/11\/logo_1-1.png","width":200,"height":111,"caption":"Atlas For Men"},"image":{"@id":"https:\/\/www.atlasformen.fr\/blog\/#\/schema\/logo\/image\/"},"sameAs":["https:\/\/www.facebook.com\/AtlasForMen\/","https:\/\/x.com\/atlas_for_men","https:\/\/www.instagram.com\/atlasformen\/","https:\/\/www.pinterest.fr\/atlasformen\/","https:\/\/www.youtube.com\/user\/AtlasForMenFrance"]},{"@type":"Person","@id":"https:\/\/www.atlasformen.fr\/blog\/#\/schema\/person\/9a798f1d5a4a7ff409081e1119bd58b9","name":"Eleana Salaun","image":{"@type":"ImageObject","inLanguage":"en-US","@id":"https:\/\/www.atlasformen.fr\/blog\/#\/schema\/person\/image\/","url":"https:\/\/secure.gravatar.com\/avatar\/a0d711a183a6e81c2b3c8ac7428e10dd2775307ecc1dc5bba17158f11dc6e461?s=96&d=mm&r=g","contentUrl":"https:\/\/secure.gravatar.com\/avatar\/a0d711a183a6e81c2b3c8ac7428e10dd2775307ecc1dc5bba17158f11dc6e461?s=96&d=mm&r=g","caption":"Eleana Salaun"},"url":"https:\/\/www.atlasformen.fr\/blog\/author\/esalaun\/"}]}},"_links":{"self":[{"href":"https:\/\/www.atlasformen.fr\/blog\/wp-json\/wp\/v2\/posts\/12094","targetHints":{"allow":["GET"]}}],"collection":[{"href":"https:\/\/www.atlasformen.fr\/blog\/wp-json\/wp\/v2\/posts"}],"about":[{"href":"https:\/\/www.atlasformen.fr\/blog\/wp-json\/wp\/v2\/types\/post"}],"author":[{"embeddable":true,"href":"https:\/\/www.atlasformen.fr\/blog\/wp-json\/wp\/v2\/users\/13"}],"replies":[{"embeddable":true,"href":"https:\/\/www.atlasformen.fr\/blog\/wp-json\/wp\/v2\/comments?post=12094"}],"version-history":[{"count":30,"href":"https:\/\/www.atlasformen.fr\/blog\/wp-json\/wp\/v2\/posts\/12094\/revisions"}],"predecessor-version":[{"id":12197,"href":"https:\/\/www.atlasformen.fr\/blog\/wp-json\/wp\/v2\/posts\/12094\/revisions\/12197"}],"wp:featuredmedia":[{"embeddable":true,"href":"https:\/\/www.atlasformen.fr\/blog\/wp-json\/wp\/v2\/media\/12194"}],"wp:attachment":[{"href":"https:\/\/www.atlasformen.fr\/blog\/wp-json\/wp\/v2\/media?parent=12094"}],"wp:term":[{"taxonomy":"category","embeddable":true,"href":"https:\/\/www.atlasformen.fr\/blog\/wp-json\/wp\/v2\/categories?post=12094"},{"taxonomy":"post_tag","embeddable":true,"href":"https:\/\/www.atlasformen.fr\/blog\/wp-json\/wp\/v2\/tags?post=12094"}],"curies":[{"name":"wp","href":"https:\/\/api.w.org\/{rel}","templated":true}]}}