{"id":22776,"date":"2024-08-30T15:53:46","date_gmt":"2024-08-30T13:53:46","guid":{"rendered":"https:\/\/preprodmvc.atlasformen.fr\/blog\/?p=22776"},"modified":"2025-03-09T13:22:25","modified_gmt":"2025-03-09T12:22:25","slug":"top-5-canyons-france","status":"publish","type":"post","link":"https:\/\/www.atlasformen.fr\/blog\/explorer\/france\/top-5-canyons-france\/","title":{"rendered":"Top 5 des plus beaux canyons en France"},"content":{"rendered":"\t\t<div data-elementor-type=\"wp-post\" data-elementor-id=\"22776\" class=\"elementor elementor-22776\">\n\t\t\t\t\t\t<section class=\"elementor-section elementor-top-section elementor-element elementor-element-909bc56 elementor-section-boxed elementor-section-height-default elementor-section-height-default\" data-id=\"909bc56\" data-element_type=\"section\">\n\t\t\t\t\t\t<div class=\"elementor-container elementor-column-gap-default\">\n\t\t\t\t\t<div class=\"elementor-column elementor-col-100 elementor-top-column elementor-element elementor-element-e9fec5a\" data-id=\"e9fec5a\" data-element_type=\"column\">\n\t\t\t<div class=\"elementor-widget-wrap elementor-element-populated\">\n\t\t\t\t\t\t<div class=\"elementor-element elementor-element-7412d41 elementor-widget elementor-widget-text-editor\" data-id=\"7412d41\" data-element_type=\"widget\" data-widget_type=\"text-editor.default\">\n\t\t\t\t<div class=\"elementor-widget-container\">\n\t\t\t\t\t\t\t\t\t<p><em>Au fil du temps, l\u2019\u00e9rosion due \u00e0 l\u2019action de l\u2019eau et des \u00e9l\u00e9ments atmosph\u00e9riques, fa\u00e7onne des curiosit\u00e9s g\u00e9ologiques. Il en r\u00e9sulte des paysages naturels au d\u00e9cor, \u00e0 l\u2019ambiance et aux couleurs uniques. Partons \u00e0 la d\u00e9couverte de nos r\u00e9gions de France \u00e0 travers 5 de ses plus beaux canyons\u00a0!<\/em><\/p>\t\t\t\t\t\t\t\t<\/div>\n\t\t\t\t<\/div>\n\t\t\t\t\t<\/div>\n\t\t<\/div>\n\t\t\t\t\t<\/div>\n\t\t<\/section>\n\t\t\t\t<section class=\"elementor-section elementor-top-section elementor-element elementor-element-6c1ad5e elementor-section-boxed elementor-section-height-default elementor-section-height-default\" data-id=\"6c1ad5e\" data-element_type=\"section\">\n\t\t\t\t\t\t<div class=\"elementor-container elementor-column-gap-default\">\n\t\t\t\t\t<div class=\"elementor-column elementor-col-100 elementor-top-column elementor-element elementor-element-012f8c3\" data-id=\"012f8c3\" data-element_type=\"column\">\n\t\t\t<div class=\"elementor-widget-wrap elementor-element-populated\">\n\t\t\t\t\t\t<div class=\"elementor-element elementor-element-d470477 elementor-widget elementor-widget-heading\" data-id=\"d470477\" data-element_type=\"widget\" data-widget_type=\"heading.default\">\n\t\t\t\t<div class=\"elementor-widget-container\">\n\t\t\t\t\t<h2 class=\"elementor-heading-title elementor-size-default\">Le canyon de la Vis, le plus large canyon d\u2019Europe <\/h2>\t\t\t\t<\/div>\n\t\t\t\t<\/div>\n\t\t\t\t\t<\/div>\n\t\t<\/div>\n\t\t\t\t\t<\/div>\n\t\t<\/section>\n\t\t\t\t<section class=\"elementor-section elementor-top-section elementor-element elementor-element-19f4aa6 elementor-section-boxed elementor-section-height-default elementor-section-height-default\" data-id=\"19f4aa6\" data-element_type=\"section\">\n\t\t\t\t\t\t<div class=\"elementor-container elementor-column-gap-default\">\n\t\t\t\t\t<div class=\"elementor-column elementor-col-100 elementor-top-column elementor-element elementor-element-880125a\" data-id=\"880125a\" data-element_type=\"column\">\n\t\t\t<div class=\"elementor-widget-wrap elementor-element-populated\">\n\t\t\t\t\t\t<div class=\"elementor-element elementor-element-bfc1a45 elementor-widget elementor-widget-text-editor\" data-id=\"bfc1a45\" data-element_type=\"widget\" data-widget_type=\"text-editor.default\">\n\t\t\t\t<div class=\"elementor-widget-container\">\n\t\t\t\t\t\t\t\t\t<p>Entre les <strong>Causses du Larzac<\/strong>, de<strong> Blandas<\/strong> et de <strong>Campestre<\/strong>, la rivi\u00e8re Vis a creus\u00e9 son lit dans le calcair<strong>e<\/strong> pour former un impressionnant canyon,\u00a0le plus large d&#8217;Europe. Sur\u00a0<strong>17 km<\/strong>, les m\u00e9andres sont surplomb\u00e9s de falaises calcaires, de grottes et de causses abritant une biodiversit\u00e9 remarquable. Le cours de la Vis ayant \u00e9t\u00e9 d\u00e9vi\u00e9 il y a\u00a06000 ans, le plus grand m\u00e9andre a \u00e9t\u00e9 naturellement abondonn\u00e9. Il dessine un croissant de prairie fertile au centre duquel pointe le \u00ab\u00a0Rocher de la Vierge\u00a0\u00bb, qui a donn\u00e9 naissance au cirque de Navacelles.\u00a0Les dimensions de ce joyau g\u00e9ologique\u00a0sont impressionnantes\u00a0: 2 km de diam\u00e8tre et 300 m de profondeur. De quoi inspirer le funambule Nathan Paulin qui y avait tendu en 2017 une sangle de 1680 m, \u00e9tablissant \u00e0 l\u2019\u00e9poque un record du monde de longueur en slackline.<\/p><p>Bien pourvues en itin\u00e9raires balis\u00e9s, les <strong>gorges de la Vis<\/strong> sont un site r\u00e9put\u00e9 pour la randonn\u00e9e de tous niveaux, de la balade \u00e0 l\u2019itin\u00e9rance. Partag\u00e9 entre les d\u00e9partements de l\u2019H\u00e9rault et du Gard, le cirque de Navacelles est ainsi travers\u00e9 par le <b>GR\u00ae7<\/b>, qui relie par le Ballon d\u2019Alsace \u00e0 Andorre-la-Vieille. Dans la section\u00a0Travers\u00e9e du Haut-Languedoc\u00a0entre L\u2019Esp\u00e9rou et le canal du Midi, Navacelles est une \u00e9tape entre le causse de Blandas et le causse du Larzac.<\/p>\t\t\t\t\t\t\t\t<\/div>\n\t\t\t\t<\/div>\n\t\t\t\t\t<\/div>\n\t\t<\/div>\n\t\t\t\t\t<\/div>\n\t\t<\/section>\n\t\t\t\t<section class=\"elementor-section elementor-top-section elementor-element elementor-element-837a316 elementor-section-boxed elementor-section-height-default elementor-section-height-default\" data-id=\"837a316\" data-element_type=\"section\">\n\t\t\t\t\t\t<div class=\"elementor-container elementor-column-gap-default\">\n\t\t\t\t\t<div class=\"elementor-column elementor-col-100 elementor-top-column elementor-element elementor-element-8524d77\" data-id=\"8524d77\" data-element_type=\"column\">\n\t\t\t<div class=\"elementor-widget-wrap elementor-element-populated\">\n\t\t\t\t\t\t<div class=\"elementor-element elementor-element-c3364d8 elementor-widget elementor-widget-image\" data-id=\"c3364d8\" data-element_type=\"widget\" data-widget_type=\"image.default\">\n\t\t\t\t<div class=\"elementor-widget-container\">\n\t\t\t\t\t\t\t\t\t\t\t\t\t\t\t<img  fetchpriority=\"high\" decoding=\"async\" width=\"809\" height=\"610\"  src=\"data:image\/gif;base64,R0lGODlhAQABAIAAAAAAAP\/\/\/yH5BAEAAAAALAAAAAABAAEAAAIBRAA7\" data-lazy-src=\"https:\/\/media.atlasformen.com\/blogmedia\/uploads\/2024\/08\/Le-canyon-de-la-Vis.jpg\"  class=\"attachment-large size-large wp-image-22779\" alt=\"Le canyon de la Vis\" srcset=\"https:\/\/media.atlasformen.com\/blogmedia\/uploads\/2024\/08\/Le-canyon-de-la-Vis.jpg 809w, https:\/\/media.atlasformen.com\/blogmedia\/uploads\/2024\/08\/Le-canyon-de-la-Vis-300x226.jpg 300w, https:\/\/media.atlasformen.com\/blogmedia\/uploads\/2024\/08\/Le-canyon-de-la-Vis-768x579.jpg 768w, https:\/\/media.atlasformen.com\/blogmedia\/uploads\/2024\/08\/Le-canyon-de-la-Vis-24x18.jpg 24w, https:\/\/media.atlasformen.com\/blogmedia\/uploads\/2024\/08\/Le-canyon-de-la-Vis-36x27.jpg 36w, https:\/\/media.atlasformen.com\/blogmedia\/uploads\/2024\/08\/Le-canyon-de-la-Vis-48x36.jpg 48w\" sizes=\"(max-width: 809px) 100vw, 809px\" \/><noscript><img  fetchpriority=\"high\" decoding=\"async\" width=\"809\" height=\"610\"  src=\"https:\/\/media.atlasformen.com\/blogmedia\/uploads\/2024\/08\/Le-canyon-de-la-Vis.jpg\"  class=\"attachment-large size-large wp-image-22779\" alt=\"Le canyon de la Vis\" srcset=\"https:\/\/media.atlasformen.com\/blogmedia\/uploads\/2024\/08\/Le-canyon-de-la-Vis.jpg 809w, https:\/\/media.atlasformen.com\/blogmedia\/uploads\/2024\/08\/Le-canyon-de-la-Vis-300x226.jpg 300w, https:\/\/media.atlasformen.com\/blogmedia\/uploads\/2024\/08\/Le-canyon-de-la-Vis-768x579.jpg 768w, https:\/\/media.atlasformen.com\/blogmedia\/uploads\/2024\/08\/Le-canyon-de-la-Vis-24x18.jpg 24w, https:\/\/media.atlasformen.com\/blogmedia\/uploads\/2024\/08\/Le-canyon-de-la-Vis-36x27.jpg 36w, https:\/\/media.atlasformen.com\/blogmedia\/uploads\/2024\/08\/Le-canyon-de-la-Vis-48x36.jpg 48w\" sizes=\"(max-width: 809px) 100vw, 809px\" \/><\/noscript>\t\t\t\t\t\t\t\t\t\t\t\t\t\t\t<\/div>\n\t\t\t\t<\/div>\n\t\t\t\t\t<\/div>\n\t\t<\/div>\n\t\t\t\t\t<\/div>\n\t\t<\/section>\n\t\t\t\t<section class=\"elementor-section elementor-top-section elementor-element elementor-element-239f34c elementor-section-boxed elementor-section-height-default elementor-section-height-default\" data-id=\"239f34c\" data-element_type=\"section\">\n\t\t\t\t\t\t<div class=\"elementor-container elementor-column-gap-default\">\n\t\t\t\t\t<div class=\"elementor-column elementor-col-100 elementor-top-column elementor-element elementor-element-5d0f4d7\" data-id=\"5d0f4d7\" data-element_type=\"column\">\n\t\t\t<div class=\"elementor-widget-wrap elementor-element-populated\">\n\t\t\t\t\t\t<div class=\"elementor-element elementor-element-8e99dde elementor-widget elementor-widget-text-editor\" data-id=\"8e99dde\" data-element_type=\"widget\" data-widget_type=\"text-editor.default\">\n\t\t\t\t<div class=\"elementor-widget-container\">\n\t\t\t\t\t\t\t\t\t<p>D\u2019autres itin\u00e9raires balis\u00e9s passent \u00e9galement par Navacelles, par exemple le <strong>chemin de Saint-Guilhem-le-D\u00e9sert<\/strong>, ou encore le <strong>GR<\/strong>\u00ae <strong>de pays Tour du Larzac m\u00e9ridional<\/strong>.<\/p><p>La r\u00e9gion peut aussi se d\u00e9couvrir \u00e0 cheval et \u00e0 v\u00e9lo, au rythme de ses paysages alternant entre causses arides, cascades et vall\u00e9es verdoyantes.<\/p><p>\u00c0 voir dans les environs\u00a0: les rives rougeoyantes du lac du Salagou, les chemin\u00e9es de f\u00e9es du cirque de Mour\u00e8ze, la grotte de Labeil et sa rivi\u00e8re souterraine.<\/p><p>La meilleure p\u00e9riode pour s\u2019y rendre\u00a0: au printemps, o\u00f9 l\u2019atmosph\u00e8re se charge d\u2019une douce odeur de buis et de gen\u00eats, et l\u2019automne, o\u00f9 les couleurs rougeoyantes rehaussent la beaut\u00e9 du lieu.<\/p>\t\t\t\t\t\t\t\t<\/div>\n\t\t\t\t<\/div>\n\t\t\t\t<div class=\"elementor-element elementor-element-42af8a0 elementor-widget elementor-widget-shortcode\" data-id=\"42af8a0\" data-element_type=\"widget\" data-widget_type=\"shortcode.default\">\n\t\t\t\t<div class=\"elementor-widget-container\">\n\t\t\t\t\t\t\t<div class=\"elementor-shortcode\"><div class=\"afmProductSlider-Container\"><div class=\"afmProductSlider-arrows-container clearfix\"><div class=\"afmArrow-prev\"><\/div><div class=\"afmArrow-next\"><\/div><\/div><div class=\"afmProductSlider \"><div class=\"afmProduct\"><a class=\"clearfix\" href=\"\/products\/homme\/vetements\/nos-best-sellers\/les-chaussures-scratchees-tout-terrain\/q6103.aspx\" target=\"_blank\" ><div class=\"afmProductImageContainer\"><img  decoding=\"async\" alt=\"ProductTest01\"  src=\"data:image\/gif;base64,R0lGODlhAQABAIAAAAAAAP\/\/\/yH5BAEAAAAALAAAAAABAAEAAAIBRAA7\" data-lazy-src=\"https:\/\/media.atlasformen.com\/webmedia\/1080by1242\/87\/43\/8a\/87438a6cfe092574a319cb73df88bc9b.jpg?w=356\" \/><noscript><img  decoding=\"async\" alt=\"ProductTest01\"  src=\"https:\/\/media.atlasformen.com\/webmedia\/1080by1242\/87\/43\/8a\/87438a6cfe092574a319cb73df88bc9b.jpg?w=356\" \/><\/noscript><\/div><div class=\"afmProductInformationContainer\"><div class=\"afmProduct-items-title\"><span>Les Chaussures Scratch\u00e9es Tout-Terrain<\/span><\/div><div class=\"afmProduct-items-tag\"><\/div><div class=\"afmProduct-items-price-container col-md-12\"><span id=\"spanDiscount\" class=\"afm-ProductItemPromo\"><span class=\"afm-discount\"><strong id=\"strongOff\"><span id=\"spanLess\" class=\"less\">-<\/span><span class=\"amount\" id=\"spanPercentage\">52<\/span><span class=\"percent\">%<\/span><\/strong><\/span><\/span><span class=\"afm-ProductItemPrice afm-PLPPrice\">29\u20ac99<span id=\"spanPriceBefore\" class=\"afm-ProductItemPriceBase\">62\u20ac90<\/span><\/span><\/div><div class=\"afmProduct-items-cart\"><div class=\"afmProduct-BuyNow-Button\">J'AJOUTE AU PANIER<\/div><\/div><div class=\"afmProduct-items-sku\"> <\/div><\/div><\/a><\/div><div class=\"afmProduct\"><a class=\"clearfix\" href=\"\/products\/homme\/vetements\/nos-best-sellers\/les-chaussures-de-sport-tout-terrain\/q5123.aspx\" target=\"_blank\" ><div class=\"afmProductImageContainer\"><img  decoding=\"async\" alt=\"ProductTest01\"  src=\"data:image\/gif;base64,R0lGODlhAQABAIAAAAAAAP\/\/\/yH5BAEAAAAALAAAAAABAAEAAAIBRAA7\" data-lazy-src=\"https:\/\/media.atlasformen.com\/webmedia\/1080by1242\/74\/75\/0e\/74750eaf51ff028ee60a97663c880027.jpg?w=356\" \/><noscript><img  decoding=\"async\" alt=\"ProductTest01\"  src=\"https:\/\/media.atlasformen.com\/webmedia\/1080by1242\/74\/75\/0e\/74750eaf51ff028ee60a97663c880027.jpg?w=356\" \/><\/noscript><\/div><div class=\"afmProductInformationContainer\"><div class=\"afmProduct-items-title\"><span>Les Chaussures de Sport Tout-Terrain<\/span><\/div><div class=\"afmProduct-items-tag\"><\/div><div class=\"afmProduct-items-price-container col-md-12\"><span id=\"spanDiscount\" class=\"afm-ProductItemPromo\"><span class=\"afm-discount\"><strong id=\"strongOff\"><span id=\"spanLess\" class=\"less\">-<\/span><span class=\"amount\" id=\"spanPercentage\">52<\/span><span class=\"percent\">%<\/span><\/strong><\/span><\/span><span class=\"afm-ProductItemPrice afm-PLPPrice\">29\u20ac99<span id=\"spanPriceBefore\" class=\"afm-ProductItemPriceBase\">62\u20ac90<\/span><\/span><\/div><div class=\"afmProduct-items-cart\"><div class=\"afmProduct-BuyNow-Button\">J'AJOUTE AU PANIER<\/div><\/div><div class=\"afmProduct-items-sku\"> <\/div><\/div><\/a><\/div><div class=\"afmProduct\"><a class=\"clearfix\" href=\"\/products\/homme\/chaussures\/chaussures-de-randonnee\/les-chaussures-de-sport-tout-terrain\/q7104.aspx\" target=\"_blank\" ><div class=\"afmProductImageContainer\"><img  decoding=\"async\" alt=\"ProductTest01\"  src=\"data:image\/gif;base64,R0lGODlhAQABAIAAAAAAAP\/\/\/yH5BAEAAAAALAAAAAABAAEAAAIBRAA7\" data-lazy-src=\"https:\/\/media.atlasformen.com\/webmedia\/1080by1242\/cd\/fe\/ee\/cdfeee02c36a7863780688b91fcf6681.jpg?w=356\" \/><noscript><img  decoding=\"async\" alt=\"ProductTest01\"  src=\"https:\/\/media.atlasformen.com\/webmedia\/1080by1242\/cd\/fe\/ee\/cdfeee02c36a7863780688b91fcf6681.jpg?w=356\" \/><\/noscript><\/div><div class=\"afmProductInformationContainer\"><div class=\"afmProduct-items-title\"><span>Les Chaussures de Sport Tout-Terrain<\/span><\/div><div class=\"afmProduct-items-tag\"><\/div><div class=\"afmProduct-items-price-container col-md-12\"><span id=\"spanDiscount\" class=\"afm-ProductItemPromo\"><span class=\"afm-discount\"><strong id=\"strongOff\"><span id=\"spanLess\" class=\"less\">-<\/span><span class=\"amount\" id=\"spanPercentage\">52<\/span><span class=\"percent\">%<\/span><\/strong><\/span><\/span><span class=\"afm-ProductItemPrice afm-PLPPrice\">29\u20ac99<span id=\"spanPriceBefore\" class=\"afm-ProductItemPriceBase\">62\u20ac90<\/span><\/span><\/div><div class=\"afmProduct-items-cart\"><div class=\"afmProduct-BuyNow-Button\">J'AJOUTE AU PANIER<\/div><\/div><div class=\"afmProduct-items-sku\"> <\/div><\/div><\/a><\/div><div class=\"afmProduct\"><a class=\"clearfix\" href=\"\/products\/homme\/vetements\/nos-best-sellers\/les-baskets-ultra-legeres\/r0153.aspx\" target=\"_blank\" ><div class=\"afmProductImageContainer\"><img  decoding=\"async\" alt=\"ProductTest01\"  src=\"data:image\/gif;base64,R0lGODlhAQABAIAAAAAAAP\/\/\/yH5BAEAAAAALAAAAAABAAEAAAIBRAA7\" data-lazy-src=\"https:\/\/media.atlasformen.com\/webmedia\/1080by1242\/f1\/d2\/87\/f1d287f1b5dbe110c689a64bf2caf549.jpg?w=356\" \/><noscript><img  decoding=\"async\" alt=\"ProductTest01\"  src=\"https:\/\/media.atlasformen.com\/webmedia\/1080by1242\/f1\/d2\/87\/f1d287f1b5dbe110c689a64bf2caf549.jpg?w=356\" \/><\/noscript><\/div><div class=\"afmProductInformationContainer\"><div class=\"afmProduct-items-title\"><span>Les Baskets Ultra-l\u00e9g\u00e8res<\/span><\/div><div class=\"afmProduct-items-tag\"><\/div><div class=\"afmProduct-items-price-container col-md-12\"><span id=\"spanDiscount\" class=\"afm-ProductItemPromo\"><span class=\"afm-discount\"><strong id=\"strongOff\"><span id=\"spanLess\" class=\"less\">-<\/span><span class=\"amount\" id=\"spanPercentage\">60<\/span><span class=\"percent\">%<\/span><\/strong><\/span><\/span><span class=\"afm-ProductItemPrice afm-PLPPrice\">24\u20ac99<span id=\"spanPriceBefore\" class=\"afm-ProductItemPriceBase\">62\u20ac90<\/span><\/span><\/div><div class=\"afmProduct-items-cart\"><div class=\"afmProduct-BuyNow-Button\">J'AJOUTE AU PANIER<\/div><\/div><div class=\"afmProduct-items-sku\"> <\/div><\/div><\/a><\/div><div class=\"afmProduct\"><a class=\"clearfix\" href=\"\/products\/homme\/chaussures\/chaussures-de-randonnee\/les-chaussures-tout-terrain\/p4138.aspx\" target=\"_blank\" ><div class=\"afmProductImageContainer\"><img  decoding=\"async\" alt=\"ProductTest01\"  src=\"data:image\/gif;base64,R0lGODlhAQABAIAAAAAAAP\/\/\/yH5BAEAAAAALAAAAAABAAEAAAIBRAA7\" data-lazy-src=\"https:\/\/media.atlasformen.com\/webmedia\/1080by1242\/f0\/0b\/57\/f00b571fb420e150202edbf7b3341a99.jpeg?w=356\" \/><noscript><img  decoding=\"async\" alt=\"ProductTest01\"  src=\"https:\/\/media.atlasformen.com\/webmedia\/1080by1242\/f0\/0b\/57\/f00b571fb420e150202edbf7b3341a99.jpeg?w=356\" \/><\/noscript><\/div><div class=\"afmProductInformationContainer\"><div class=\"afmProduct-items-title\"><span>Les Chaussures Tout-Terrain<\/span><\/div><div class=\"afmProduct-items-tag\"><\/div><div class=\"afmProduct-items-price-container col-md-12\"><span id=\"spanDiscount\" class=\"afm-ProductItemPromo\"><span class=\"afm-discount\"><strong id=\"strongOff\"><span id=\"spanLess\" class=\"less\">-<\/span><span class=\"amount\" id=\"spanPercentage\">52<\/span><span class=\"percent\">%<\/span><\/strong><\/span><\/span><span class=\"afm-ProductItemPrice afm-PLPPrice\">29\u20ac99<span id=\"spanPriceBefore\" class=\"afm-ProductItemPriceBase\">62\u20ac90<\/span><\/span><\/div><div class=\"afmProduct-items-cart\"><div class=\"afmProduct-BuyNow-Button\">J'AJOUTE AU PANIER<\/div><\/div><div class=\"afmProduct-items-sku\"> <\/div><\/div><\/a><\/div><div class=\"afmProduct\"><a class=\"clearfix\" href=\"\/products\/homme\/chaussures\/chaussures-de-sport\/les-baskets-legeres-scratchees-top-confort\/q9104.aspx\" target=\"_blank\" ><div class=\"afmProductImageContainer\"><img  decoding=\"async\" alt=\"ProductTest01\"  src=\"data:image\/gif;base64,R0lGODlhAQABAIAAAAAAAP\/\/\/yH5BAEAAAAALAAAAAABAAEAAAIBRAA7\" data-lazy-src=\"https:\/\/media.atlasformen.com\/webmedia\/1080by1242\/64\/03\/ce\/6403ced1352c36354b66be818eda95bd.jpg?w=356\" \/><noscript><img  decoding=\"async\" alt=\"ProductTest01\"  src=\"https:\/\/media.atlasformen.com\/webmedia\/1080by1242\/64\/03\/ce\/6403ced1352c36354b66be818eda95bd.jpg?w=356\" \/><\/noscript><\/div><div class=\"afmProductInformationContainer\"><div class=\"afmProduct-items-title\"><span>Les Baskets L\u00e9g\u00e8res Scratch\u00e9es Top Confort<\/span><\/div><div class=\"afmProduct-items-tag\"><\/div><div class=\"afmProduct-items-price-container col-md-12\"><span id=\"spanDiscount\" class=\"afm-ProductItemPromo\"><span class=\"afm-discount\"><strong id=\"strongOff\"><span id=\"spanLess\" class=\"less\">-<\/span><span class=\"amount\" id=\"spanPercentage\">58<\/span><span class=\"percent\">%<\/span><\/strong><\/span><\/span><span class=\"afm-ProductItemPrice afm-PLPPrice\">24\u20ac99<span id=\"spanPriceBefore\" class=\"afm-ProductItemPriceBase\">59\u20ac90<\/span><\/span><\/div><div class=\"afmProduct-items-cart\"><div class=\"afmProduct-BuyNow-Button\">J'AJOUTE AU PANIER<\/div><\/div><div class=\"afmProduct-items-sku\"> <\/div><\/div><\/a><\/div><div class=\"afmProduct\"><a class=\"clearfix\" href=\"\/products\/homme\/vetements\/nos-best-sellers\/chaussures-de-marche-mcleod-homme-noir-mountain-warehouse\/773331.aspx\" target=\"_blank\" ><div class=\"afmProductImageContainer\"><img  decoding=\"async\" alt=\"ProductTest01\"  src=\"data:image\/gif;base64,R0lGODlhAQABAIAAAAAAAP\/\/\/yH5BAEAAAAALAAAAAABAAEAAAIBRAA7\" data-lazy-src=\"https:\/\/media.atlasformen.com\/webmedia\/1080by1242\/4D\/61\/74\/4D6174628A37F17153E9E653F52F4B3D42C2CDC921301C5641DF633F3B1893C0.jpg?w=356\" \/><noscript><img  decoding=\"async\" alt=\"ProductTest01\"  src=\"https:\/\/media.atlasformen.com\/webmedia\/1080by1242\/4D\/61\/74\/4D6174628A37F17153E9E653F52F4B3D42C2CDC921301C5641DF633F3B1893C0.jpg?w=356\" \/><\/noscript><\/div><div class=\"afmProductInformationContainer\"><div class=\"afmProduct-items-title\"><span>Chaussures De Marche Mcleod Homme Noir Mountain Warehouse<\/span><\/div><div class=\"afmProduct-items-tag\"><\/div><div class=\"afmProduct-items-price-container col-md-12\"><span id=\"spanDiscount\" class=\"afm-ProductItemPromo\"><span class=\"afm-discount\"><strong id=\"strongOff\"><span id=\"spanLess\" class=\"less\">-<\/span><span class=\"amount\" id=\"spanPercentage\">19<\/span><span class=\"percent\">%<\/span><\/strong><\/span><\/span><span class=\"afm-ProductItemPrice afm-PLPPrice\">48\u20ac99<span id=\"spanPriceBefore\" class=\"afm-ProductItemPriceBase\">60\u20ac90<\/span><\/span><\/div><div class=\"afmProduct-items-cart\"><div class=\"afmProduct-BuyNow-Button\">J'AJOUTE AU PANIER<\/div><\/div><div class=\"afmProduct-items-sku\"> <\/div><\/div><\/a><\/div><div class=\"afmProduct\"><a class=\"clearfix\" href=\"\/products\/homme\/chaussures\/boots\/chaussures-leisure-homme-marron-imac\/1143895.aspx\" target=\"_blank\" ><div class=\"afmProductImageContainer\"><img  decoding=\"async\" alt=\"ProductTest01\"  src=\"data:image\/gif;base64,R0lGODlhAQABAIAAAAAAAP\/\/\/yH5BAEAAAAALAAAAAABAAEAAAIBRAA7\" data-lazy-src=\"https:\/\/media.atlasformen.com\/webmedia\/1080by1242\/E7\/77\/7D\/E7777D2494B59B91F0863392F0DF36789B88E740E62BECA5FB64C0C06DCCA070.jpg?w=356\" \/><noscript><img  decoding=\"async\" alt=\"ProductTest01\"  src=\"https:\/\/media.atlasformen.com\/webmedia\/1080by1242\/E7\/77\/7D\/E7777D2494B59B91F0863392F0DF36789B88E740E62BECA5FB64C0C06DCCA070.jpg?w=356\" \/><\/noscript><\/div><div class=\"afmProductInformationContainer\"><div class=\"afmProduct-items-title\"><span>Chaussures Leisure Homme Marron IMAC<\/span><\/div><div class=\"afmProduct-items-tag\"><\/div><div class=\"afmProduct-items-price-container col-md-12\"><span id=\"spanDiscount\" class=\"afm-ProductItemPromo\"><span class=\"afm-discount\"><strong id=\"strongOff\"><span id=\"spanLess\" class=\"less\">-<\/span><span class=\"amount\" id=\"spanPercentage\">28<\/span><span class=\"percent\">%<\/span><\/strong><\/span><\/span><span class=\"afm-ProductItemPrice afm-PLPPrice\">78\u20ac99<span id=\"spanPriceBefore\" class=\"afm-ProductItemPriceBase\">109\u20ac90<\/span><\/span><\/div><div class=\"afmProduct-items-cart\"><div class=\"afmProduct-BuyNow-Button\">J'AJOUTE AU PANIER<\/div><\/div><div class=\"afmProduct-items-sku\"> <\/div><\/div><\/a><\/div><div class=\"afmProduct\"><a class=\"clearfix\" href=\"\/products\/homme\/chaussures\/chaussures-de-sport\/baskets-marine-homme-le-coq-sportif-courtset\/1052969.aspx\" target=\"_blank\" ><div class=\"afmProductImageContainer\"><img  decoding=\"async\" alt=\"ProductTest01\"  src=\"data:image\/gif;base64,R0lGODlhAQABAIAAAAAAAP\/\/\/yH5BAEAAAAALAAAAAABAAEAAAIBRAA7\" data-lazy-src=\"https:\/\/media.atlasformen.com\/webmedia\/1080by1242\/74\/BD\/3E\/74BD3E8AFF80213C70F292DC3FFABBBC02D984328620A990A9807056991F3960.jpg?w=356\" \/><noscript><img  decoding=\"async\" alt=\"ProductTest01\"  src=\"https:\/\/media.atlasformen.com\/webmedia\/1080by1242\/74\/BD\/3E\/74BD3E8AFF80213C70F292DC3FFABBBC02D984328620A990A9807056991F3960.jpg?w=356\" \/><\/noscript><\/div><div class=\"afmProductInformationContainer\"><div class=\"afmProduct-items-title\"><span>Baskets marine homme le coq sportif courtset<\/span><\/div><div class=\"afmProduct-items-tag\"><\/div><div class=\"afmProduct-items-price-container col-md-12\"><span id=\"spanDiscount\" class=\"afm-ProductItemPromo\"><span class=\"afm-discount\"><strong id=\"strongOff\"><span id=\"spanLess\" class=\"less\">-<\/span><span class=\"amount\" id=\"spanPercentage\">55<\/span><span class=\"percent\">%<\/span><\/strong><\/span><\/span><span class=\"afm-ProductItemPrice afm-PLPPrice\">35\u20ac99<span id=\"spanPriceBefore\" class=\"afm-ProductItemPriceBase\">80\u20ac00<\/span><\/span><\/div><div class=\"afmProduct-items-cart\"><div class=\"afmProduct-BuyNow-Button\">J'AJOUTE AU PANIER<\/div><\/div><div class=\"afmProduct-items-sku\"> <\/div><\/div><\/a><\/div><div class=\"afmProduct\"><a class=\"clearfix\" href=\"\/products\/homme\/chaussures\/chaussures-de-sport\/baskets-blanches-homme-le-coq-sportif-ashe\/1125203.aspx\" target=\"_blank\" ><div class=\"afmProductImageContainer\"><img  decoding=\"async\" alt=\"ProductTest01\"  src=\"data:image\/gif;base64,R0lGODlhAQABAIAAAAAAAP\/\/\/yH5BAEAAAAALAAAAAABAAEAAAIBRAA7\" data-lazy-src=\"https:\/\/media.atlasformen.com\/webmedia\/1080by1242\/0F\/BA\/4C\/0FBA4C6ADAB3E4EB70A5D0FF5DE3AF6DEA6E56FE00970DC88C262ADE93987435.jpg?w=356\" \/><noscript><img  decoding=\"async\" alt=\"ProductTest01\"  src=\"https:\/\/media.atlasformen.com\/webmedia\/1080by1242\/0F\/BA\/4C\/0FBA4C6ADAB3E4EB70A5D0FF5DE3AF6DEA6E56FE00970DC88C262ADE93987435.jpg?w=356\" \/><\/noscript><\/div><div class=\"afmProductInformationContainer\"><div class=\"afmProduct-items-title\"><span>Baskets blanches homme le coq sportif ashe<\/span><\/div><div class=\"afmProduct-items-tag\"><\/div><div class=\"afmProduct-items-price-container col-md-12\"><span id=\"spanDiscount\" class=\"afm-ProductItemPromo\"><span class=\"afm-discount\"><strong id=\"strongOff\"><span id=\"spanLess\" class=\"less\">-<\/span><span class=\"amount\" id=\"spanPercentage\">56<\/span><span class=\"percent\">%<\/span><\/strong><\/span><\/span><span class=\"afm-ProductItemPrice afm-PLPPrice\">47\u20ac99<span id=\"spanPriceBefore\" class=\"afm-ProductItemPriceBase\">110\u20ac00<\/span><\/span><\/div><div class=\"afmProduct-items-cart\"><div class=\"afmProduct-BuyNow-Button\">J'AJOUTE AU PANIER<\/div><\/div><div class=\"afmProduct-items-sku\"> <\/div><\/div><\/a><\/div><\/div><\/div><\/div>\n\t\t\t\t\t\t<\/div>\n\t\t\t\t<\/div>\n\t\t\t\t\t<\/div>\n\t\t<\/div>\n\t\t\t\t\t<\/div>\n\t\t<\/section>\n\t\t\t\t<section class=\"elementor-section elementor-top-section elementor-element elementor-element-d0fdcdc elementor-section-boxed elementor-section-height-default elementor-section-height-default\" data-id=\"d0fdcdc\" data-element_type=\"section\">\n\t\t\t\t\t\t<div class=\"elementor-container elementor-column-gap-default\">\n\t\t\t\t\t<div class=\"elementor-column elementor-col-100 elementor-top-column elementor-element elementor-element-02356ae\" data-id=\"02356ae\" data-element_type=\"column\">\n\t\t\t<div class=\"elementor-widget-wrap elementor-element-populated\">\n\t\t\t\t\t\t<div class=\"elementor-element elementor-element-bca51cd elementor-widget elementor-widget-heading\" data-id=\"bca51cd\" data-element_type=\"widget\" data-widget_type=\"heading.default\">\n\t\t\t\t<div class=\"elementor-widget-container\">\n\t\t\t\t\t<h2 class=\"elementor-heading-title elementor-size-default\">Le trou de Bozouls, en forme de fer \u00e0 cheval<\/h2>\t\t\t\t<\/div>\n\t\t\t\t<\/div>\n\t\t\t\t\t<\/div>\n\t\t<\/div>\n\t\t\t\t\t<\/div>\n\t\t<\/section>\n\t\t\t\t<section class=\"elementor-section elementor-top-section elementor-element elementor-element-781c6db elementor-section-boxed elementor-section-height-default elementor-section-height-default\" data-id=\"781c6db\" data-element_type=\"section\">\n\t\t\t\t\t\t<div class=\"elementor-container elementor-column-gap-default\">\n\t\t\t\t\t<div class=\"elementor-column elementor-col-100 elementor-top-column elementor-element elementor-element-84567c0\" data-id=\"84567c0\" data-element_type=\"column\">\n\t\t\t<div class=\"elementor-widget-wrap elementor-element-populated\">\n\t\t\t\t\t\t<div class=\"elementor-element elementor-element-df4e9a4 elementor-widget elementor-widget-text-editor\" data-id=\"df4e9a4\" data-element_type=\"widget\" data-widget_type=\"text-editor.default\">\n\t\t\t\t<div class=\"elementor-widget-container\">\n\t\t\t\t\t\t\t\t\t<p>Situ\u00e9 sur le <strong>causse Comtal<\/strong> <strong>dans l\u2019Aveyron<\/strong>, le trou de Bozouls a \u00e9t\u00e9 creus\u00e9 par la rivi\u00e8re Dourdou de Conques. En forme de fer \u00e0 cheval, ce canyon mesure <strong>400 m de diam\u00e8tre<\/strong> et plus de <strong>100 m de profondeur<\/strong>. Au centre du canyon se dresse un \u00e9peron rocheux sur lequel est b\u00e2ti le vieux village m\u00e9di\u00e9val. Il ne reste plus rien du ch\u00e2teau des comtes de Rodez qui le dominait autrefois.<\/p><p>Class\u00e9 <strong>espace naturel sensible<\/strong>, le site abrite une faune et une flore riches, qu\u2019on peut d\u00e9couvrir en empruntant des sentiers balis\u00e9s.\u00a0Des passerelles en bois permettent de franchir le Dourdou en toute saison, offrant de beaux points de vue sur les gorges du Dourdou.\u00a0Le long des falaises, plusieurs belv\u00e9d\u00e8res sont am\u00e9nag\u00e9s pour d\u00e9couvrir les paysages et offrir la meilleure vue sur le canyon.<\/p><p>Pour une exp\u00e9rience encore plus incroyable, il est \u00e9galement possible de survoler le Trou de Bozouls en montgolfi\u00e8re (lien vers article bouger), ou d\u2019explorer la r\u00e9gion en VTT \u00e9lectrique ou en swin car. Plusieurs circuits de difficult\u00e9s vari\u00e9es permettent des sorties familiales ou plus sportives, de quelques kilom\u00e8tres \u00e0 une trentaine de kilom\u00e8tres. Les rives du Lot, qui coule \u00e0 proximit\u00e9, offrent des possibilit\u00e9s de p\u00eache, de cano\u00eb-kayak.<\/p>\t\t\t\t\t\t\t\t<\/div>\n\t\t\t\t<\/div>\n\t\t\t\t\t<\/div>\n\t\t<\/div>\n\t\t\t\t\t<\/div>\n\t\t<\/section>\n\t\t\t\t<section class=\"elementor-section elementor-top-section elementor-element elementor-element-7782865 elementor-section-boxed elementor-section-height-default elementor-section-height-default\" data-id=\"7782865\" data-element_type=\"section\">\n\t\t\t\t\t\t<div class=\"elementor-container elementor-column-gap-default\">\n\t\t\t\t\t<div class=\"elementor-column elementor-col-100 elementor-top-column elementor-element elementor-element-4ea9b9c\" data-id=\"4ea9b9c\" data-element_type=\"column\">\n\t\t\t<div class=\"elementor-widget-wrap elementor-element-populated\">\n\t\t\t\t\t\t<div class=\"elementor-element elementor-element-57fd2cd elementor-widget elementor-widget-image\" data-id=\"57fd2cd\" data-element_type=\"widget\" data-widget_type=\"image.default\">\n\t\t\t\t<div class=\"elementor-widget-container\">\n\t\t\t\t\t\t\t\t\t\t\t\t\t\t\t<img  decoding=\"async\" width=\"809\" height=\"610\"  src=\"data:image\/gif;base64,R0lGODlhAQABAIAAAAAAAP\/\/\/yH5BAEAAAAALAAAAAABAAEAAAIBRAA7\" data-lazy-src=\"https:\/\/media.atlasformen.com\/blogmedia\/uploads\/2024\/08\/Le-trou-de-Bozouls.jpg\"  class=\"attachment-large size-large wp-image-22780\" alt=\"\" srcset=\"https:\/\/media.atlasformen.com\/blogmedia\/uploads\/2024\/08\/Le-trou-de-Bozouls.jpg 809w, https:\/\/media.atlasformen.com\/blogmedia\/uploads\/2024\/08\/Le-trou-de-Bozouls-300x226.jpg 300w, https:\/\/media.atlasformen.com\/blogmedia\/uploads\/2024\/08\/Le-trou-de-Bozouls-768x579.jpg 768w, https:\/\/media.atlasformen.com\/blogmedia\/uploads\/2024\/08\/Le-trou-de-Bozouls-24x18.jpg 24w, https:\/\/media.atlasformen.com\/blogmedia\/uploads\/2024\/08\/Le-trou-de-Bozouls-36x27.jpg 36w, https:\/\/media.atlasformen.com\/blogmedia\/uploads\/2024\/08\/Le-trou-de-Bozouls-48x36.jpg 48w\" sizes=\"(max-width: 809px) 100vw, 809px\" \/><noscript><img  decoding=\"async\" width=\"809\" height=\"610\"  src=\"https:\/\/media.atlasformen.com\/blogmedia\/uploads\/2024\/08\/Le-trou-de-Bozouls.jpg\"  class=\"attachment-large size-large wp-image-22780\" alt=\"\" srcset=\"https:\/\/media.atlasformen.com\/blogmedia\/uploads\/2024\/08\/Le-trou-de-Bozouls.jpg 809w, https:\/\/media.atlasformen.com\/blogmedia\/uploads\/2024\/08\/Le-trou-de-Bozouls-300x226.jpg 300w, https:\/\/media.atlasformen.com\/blogmedia\/uploads\/2024\/08\/Le-trou-de-Bozouls-768x579.jpg 768w, https:\/\/media.atlasformen.com\/blogmedia\/uploads\/2024\/08\/Le-trou-de-Bozouls-24x18.jpg 24w, https:\/\/media.atlasformen.com\/blogmedia\/uploads\/2024\/08\/Le-trou-de-Bozouls-36x27.jpg 36w, https:\/\/media.atlasformen.com\/blogmedia\/uploads\/2024\/08\/Le-trou-de-Bozouls-48x36.jpg 48w\" sizes=\"(max-width: 809px) 100vw, 809px\" \/><\/noscript>\t\t\t\t\t\t\t\t\t\t\t\t\t\t\t<\/div>\n\t\t\t\t<\/div>\n\t\t\t\t\t<\/div>\n\t\t<\/div>\n\t\t\t\t\t<\/div>\n\t\t<\/section>\n\t\t\t\t<section class=\"elementor-section elementor-top-section elementor-element elementor-element-ea4529e elementor-section-boxed elementor-section-height-default elementor-section-height-default\" data-id=\"ea4529e\" data-element_type=\"section\">\n\t\t\t\t\t\t<div class=\"elementor-container elementor-column-gap-default\">\n\t\t\t\t\t<div class=\"elementor-column elementor-col-100 elementor-top-column elementor-element elementor-element-a877362\" data-id=\"a877362\" data-element_type=\"column\">\n\t\t\t<div class=\"elementor-widget-wrap elementor-element-populated\">\n\t\t\t\t\t\t<div class=\"elementor-element elementor-element-57187a2 elementor-widget elementor-widget-text-editor\" data-id=\"57187a2\" data-element_type=\"widget\" data-widget_type=\"text-editor.default\">\n\t\t\t\t<div class=\"elementor-widget-container\">\n\t\t\t\t\t\t\t\t\t<p>\u00c0 voir dans les environs\u00a0: les villages m\u00e9di\u00e9vaux d&#8217;<strong>Estaing<\/strong> et de <strong>Sainte-Eulalie-d&#8217;Olt<\/strong>, tous deux baign\u00e9s par le Lot, sont class\u00e9s parmi \u00ab\u00a0Les Plus Beaux Villages de France\u00a0\u00bb. Situ\u00e9e au pied des monts d\u2019Aubrac, la petite cit\u00e9 d\u2019Estaing est une \u00e9tape vers Compostelle sur la voie du Puy-en-Velay (via Podensis). Son pont gothique et son ch\u00e2teau comptent parmi les joyaux de son patrimoine architectural. \u00c0 Sainte-Eulalie, les moulins, le long du ruisseau de la Serre, sont l\u2019h\u00e9ritage des anciennes activit\u00e9s de tanneries et de draperies qui utilisaient la force motrice de l\u2019eau. Chef d&#8217;\u0153uvre de l&#8217;art roman et gothique, l\u2019\u00e9glise Sainte-Eulalie est le centre autour duquel est construit le village en arcs de cercles.<\/p><p>La meilleure p\u00e9riode pour s\u2019y rendre\u00a0: de mai \u00e0 septembre car la saison froide peut \u00eatre rude.<\/p>\t\t\t\t\t\t\t\t<\/div>\n\t\t\t\t<\/div>\n\t\t\t\t<div class=\"elementor-element elementor-element-9b6dfbd elementor-widget elementor-widget-shortcode\" data-id=\"9b6dfbd\" data-element_type=\"widget\" data-widget_type=\"shortcode.default\">\n\t\t\t\t<div class=\"elementor-widget-container\">\n\t\t\t\t\t\t\t<div class=\"elementor-shortcode\"><div class=\"afmProductSlider-Container\"><div class=\"afmProductSlider-arrows-container clearfix\"><div class=\"afmArrow-prev\"><\/div><div class=\"afmArrow-next\"><\/div><\/div><div class=\"afmProductSlider \"><div class=\"afmProduct\"><a class=\"clearfix\" href=\"\/products\/homme\/vetements\/vestes\/vestes-dete\/le-blouson-impermeable-pliable\/r1149.aspx\" target=\"_blank\" ><div class=\"afmProductImageContainer\"><img  decoding=\"async\" alt=\"ProductTest01\"  src=\"data:image\/gif;base64,R0lGODlhAQABAIAAAAAAAP\/\/\/yH5BAEAAAAALAAAAAABAAEAAAIBRAA7\" data-lazy-src=\"https:\/\/media.atlasformen.com\/webmedia\/1080by1242\/db\/8b\/ec\/db8bec29c06009a41fc015f138a8428b.jpg?w=356\" \/><noscript><img  decoding=\"async\" alt=\"ProductTest01\"  src=\"https:\/\/media.atlasformen.com\/webmedia\/1080by1242\/db\/8b\/ec\/db8bec29c06009a41fc015f138a8428b.jpg?w=356\" \/><\/noscript><\/div><div class=\"afmProductInformationContainer\"><div class=\"afmProduct-items-title\"><span>Le Blouson Imperm\u00e9able Pliable<\/span><\/div><div class=\"afmProduct-items-tag\"><\/div><div class=\"afmProduct-items-price-container col-md-12\"><span id=\"spanDiscount\" class=\"afm-ProductItemPromo\"><span class=\"afm-discount\"><strong id=\"strongOff\"><span id=\"spanLess\" class=\"less\">-<\/span><span class=\"amount\" id=\"spanPercentage\">59<\/span><span class=\"percent\">%<\/span><\/strong><\/span><\/span><span class=\"afm-ProductItemPrice afm-PLPPrice\">29\u20ac99<span id=\"spanPriceBefore\" class=\"afm-ProductItemPriceBase\">74\u20ac90<\/span><\/span><\/div><div class=\"afmProduct-items-cart\"><div class=\"afmProduct-BuyNow-Button\">J'AJOUTE AU PANIER<\/div><\/div><div class=\"afmProduct-items-sku\"> <\/div><\/div><\/a><\/div><div class=\"afmProduct\"><a class=\"clearfix\" href=\"\/products\/homme\/vetements\/vestes\/vestes-dete\/la-parka-coupe-vent-estivale\/l5131.aspx\" target=\"_blank\" ><div class=\"afmProductImageContainer\"><img  decoding=\"async\" alt=\"ProductTest01\"  src=\"data:image\/gif;base64,R0lGODlhAQABAIAAAAAAAP\/\/\/yH5BAEAAAAALAAAAAABAAEAAAIBRAA7\" data-lazy-src=\"https:\/\/media.atlasformen.com\/webmedia\/1080by1242\/a5\/19\/65\/a5196592163d11ff4a469c8fe233415a.jpg?w=356\" \/><noscript><img  decoding=\"async\" alt=\"ProductTest01\"  src=\"https:\/\/media.atlasformen.com\/webmedia\/1080by1242\/a5\/19\/65\/a5196592163d11ff4a469c8fe233415a.jpg?w=356\" \/><\/noscript><\/div><div class=\"afmProductInformationContainer\"><div class=\"afmProduct-items-title\"><span>La Parka Coupe-Vent Estivale<\/span><\/div><div class=\"afmProduct-items-tag\"><\/div><div class=\"afmProduct-items-price-container col-md-12\"><span id=\"spanDiscount\" class=\"afm-ProductItemPromo\"><span class=\"afm-discount\"><strong id=\"strongOff\"><span id=\"spanLess\" class=\"less\">-<\/span><span class=\"amount\" id=\"spanPercentage\">58<\/span><span class=\"percent\">%<\/span><\/strong><\/span><\/span><span class=\"afm-ProductItemPrice afm-PLPPrice\">29\u20ac99<span id=\"spanPriceBefore\" class=\"afm-ProductItemPriceBase\">72\u20ac90<\/span><\/span><\/div><div class=\"afmProduct-items-cart\"><div class=\"afmProduct-BuyNow-Button\">J'AJOUTE AU PANIER<\/div><\/div><div class=\"afmProduct-items-sku\"> <\/div><\/div><\/a><\/div><div class=\"afmProduct\"><a class=\"clearfix\" href=\"\/products\/homme\/vetements\/vestes\/vestes-dete\/le-blouson-coupe-vent-marine\/r2135.aspx\" target=\"_blank\" ><div class=\"afmProductImageContainer\"><img  decoding=\"async\" alt=\"ProductTest01\"  src=\"data:image\/gif;base64,R0lGODlhAQABAIAAAAAAAP\/\/\/yH5BAEAAAAALAAAAAABAAEAAAIBRAA7\" data-lazy-src=\"https:\/\/media.atlasformen.com\/webmedia\/1080by1242\/b4\/25\/79\/b425798e32df96d03e457454eae448e9.jpg?w=356\" \/><noscript><img  decoding=\"async\" alt=\"ProductTest01\"  src=\"https:\/\/media.atlasformen.com\/webmedia\/1080by1242\/b4\/25\/79\/b425798e32df96d03e457454eae448e9.jpg?w=356\" \/><\/noscript><\/div><div class=\"afmProductInformationContainer\"><div class=\"afmProduct-items-title\"><span>Le Blouson Coupe-Vent Marine<\/span><\/div><div class=\"afmProduct-items-tag\"><\/div><div class=\"afmProduct-items-price-container col-md-12\"><span id=\"spanDiscount\" class=\"afm-ProductItemPromo\"><span class=\"afm-discount\"><strong id=\"strongOff\"><span id=\"spanLess\" class=\"less\">-<\/span><span class=\"amount\" id=\"spanPercentage\">58<\/span><span class=\"percent\">%<\/span><\/strong><\/span><\/span><span class=\"afm-ProductItemPrice afm-PLPPrice\">29\u20ac99<span id=\"spanPriceBefore\" class=\"afm-ProductItemPriceBase\">72\u20ac90<\/span><\/span><\/div><div class=\"afmProduct-items-cart\"><div class=\"afmProduct-BuyNow-Button\">J'AJOUTE AU PANIER<\/div><\/div><div class=\"afmProduct-items-sku\"> <\/div><\/div><\/a><\/div><div class=\"afmProduct\"><a class=\"clearfix\" href=\"\/products\/homme\/vetements\/coupe-vents\/coupe-vent-homme-k616-vert-lime\/600994.aspx\" target=\"_blank\" ><div class=\"afmProductImageContainer\"><img  decoding=\"async\" alt=\"ProductTest01\"  src=\"data:image\/gif;base64,R0lGODlhAQABAIAAAAAAAP\/\/\/yH5BAEAAAAALAAAAAABAAEAAAIBRAA7\" data-lazy-src=\"https:\/\/media.atlasformen.com\/webmedia\/1080by1242\/28\/05\/D9\/2805D97165451DEE63CD3CA878BC4304EADF07EDA8E2655862A638CFEAEB34F1.jpg?w=356\" \/><noscript><img  decoding=\"async\" alt=\"ProductTest01\"  src=\"https:\/\/media.atlasformen.com\/webmedia\/1080by1242\/28\/05\/D9\/2805D97165451DEE63CD3CA878BC4304EADF07EDA8E2655862A638CFEAEB34F1.jpg?w=356\" \/><\/noscript><\/div><div class=\"afmProductInformationContainer\"><div class=\"afmProduct-items-title\"><span>Coupe-vent - Homme - K616 - vert lime<\/span><\/div><div class=\"afmProduct-items-tag\"><\/div><div class=\"afmProduct-items-price-container col-md-12\"><span id=\"spanDiscount\" class=\"afm-ProductItemPromo\"><span class=\"afm-discount\"><strong id=\"strongOff\"><span id=\"spanLess\" class=\"less\">-<\/span><span class=\"amount\" id=\"spanPercentage\">52<\/span><span class=\"percent\">%<\/span><\/strong><\/span><\/span><span class=\"afm-ProductItemPrice afm-PLPPrice\">23\u20ac99<span id=\"spanPriceBefore\" class=\"afm-ProductItemPriceBase\">49\u20ac99<\/span><\/span><\/div><div class=\"afmProduct-items-cart\"><div class=\"afmProduct-BuyNow-Button\">J'AJOUTE AU PANIER<\/div><\/div><div class=\"afmProduct-items-sku\"> <\/div><\/div><\/a><\/div><div class=\"afmProduct\"><a class=\"clearfix\" href=\"\/products\/homme\/vetements\/vestes\/vestes-dete\/craghoppers-veste-3-en-1-expert-kiwi-pro-stretch-pour-hommes-noir-utpc4667\/578432.aspx\" target=\"_blank\" ><div class=\"afmProductImageContainer\"><img  decoding=\"async\" alt=\"ProductTest01\"  src=\"data:image\/gif;base64,R0lGODlhAQABAIAAAAAAAP\/\/\/yH5BAEAAAAALAAAAAABAAEAAAIBRAA7\" data-lazy-src=\"https:\/\/media.atlasformen.com\/webmedia\/1080by1242\/50\/7C\/3E\/507C3E2D9267B04077DD637E442835CCDCB0D5DDC20BB1D1DE9B3CBF36FEE5EF.jpg?w=356\" \/><noscript><img  decoding=\"async\" alt=\"ProductTest01\"  src=\"https:\/\/media.atlasformen.com\/webmedia\/1080by1242\/50\/7C\/3E\/507C3E2D9267B04077DD637E442835CCDCB0D5DDC20BB1D1DE9B3CBF36FEE5EF.jpg?w=356\" \/><\/noscript><\/div><div class=\"afmProductInformationContainer\"><div class=\"afmProduct-items-title\"><span>Craghoppers Veste 3 en 1 Expert Kiwi Pro Stretch pour hommes (Noir) - UTPC4667<\/span><\/div><div class=\"afmProduct-items-tag\"><\/div><div class=\"afmProduct-items-price-container col-md-12\"><span id=\"spanDiscount\" class=\"afm-ProductItemPromo\"><span class=\"afm-discount\"><strong id=\"strongOff\"><span id=\"spanLess\" class=\"less\">-<\/span><span class=\"amount\" id=\"spanPercentage\">34<\/span><span class=\"percent\">%<\/span><\/strong><\/span><\/span><span class=\"afm-ProductItemPrice afm-PLPPrice\">208\u20ac99<span id=\"spanPriceBefore\" class=\"afm-ProductItemPriceBase\">320\u20ac90<\/span><\/span><\/div><div class=\"afmProduct-items-cart\"><div class=\"afmProduct-BuyNow-Button\">J'AJOUTE AU PANIER<\/div><\/div><div class=\"afmProduct-items-sku\"> <\/div><\/div><\/a><\/div><div class=\"afmProduct\"><a class=\"clearfix\" href=\"\/products\/homme\/vetements\/vestes\/vestes-dete\/veste-softshell-arana-homme-marron-noir-regatta\/1018634.aspx\" target=\"_blank\" ><div class=\"afmProductImageContainer\"><img  decoding=\"async\" alt=\"ProductTest01\"  src=\"data:image\/gif;base64,R0lGODlhAQABAIAAAAAAAP\/\/\/yH5BAEAAAAALAAAAAABAAEAAAIBRAA7\" data-lazy-src=\"https:\/\/media.atlasformen.com\/webmedia\/1080by1242\/41\/91\/81\/41918136F76C491BB84B20A427D83D0255580EEEAE33C50788B42B57DFC9CDEF.jpg?w=356\" \/><noscript><img  decoding=\"async\" alt=\"ProductTest01\"  src=\"https:\/\/media.atlasformen.com\/webmedia\/1080by1242\/41\/91\/81\/41918136F76C491BB84B20A427D83D0255580EEEAE33C50788B42B57DFC9CDEF.jpg?w=356\" \/><\/noscript><\/div><div class=\"afmProductInformationContainer\"><div class=\"afmProduct-items-title\"><span>Veste Softshell Arana Homme Marron Noir Regatta<\/span><\/div><div class=\"afmProduct-items-tag\"><\/div><div class=\"afmProduct-items-price-container col-md-12\"><span id=\"spanDiscount\" class=\"afm-ProductItemPromo\"><span class=\"afm-discount\"><strong id=\"strongOff\"><span id=\"spanLess\" class=\"less\">-<\/span><span class=\"amount\" id=\"spanPercentage\">66<\/span><span class=\"percent\">%<\/span><\/strong><\/span><\/span><span class=\"afm-ProductItemPrice afm-PLPPrice\">52\u20ac99<span id=\"spanPriceBefore\" class=\"afm-ProductItemPriceBase\">115\u20ac90<\/span><\/span><\/div><div class=\"afmProduct-items-cart\"><div class=\"afmProduct-BuyNow-Button\">J'AJOUTE AU PANIER<\/div><\/div><div class=\"afmProduct-items-sku\"> <\/div><\/div><\/a><\/div><div class=\"afmProduct\"><a class=\"clearfix\" href=\"\/products\/homme\/vetements\/vestes\/vestes-dete\/veste-softshell-impermeable-respirante-homme-46600-rouge\/145656.aspx\" target=\"_blank\" ><div class=\"afmProductImageContainer\"><img  decoding=\"async\" alt=\"ProductTest01\"  src=\"data:image\/gif;base64,R0lGODlhAQABAIAAAAAAAP\/\/\/yH5BAEAAAAALAAAAAABAAEAAAIBRAA7\" data-lazy-src=\"https:\/\/media.atlasformen.com\/webmedia\/1080by1242\/CF\/89\/65\/CF8965D0340E4F3D1101A6A8D0BB2147B41081100D275D793316E79E308943C1.jpg?w=356\" \/><noscript><img  decoding=\"async\" alt=\"ProductTest01\"  src=\"https:\/\/media.atlasformen.com\/webmedia\/1080by1242\/CF\/89\/65\/CF8965D0340E4F3D1101A6A8D0BB2147B41081100D275D793316E79E308943C1.jpg?w=356\" \/><\/noscript><\/div><div class=\"afmProductInformationContainer\"><div class=\"afmProduct-items-title\"><span>Veste softshell imperm\u00e9able respirante homme 46600 - rouge<\/span><\/div><div class=\"afmProduct-items-tag\"><\/div><div class=\"afmProduct-items-price-container col-md-12\"><span id=\"spanDiscount\" class=\"afm-ProductItemPromo\"><span class=\"afm-discount\"><strong id=\"strongOff\"><span id=\"spanLess\" class=\"less\">-<\/span><span class=\"amount\" id=\"spanPercentage\">40<\/span><span class=\"percent\">%<\/span><\/strong><\/span><\/span><span class=\"afm-ProductItemPrice afm-PLPPrice\">47\u20ac99<span id=\"spanPriceBefore\" class=\"afm-ProductItemPriceBase\">79\u20ac99<\/span><\/span><\/div><div class=\"afmProduct-items-cart\"><div class=\"afmProduct-BuyNow-Button\">J'AJOUTE AU PANIER<\/div><\/div><div class=\"afmProduct-items-sku\"> <\/div><\/div><\/a><\/div><div class=\"afmProduct\"><a class=\"clearfix\" href=\"\/products\/homme\/vetements\/coupe-vents\/corvo-manteau-impermeable-homme-bleu-marine-trespass\/700369.aspx\" target=\"_blank\" ><div class=\"afmProductImageContainer\"><img  decoding=\"async\" alt=\"ProductTest01\"  src=\"data:image\/gif;base64,R0lGODlhAQABAIAAAAAAAP\/\/\/yH5BAEAAAAALAAAAAABAAEAAAIBRAA7\" data-lazy-src=\"https:\/\/media.atlasformen.com\/webmedia\/1080by1242\/10\/0C\/D1\/100CD1CC178835D8923DDB4F21D70DBEA682118AEE601897F4373FB5B5221D7F.jpg?w=356\" \/><noscript><img  decoding=\"async\" alt=\"ProductTest01\"  src=\"https:\/\/media.atlasformen.com\/webmedia\/1080by1242\/10\/0C\/D1\/100CD1CC178835D8923DDB4F21D70DBEA682118AEE601897F4373FB5B5221D7F.jpg?w=356\" \/><\/noscript><\/div><div class=\"afmProductInformationContainer\"><div class=\"afmProduct-items-title\"><span>Corvo Manteau Imperm\u00e9able Homme Bleu Marine Trespass<\/span><\/div><div class=\"afmProduct-items-tag\"><\/div><div class=\"afmProduct-items-price-container col-md-12\"><span id=\"spanDiscount\" class=\"afm-ProductItemPromo\"><span class=\"afm-discount\"><strong id=\"strongOff\"><span id=\"spanLess\" class=\"less\">-<\/span><span class=\"amount\" id=\"spanPercentage\">63<\/span><span class=\"percent\">%<\/span><\/strong><\/span><\/span><span class=\"afm-ProductItemPrice afm-PLPPrice\">48\u20ac99<span id=\"spanPriceBefore\" class=\"afm-ProductItemPriceBase\">134\u20ac90<\/span><\/span><\/div><div class=\"afmProduct-items-cart\"><div class=\"afmProduct-BuyNow-Button\">J'AJOUTE AU PANIER<\/div><\/div><div class=\"afmProduct-items-sku\"> <\/div><\/div><\/a><\/div><div class=\"afmProduct\"><a class=\"clearfix\" href=\"\/products\/homme\/vetements\/vestes\/vestes-dete\/veste-impermeable-curbridge-homme-bleu-bondi-trespass\/915219.aspx\" target=\"_blank\" ><div class=\"afmProductImageContainer\"><img  decoding=\"async\" alt=\"ProductTest01\"  src=\"data:image\/gif;base64,R0lGODlhAQABAIAAAAAAAP\/\/\/yH5BAEAAAAALAAAAAABAAEAAAIBRAA7\" data-lazy-src=\"https:\/\/media.atlasformen.com\/webmedia\/1080by1242\/6B\/34\/C0\/6B34C0B1CC3B24AA49640BC01DA08E72B85262FF237C840E505706DFFDC9E499.jpg?w=356\" \/><noscript><img  decoding=\"async\" alt=\"ProductTest01\"  src=\"https:\/\/media.atlasformen.com\/webmedia\/1080by1242\/6B\/34\/C0\/6B34C0B1CC3B24AA49640BC01DA08E72B85262FF237C840E505706DFFDC9E499.jpg?w=356\" \/><\/noscript><\/div><div class=\"afmProductInformationContainer\"><div class=\"afmProduct-items-title\"><span>Veste Imperm\u00e9able Curbridge Homme Bleu Bondi Trespass<\/span><\/div><div class=\"afmProduct-items-tag\"><\/div><div class=\"afmProduct-items-price-container col-md-12\"><span id=\"spanDiscount\" class=\"afm-ProductItemPromo\"><span class=\"afm-discount\"><strong id=\"strongOff\"><span id=\"spanLess\" class=\"less\">-<\/span><span class=\"amount\" id=\"spanPercentage\">65<\/span><span class=\"percent\">%<\/span><\/strong><\/span><\/span><span class=\"afm-ProductItemPrice afm-PLPPrice\">48\u20ac99<span id=\"spanPriceBefore\" class=\"afm-ProductItemPriceBase\">140\u20ac90<\/span><\/span><\/div><div class=\"afmProduct-items-cart\"><div class=\"afmProduct-BuyNow-Button\">J'AJOUTE AU PANIER<\/div><\/div><div class=\"afmProduct-items-sku\"> <\/div><\/div><\/a><\/div><div class=\"afmProduct\"><a class=\"clearfix\" href=\"\/products\/homme\/vetements\/vestes\/vestes-dete\/veste-impermeable-oswalt-homme-bleu-marine-trespass\/955747.aspx\" target=\"_blank\" ><div class=\"afmProductImageContainer\"><img  decoding=\"async\" alt=\"ProductTest01\"  src=\"data:image\/gif;base64,R0lGODlhAQABAIAAAAAAAP\/\/\/yH5BAEAAAAALAAAAAABAAEAAAIBRAA7\" data-lazy-src=\"https:\/\/media.atlasformen.com\/webmedia\/1080by1242\/EB\/FF\/4F\/EBFF4F32B2C29BE57176864E7127A7D6D0EF4380A150F634393B03BA30C06428.jpg?w=356\" \/><noscript><img  decoding=\"async\" alt=\"ProductTest01\"  src=\"https:\/\/media.atlasformen.com\/webmedia\/1080by1242\/EB\/FF\/4F\/EBFF4F32B2C29BE57176864E7127A7D6D0EF4380A150F634393B03BA30C06428.jpg?w=356\" \/><\/noscript><\/div><div class=\"afmProductInformationContainer\"><div class=\"afmProduct-items-title\"><span>Veste Imperm\u00e9able Oswalt Homme Bleu Marine Trespass<\/span><\/div><div class=\"afmProduct-items-tag\"><\/div><div class=\"afmProduct-items-price-container col-md-12\"><span id=\"spanDiscount\" class=\"afm-ProductItemPromo\"><span class=\"afm-discount\"><strong id=\"strongOff\"><span id=\"spanLess\" class=\"less\">-<\/span><span class=\"amount\" id=\"spanPercentage\">50<\/span><span class=\"percent\">%<\/span><\/strong><\/span><\/span><span class=\"afm-ProductItemPrice afm-PLPPrice\">127\u20ac99<span id=\"spanPriceBefore\" class=\"afm-ProductItemPriceBase\">260\u20ac90<\/span><\/span><\/div><div class=\"afmProduct-items-cart\"><div class=\"afmProduct-BuyNow-Button\">J'AJOUTE AU PANIER<\/div><\/div><div class=\"afmProduct-items-sku\"> <\/div><\/div><\/a><\/div><div class=\"afmProduct\"><a class=\"clearfix\" href=\"\/products\/homme\/vetements\/vestes\/vestes-dete\/veste-softshell-impermeable-respirante-homme-46600-blanc\/145651.aspx\" target=\"_blank\" ><div class=\"afmProductImageContainer\"><img  decoding=\"async\" alt=\"ProductTest01\"  src=\"data:image\/gif;base64,R0lGODlhAQABAIAAAAAAAP\/\/\/yH5BAEAAAAALAAAAAABAAEAAAIBRAA7\" data-lazy-src=\"https:\/\/media.atlasformen.com\/webmedia\/1080by1242\/E6\/70\/CE\/E670CE5A7B6E66F0B4DC979A3F1CCE9592BCB8DA38103551F03870ACDE6421B0.jpg?w=356\" \/><noscript><img  decoding=\"async\" alt=\"ProductTest01\"  src=\"https:\/\/media.atlasformen.com\/webmedia\/1080by1242\/E6\/70\/CE\/E670CE5A7B6E66F0B4DC979A3F1CCE9592BCB8DA38103551F03870ACDE6421B0.jpg?w=356\" \/><\/noscript><\/div><div class=\"afmProductInformationContainer\"><div class=\"afmProduct-items-title\"><span>Veste softshell imperm\u00e9able respirante homme 46600 - blanc<\/span><\/div><div class=\"afmProduct-items-tag\"><\/div><div class=\"afmProduct-items-price-container col-md-12\"><span id=\"spanDiscount\" class=\"afm-ProductItemPromo\"><span class=\"afm-discount\"><strong id=\"strongOff\"><span id=\"spanLess\" class=\"less\">-<\/span><span class=\"amount\" id=\"spanPercentage\">40<\/span><span class=\"percent\">%<\/span><\/strong><\/span><\/span><span class=\"afm-ProductItemPrice afm-PLPPrice\">47\u20ac99<span id=\"spanPriceBefore\" class=\"afm-ProductItemPriceBase\">79\u20ac99<\/span><\/span><\/div><div class=\"afmProduct-items-cart\"><div class=\"afmProduct-BuyNow-Button\">J'AJOUTE AU PANIER<\/div><\/div><div class=\"afmProduct-items-sku\"> <\/div><\/div><\/a><\/div><div class=\"afmProduct\"><a class=\"clearfix\" href=\"\/products\/homme\/vetements\/vestes\/vestes-dete\/veste-softshell-impermeable-respirante-homme-46600-noir\/145655.aspx\" target=\"_blank\" ><div class=\"afmProductImageContainer\"><img  decoding=\"async\" alt=\"ProductTest01\"  src=\"data:image\/gif;base64,R0lGODlhAQABAIAAAAAAAP\/\/\/yH5BAEAAAAALAAAAAABAAEAAAIBRAA7\" data-lazy-src=\"https:\/\/media.atlasformen.com\/webmedia\/1080by1242\/73\/DC\/E8\/73DCE89F8A82F11EA99963F2D73F9CD4227DCB468D98066F12B538ADD41B56FF.jpg?w=356\" \/><noscript><img  decoding=\"async\" alt=\"ProductTest01\"  src=\"https:\/\/media.atlasformen.com\/webmedia\/1080by1242\/73\/DC\/E8\/73DCE89F8A82F11EA99963F2D73F9CD4227DCB468D98066F12B538ADD41B56FF.jpg?w=356\" \/><\/noscript><\/div><div class=\"afmProductInformationContainer\"><div class=\"afmProduct-items-title\"><span>Veste softshell imperm\u00e9able respirante homme 46600 - noir<\/span><\/div><div class=\"afmProduct-items-tag\"><\/div><div class=\"afmProduct-items-price-container col-md-12\"><span id=\"spanDiscount\" class=\"afm-ProductItemPromo\"><span class=\"afm-discount\"><strong id=\"strongOff\"><span id=\"spanLess\" class=\"less\">-<\/span><span class=\"amount\" id=\"spanPercentage\">40<\/span><span class=\"percent\">%<\/span><\/strong><\/span><\/span><span class=\"afm-ProductItemPrice afm-PLPPrice\">47\u20ac99<span id=\"spanPriceBefore\" class=\"afm-ProductItemPriceBase\">79\u20ac99<\/span><\/span><\/div><div class=\"afmProduct-items-cart\"><div class=\"afmProduct-BuyNow-Button\">J'AJOUTE AU PANIER<\/div><\/div><div class=\"afmProduct-items-sku\"> <\/div><\/div><\/a><\/div><\/div><\/div><\/div>\n\t\t\t\t\t\t<\/div>\n\t\t\t\t<\/div>\n\t\t\t\t\t<\/div>\n\t\t<\/div>\n\t\t\t\t\t<\/div>\n\t\t<\/section>\n\t\t\t\t<section class=\"elementor-section elementor-top-section elementor-element elementor-element-2a44892 elementor-section-boxed elementor-section-height-default elementor-section-height-default\" data-id=\"2a44892\" data-element_type=\"section\">\n\t\t\t\t\t\t<div class=\"elementor-container elementor-column-gap-default\">\n\t\t\t\t\t<div class=\"elementor-column elementor-col-100 elementor-top-column elementor-element elementor-element-4da7264\" data-id=\"4da7264\" data-element_type=\"column\">\n\t\t\t<div class=\"elementor-widget-wrap elementor-element-populated\">\n\t\t\t\t\t\t<div class=\"elementor-element elementor-element-8a8b45d elementor-widget elementor-widget-heading\" data-id=\"8a8b45d\" data-element_type=\"widget\" data-widget_type=\"heading.default\">\n\t\t\t\t<div class=\"elementor-widget-container\">\n\t\t\t\t\t<h2 class=\"elementor-heading-title elementor-size-default\">Les gorges de la Jonte, spot d'escalade de renomm\u00e9e internationale<\/h2>\t\t\t\t<\/div>\n\t\t\t\t<\/div>\n\t\t\t\t\t<\/div>\n\t\t<\/div>\n\t\t\t\t\t<\/div>\n\t\t<\/section>\n\t\t\t\t<section class=\"elementor-section elementor-top-section elementor-element elementor-element-ca51198 elementor-section-boxed elementor-section-height-default elementor-section-height-default\" data-id=\"ca51198\" data-element_type=\"section\">\n\t\t\t\t\t\t<div class=\"elementor-container elementor-column-gap-default\">\n\t\t\t\t\t<div class=\"elementor-column elementor-col-100 elementor-top-column elementor-element elementor-element-899a414\" data-id=\"899a414\" data-element_type=\"column\">\n\t\t\t<div class=\"elementor-widget-wrap elementor-element-populated\">\n\t\t\t\t\t\t<div class=\"elementor-element elementor-element-2061d41 elementor-widget elementor-widget-text-editor\" data-id=\"2061d41\" data-element_type=\"widget\" data-widget_type=\"text-editor.default\">\n\t\t\t\t<div class=\"elementor-widget-container\">\n\t\t\t\t\t\t\t\t\t<p>\u00c0 cheval sur les d\u00e9partements de <strong>la Loz\u00e8re et l\u2019Aveyron<\/strong>, \u00e0 <b>20\u00a0km \u00e0 l&#8217;est de Millau<\/b>, les gorges de la Jonte ont \u00e9t\u00e9 fa\u00e7onn\u00e9es par la rivi\u00e8re Jonte. Encaiss\u00e9es entre le causse M\u00e9jean et le causse Noir, les gorges s\u2019\u00e9tirent sur une vingtaine de kilom\u00e8tres \u00e0 une profondeur comprise entre <b>350 et 400 m.<\/b> Quasiment inhabit\u00e9, ce site sauvage est surplomb\u00e9 par plusieurs sentiers de randonn\u00e9e donnant acc\u00e8s aux nombreux points d\u2019int\u00e9r\u00eat qui jalonnent les gorges. Parmi eux\u00a0: le balcon du Vertige, le vase de S\u00e8vre, le vase de Chine ou les Terrasses.<\/p><p>Les Gorges de la Jonte sont r\u00e9put\u00e9es pour leurs voies d\u2019escalades constitu\u00e9es de tours calcaires, souvent survol\u00e9es par des vautours. Plusieurs falaises sont \u00e9quip\u00e9es pour la grimpe, faisant un lien avec celles des gorges du Tarn et des gorges de la Dourbie, toutes voisines. Pour y acc\u00e9der, prenez la direction d\u2019Aguessac, puis les Gorges du Tarn. Entrez dans les gorges de la Jonte au Rozier, vous trouverez plusieurs parkings suivant le secteur choisi.<\/p>\t\t\t\t\t\t\t\t<\/div>\n\t\t\t\t<\/div>\n\t\t\t\t\t<\/div>\n\t\t<\/div>\n\t\t\t\t\t<\/div>\n\t\t<\/section>\n\t\t\t\t<section class=\"elementor-section elementor-top-section elementor-element elementor-element-a724021 elementor-section-boxed elementor-section-height-default elementor-section-height-default\" data-id=\"a724021\" data-element_type=\"section\">\n\t\t\t\t\t\t<div class=\"elementor-container elementor-column-gap-default\">\n\t\t\t\t\t<div class=\"elementor-column elementor-col-100 elementor-top-column elementor-element elementor-element-d32c1ea\" data-id=\"d32c1ea\" data-element_type=\"column\">\n\t\t\t<div class=\"elementor-widget-wrap elementor-element-populated\">\n\t\t\t\t\t\t<div class=\"elementor-element elementor-element-219f4ca elementor-widget elementor-widget-image\" data-id=\"219f4ca\" data-element_type=\"widget\" data-widget_type=\"image.default\">\n\t\t\t\t<div class=\"elementor-widget-container\">\n\t\t\t\t\t\t\t\t\t\t\t\t\t\t\t<img  decoding=\"async\" width=\"809\" height=\"610\"  src=\"data:image\/gif;base64,R0lGODlhAQABAIAAAAAAAP\/\/\/yH5BAEAAAAALAAAAAABAAEAAAIBRAA7\" data-lazy-src=\"https:\/\/media.atlasformen.com\/blogmedia\/uploads\/2024\/08\/Les-gorges-de-la-Jonte.jpg\"  class=\"attachment-large size-large wp-image-22781\" alt=\"\" srcset=\"https:\/\/media.atlasformen.com\/blogmedia\/uploads\/2024\/08\/Les-gorges-de-la-Jonte.jpg 809w, https:\/\/media.atlasformen.com\/blogmedia\/uploads\/2024\/08\/Les-gorges-de-la-Jonte-300x226.jpg 300w, https:\/\/media.atlasformen.com\/blogmedia\/uploads\/2024\/08\/Les-gorges-de-la-Jonte-768x579.jpg 768w, https:\/\/media.atlasformen.com\/blogmedia\/uploads\/2024\/08\/Les-gorges-de-la-Jonte-24x18.jpg 24w, https:\/\/media.atlasformen.com\/blogmedia\/uploads\/2024\/08\/Les-gorges-de-la-Jonte-36x27.jpg 36w, https:\/\/media.atlasformen.com\/blogmedia\/uploads\/2024\/08\/Les-gorges-de-la-Jonte-48x36.jpg 48w\" sizes=\"(max-width: 809px) 100vw, 809px\" \/><noscript><img  decoding=\"async\" width=\"809\" height=\"610\"  src=\"https:\/\/media.atlasformen.com\/blogmedia\/uploads\/2024\/08\/Les-gorges-de-la-Jonte.jpg\"  class=\"attachment-large size-large wp-image-22781\" alt=\"\" srcset=\"https:\/\/media.atlasformen.com\/blogmedia\/uploads\/2024\/08\/Les-gorges-de-la-Jonte.jpg 809w, https:\/\/media.atlasformen.com\/blogmedia\/uploads\/2024\/08\/Les-gorges-de-la-Jonte-300x226.jpg 300w, https:\/\/media.atlasformen.com\/blogmedia\/uploads\/2024\/08\/Les-gorges-de-la-Jonte-768x579.jpg 768w, https:\/\/media.atlasformen.com\/blogmedia\/uploads\/2024\/08\/Les-gorges-de-la-Jonte-24x18.jpg 24w, https:\/\/media.atlasformen.com\/blogmedia\/uploads\/2024\/08\/Les-gorges-de-la-Jonte-36x27.jpg 36w, https:\/\/media.atlasformen.com\/blogmedia\/uploads\/2024\/08\/Les-gorges-de-la-Jonte-48x36.jpg 48w\" sizes=\"(max-width: 809px) 100vw, 809px\" \/><\/noscript>\t\t\t\t\t\t\t\t\t\t\t\t\t\t\t<\/div>\n\t\t\t\t<\/div>\n\t\t\t\t\t<\/div>\n\t\t<\/div>\n\t\t\t\t\t<\/div>\n\t\t<\/section>\n\t\t\t\t<section class=\"elementor-section elementor-top-section elementor-element elementor-element-51d2374 elementor-section-boxed elementor-section-height-default elementor-section-height-default\" data-id=\"51d2374\" data-element_type=\"section\">\n\t\t\t\t\t\t<div class=\"elementor-container elementor-column-gap-default\">\n\t\t\t\t\t<div class=\"elementor-column elementor-col-100 elementor-top-column elementor-element elementor-element-11a784c\" data-id=\"11a784c\" data-element_type=\"column\">\n\t\t\t<div class=\"elementor-widget-wrap elementor-element-populated\">\n\t\t\t\t\t\t<div class=\"elementor-element elementor-element-237296c elementor-widget elementor-widget-text-editor\" data-id=\"237296c\" data-element_type=\"widget\" data-widget_type=\"text-editor.default\">\n\t\t\t\t<div class=\"elementor-widget-container\">\n\t\t\t\t\t\t\t\t\t<p><strong>\u00c0 voir dans les environs\u00a0:<\/strong> au niveau de <strong>Saint-Pierre-des-Tripiers en Loz\u00e8re<\/strong>, les gorges de la Jonte abritent <strong>la Maison des vautours<\/strong>, un espace mus\u00e9ographique o\u00f9 l\u2019on peut d\u00e9couvrir le mode de vie des diff\u00e9rentes <strong>esp\u00e8ces de vautours<\/strong> et de <strong>charognards<\/strong>. Les gorges sont en effet le berceau de la premi\u00e8re r\u00e9introduction r\u00e9ussie des <strong>vautours fauves<\/strong> et des <strong>vautours moines<\/strong>. Des <strong>vautours percnopt\u00e8res<\/strong> y ont fait spontan\u00e9ment leur r\u00e9apparition. \u00c0 l&#8217;entr\u00e9e des Gorges de la Jonte et au pied du Mont Aigoual, le <em><strong>village de Meyrueis<\/strong><\/em> est le point de contact entre Causses et C\u00e9vennes. Son histoire est marqu\u00e9e par un <strong>riche pass\u00e9 commer\u00e7ant<\/strong> et <strong>manufacturier<\/strong> (chapellerie et laine, notamment). Acquise d\u00e8s 1550 \u00e0 la R\u00e9forme Protestante, le village abrite un temple octogonal, l\u2019un des plus grands des C\u00e9vennes.<\/p><p><strong>La meilleure p\u00e9riode pour s\u2019y rendre\u00a0:<\/strong> de juin \u00e0 ao\u00fbt<\/p>\t\t\t\t\t\t\t\t<\/div>\n\t\t\t\t<\/div>\n\t\t\t\t\t<\/div>\n\t\t<\/div>\n\t\t\t\t\t<\/div>\n\t\t<\/section>\n\t\t\t\t<section class=\"elementor-section elementor-top-section elementor-element elementor-element-a673bef elementor-section-boxed elementor-section-height-default elementor-section-height-default\" data-id=\"a673bef\" data-element_type=\"section\">\n\t\t\t\t\t\t<div class=\"elementor-container elementor-column-gap-default\">\n\t\t\t\t\t<div class=\"elementor-column elementor-col-100 elementor-top-column elementor-element elementor-element-f307a9f\" data-id=\"f307a9f\" data-element_type=\"column\">\n\t\t\t<div class=\"elementor-widget-wrap elementor-element-populated\">\n\t\t\t\t\t\t<div class=\"elementor-element elementor-element-aa2e0ff elementor-widget elementor-widget-shortcode\" data-id=\"aa2e0ff\" data-element_type=\"widget\" data-widget_type=\"shortcode.default\">\n\t\t\t\t<div class=\"elementor-widget-container\">\n\t\t\t\t\t\t\t<div class=\"elementor-shortcode\"><\/div>\n\t\t\t\t\t\t<\/div>\n\t\t\t\t<\/div>\n\t\t\t\t\t<\/div>\n\t\t<\/div>\n\t\t\t\t\t<\/div>\n\t\t<\/section>\n\t\t\t\t<section class=\"elementor-section elementor-top-section elementor-element elementor-element-2e1581f elementor-section-boxed elementor-section-height-default elementor-section-height-default\" data-id=\"2e1581f\" data-element_type=\"section\">\n\t\t\t\t\t\t<div class=\"elementor-container elementor-column-gap-default\">\n\t\t\t\t\t<div class=\"elementor-column elementor-col-100 elementor-top-column elementor-element elementor-element-5c2cbff\" data-id=\"5c2cbff\" data-element_type=\"column\">\n\t\t\t<div class=\"elementor-widget-wrap elementor-element-populated\">\n\t\t\t\t\t\t<div class=\"elementor-element elementor-element-6dd81c3 elementor-widget elementor-widget-heading\" data-id=\"6dd81c3\" data-element_type=\"widget\" data-widget_type=\"heading.default\">\n\t\t\t\t<div class=\"elementor-widget-container\">\n\t\t\t\t\t<h2 class=\"elementor-heading-title elementor-size-default\">Les gorges de Spelunca, courtes mais vertigineuses \n<\/h2>\t\t\t\t<\/div>\n\t\t\t\t<\/div>\n\t\t\t\t\t<\/div>\n\t\t<\/div>\n\t\t\t\t\t<\/div>\n\t\t<\/section>\n\t\t\t\t<section class=\"elementor-section elementor-top-section elementor-element elementor-element-0db10a7 elementor-section-boxed elementor-section-height-default elementor-section-height-default\" data-id=\"0db10a7\" data-element_type=\"section\">\n\t\t\t\t\t\t<div class=\"elementor-container elementor-column-gap-default\">\n\t\t\t\t\t<div class=\"elementor-column elementor-col-100 elementor-top-column elementor-element elementor-element-d982717\" data-id=\"d982717\" data-element_type=\"column\">\n\t\t\t<div class=\"elementor-widget-wrap elementor-element-populated\">\n\t\t\t\t\t\t<div class=\"elementor-element elementor-element-ec30307 elementor-widget elementor-widget-text-editor\" data-id=\"ec30307\" data-element_type=\"widget\" data-widget_type=\"text-editor.default\">\n\t\t\t\t<div class=\"elementor-widget-container\">\n\t\t\t\t\t\t\t\t\t<p>S\u2019\u00e9tirant sur 2 km entre les villages corses<strong> d&#8217;Ota<\/strong> \u00e0 l\u2019ouest<strong>,<\/strong> et <strong>d&#8217;Evisa<\/strong> \u00e0 l\u2019est, les gorges de Spelunca sont bord\u00e9es de falaises de granit <strong>hautes jusqu\u2019\u00e0 1000 m<\/strong>. Cet impressionnant et profond canyon a \u00e9t\u00e9 sculpt\u00e9 par trois rivi\u00e8res\u00a0: <strong>l\u2019A\u00eftone, la Tavulella et l\u2019Onca.<\/strong> Le sentier <strong>Tra Mare e Monti<\/strong>, qui relie <strong>Calenzana<\/strong> \u00e0 <strong>Carg\u00e8ze<\/strong>, rend la zone accessible aux randonneurs. Longeant le fond de la gorge en empruntant un ancien sentier muletier, il est balis\u00e9 de panneaux expliquant la faune, la flore, la construction d\u2019un chantier muletier et la fabrication d\u2019un pont g\u00e9nois. Une route s&#8217;\u00e9l\u00e8ve quelques centaines de m\u00e8tres plus haut, permettant d\u2019admirer les vues les plus spectaculaires.<\/p>\t\t\t\t\t\t\t\t<\/div>\n\t\t\t\t<\/div>\n\t\t\t\t\t<\/div>\n\t\t<\/div>\n\t\t\t\t\t<\/div>\n\t\t<\/section>\n\t\t\t\t<section class=\"elementor-section elementor-top-section elementor-element elementor-element-d78113c elementor-section-boxed elementor-section-height-default elementor-section-height-default\" data-id=\"d78113c\" data-element_type=\"section\">\n\t\t\t\t\t\t<div class=\"elementor-container elementor-column-gap-default\">\n\t\t\t\t\t<div class=\"elementor-column elementor-col-100 elementor-top-column elementor-element elementor-element-b01de31\" data-id=\"b01de31\" data-element_type=\"column\">\n\t\t\t<div class=\"elementor-widget-wrap elementor-element-populated\">\n\t\t\t\t\t\t<div class=\"elementor-element elementor-element-5094266 elementor-widget elementor-widget-image\" data-id=\"5094266\" data-element_type=\"widget\" data-widget_type=\"image.default\">\n\t\t\t\t<div class=\"elementor-widget-container\">\n\t\t\t\t\t\t\t\t\t\t\t\t\t\t\t<img  loading=\"lazy\" decoding=\"async\" width=\"809\" height=\"610\"  src=\"data:image\/gif;base64,R0lGODlhAQABAIAAAAAAAP\/\/\/yH5BAEAAAAALAAAAAABAAEAAAIBRAA7\" data-lazy-src=\"https:\/\/media.atlasformen.com\/blogmedia\/uploads\/2024\/08\/Les-gorges-de-Spelunca.jpg\"  class=\"attachment-large size-large wp-image-22782\" alt=\"\" srcset=\"https:\/\/media.atlasformen.com\/blogmedia\/uploads\/2024\/08\/Les-gorges-de-Spelunca.jpg 809w, https:\/\/media.atlasformen.com\/blogmedia\/uploads\/2024\/08\/Les-gorges-de-Spelunca-300x226.jpg 300w, https:\/\/media.atlasformen.com\/blogmedia\/uploads\/2024\/08\/Les-gorges-de-Spelunca-768x579.jpg 768w, https:\/\/media.atlasformen.com\/blogmedia\/uploads\/2024\/08\/Les-gorges-de-Spelunca-24x18.jpg 24w, https:\/\/media.atlasformen.com\/blogmedia\/uploads\/2024\/08\/Les-gorges-de-Spelunca-36x27.jpg 36w, https:\/\/media.atlasformen.com\/blogmedia\/uploads\/2024\/08\/Les-gorges-de-Spelunca-48x36.jpg 48w\" sizes=\"(max-width: 809px) 100vw, 809px\" \/><noscript><img  loading=\"lazy\" decoding=\"async\" width=\"809\" height=\"610\"  src=\"https:\/\/media.atlasformen.com\/blogmedia\/uploads\/2024\/08\/Les-gorges-de-Spelunca.jpg\"  class=\"attachment-large size-large wp-image-22782\" alt=\"\" srcset=\"https:\/\/media.atlasformen.com\/blogmedia\/uploads\/2024\/08\/Les-gorges-de-Spelunca.jpg 809w, https:\/\/media.atlasformen.com\/blogmedia\/uploads\/2024\/08\/Les-gorges-de-Spelunca-300x226.jpg 300w, https:\/\/media.atlasformen.com\/blogmedia\/uploads\/2024\/08\/Les-gorges-de-Spelunca-768x579.jpg 768w, https:\/\/media.atlasformen.com\/blogmedia\/uploads\/2024\/08\/Les-gorges-de-Spelunca-24x18.jpg 24w, https:\/\/media.atlasformen.com\/blogmedia\/uploads\/2024\/08\/Les-gorges-de-Spelunca-36x27.jpg 36w, https:\/\/media.atlasformen.com\/blogmedia\/uploads\/2024\/08\/Les-gorges-de-Spelunca-48x36.jpg 48w\" sizes=\"(max-width: 809px) 100vw, 809px\" \/><\/noscript>\t\t\t\t\t\t\t\t\t\t\t\t\t\t\t<\/div>\n\t\t\t\t<\/div>\n\t\t\t\t\t<\/div>\n\t\t<\/div>\n\t\t\t\t\t<\/div>\n\t\t<\/section>\n\t\t\t\t<section class=\"elementor-section elementor-top-section elementor-element elementor-element-2cc9c39 elementor-section-boxed elementor-section-height-default elementor-section-height-default\" data-id=\"2cc9c39\" data-element_type=\"section\">\n\t\t\t\t\t\t<div class=\"elementor-container elementor-column-gap-default\">\n\t\t\t\t\t<div class=\"elementor-column elementor-col-100 elementor-top-column elementor-element elementor-element-329ac49\" data-id=\"329ac49\" data-element_type=\"column\">\n\t\t\t<div class=\"elementor-widget-wrap elementor-element-populated\">\n\t\t\t\t\t\t<div class=\"elementor-element elementor-element-bde8714 elementor-widget elementor-widget-text-editor\" data-id=\"bde8714\" data-element_type=\"widget\" data-widget_type=\"text-editor.default\">\n\t\t\t\t<div class=\"elementor-widget-container\">\n\t\t\t\t\t\t\t\t\t<p>\u00c0 voir dans les environs\u00a0: <strong>le golfe de Porto<\/strong>, class\u00e9 au patrimoine mondial de l\u2019humanit\u00e9 par l\u2019Unesco, comprend\u00a0le village de Porto, les calanques de Piana, Girolata et la r\u00e9serve naturelle de Scandola. Le paysage domin\u00e9 par un impressionnant massif de porphyre aux formes tourment\u00e9es est \u00e0 couper le souffle. Il est l\u2019habitat des go\u00e9lands, des cormorans et des aigles de mer. Les eaux transparentes, aux \u00eelots et aux grottes inaccessibles, abritent une riche vie marine.\u00a0B\u00e2tie sur un \u00e9peron rocheux, une tour g\u00e9noise du 16e si\u00e8cle domine l&#8217;embouchure du fleuve Porto.<\/p><p>La meilleure p\u00e9riode pour s\u2019y rendre\u00a0: tout l\u2019ann\u00e9e, y compris l\u2019\u00e9t\u00e9 car la vall\u00e9e est ombrag\u00e9e et fra\u00eeche gr\u00e2ce \u00e0 la rivi\u00e8re.<\/p>\t\t\t\t\t\t\t\t<\/div>\n\t\t\t\t<\/div>\n\t\t\t\t\t<\/div>\n\t\t<\/div>\n\t\t\t\t\t<\/div>\n\t\t<\/section>\n\t\t\t\t<section class=\"elementor-section elementor-top-section elementor-element elementor-element-5709fda elementor-section-boxed elementor-section-height-default elementor-section-height-default\" data-id=\"5709fda\" data-element_type=\"section\">\n\t\t\t\t\t\t<div class=\"elementor-container elementor-column-gap-default\">\n\t\t\t\t\t<div class=\"elementor-column elementor-col-100 elementor-top-column elementor-element elementor-element-ee542e8\" data-id=\"ee542e8\" data-element_type=\"column\">\n\t\t\t<div class=\"elementor-widget-wrap elementor-element-populated\">\n\t\t\t\t\t\t<div class=\"elementor-element elementor-element-7e6e618 elementor-widget elementor-widget-heading\" data-id=\"7e6e618\" data-element_type=\"widget\" data-widget_type=\"heading.default\">\n\t\t\t\t<div class=\"elementor-widget-container\">\n\t\t\t\t\t<h2 class=\"elementor-heading-title elementor-size-default\">Les gorges de la Sioule et ses m\u00e9andres pittoresques <\/h2>\t\t\t\t<\/div>\n\t\t\t\t<\/div>\n\t\t\t\t\t<\/div>\n\t\t<\/div>\n\t\t\t\t\t<\/div>\n\t\t<\/section>\n\t\t\t\t<section class=\"elementor-section elementor-top-section elementor-element elementor-element-79a4c22 elementor-section-boxed elementor-section-height-default elementor-section-height-default\" data-id=\"79a4c22\" data-element_type=\"section\">\n\t\t\t\t\t\t<div class=\"elementor-container elementor-column-gap-default\">\n\t\t\t\t\t<div class=\"elementor-column elementor-col-100 elementor-top-column elementor-element elementor-element-3bb3c45\" data-id=\"3bb3c45\" data-element_type=\"column\">\n\t\t\t<div class=\"elementor-widget-wrap elementor-element-populated\">\n\t\t\t\t\t\t<div class=\"elementor-element elementor-element-c9ec011 elementor-widget elementor-widget-text-editor\" data-id=\"c9ec011\" data-element_type=\"widget\" data-widget_type=\"text-editor.default\">\n\t\t\t\t<div class=\"elementor-widget-container\">\n\t\t\t\t\t\t\t\t\t<p><strong>Longue de 150 km<\/strong>, la <strong>Sioule<\/strong> prend sa source dans le massif du Sancy, dans le d\u00e9partement du Puy-de-D\u00f4me, d\u00e9valant les contreforts du Massif central, avant de rejoindre l\u2019Allier par des gorges longues de 5 km. C\u2019est l\u00e0, en serpentant \u00e0 travers les Combrailles, que la rivi\u00e8re offre les paysages les plus sauvages. Splendides et escarp\u00e9es, les gorges de la Sioule se d\u00e9ploient \u00e0 partir du barrage de Queuille, dans le Puy-de-D\u00f4me jusqu\u2019\u00e0 \u00c9breuil, dans l\u2019Allier. La rivi\u00e8re devient plus tumultueuse au niveau des gorges de Chouvigny, en contrebas de la forteresse m\u00e9di\u00e9vale. Enserr\u00e9e par la v\u00e9g\u00e9tation, la Sioule est parfois invisible de la route. La descente en cano\u00eb permet d\u2019admirer cette rivi\u00e8re magnifique. De Ch\u00e2teauneuf-les-Bains en passant par Lisseuil et jusqu\u2019\u00e0 Menat,\u00a0vous traverserez la partie la plus secr\u00e8te de la rivi\u00e8re. La via ferrata permet aussi de profiter de vues imprenables sur les gorges de la Sioule.<\/p><p>Pour les randonneurs, une boucle balis\u00e9e de 20 km au c\u0153ur du m\u00e9andre de Queuille permet d\u2019explorer les rives et les for\u00eats \u00e0 pied.<\/p>\t\t\t\t\t\t\t\t<\/div>\n\t\t\t\t<\/div>\n\t\t\t\t\t<\/div>\n\t\t<\/div>\n\t\t\t\t\t<\/div>\n\t\t<\/section>\n\t\t\t\t<section class=\"elementor-section elementor-top-section elementor-element elementor-element-0881dff elementor-section-boxed elementor-section-height-default elementor-section-height-default\" data-id=\"0881dff\" data-element_type=\"section\">\n\t\t\t\t\t\t<div class=\"elementor-container elementor-column-gap-default\">\n\t\t\t\t\t<div class=\"elementor-column elementor-col-100 elementor-top-column elementor-element elementor-element-236315c\" data-id=\"236315c\" data-element_type=\"column\">\n\t\t\t<div class=\"elementor-widget-wrap elementor-element-populated\">\n\t\t\t\t\t\t<div class=\"elementor-element elementor-element-8c0d874 elementor-widget elementor-widget-image\" data-id=\"8c0d874\" data-element_type=\"widget\" data-widget_type=\"image.default\">\n\t\t\t\t<div class=\"elementor-widget-container\">\n\t\t\t\t\t\t\t\t\t\t\t\t\t\t\t<img  loading=\"lazy\" decoding=\"async\" width=\"809\" height=\"610\"  src=\"data:image\/gif;base64,R0lGODlhAQABAIAAAAAAAP\/\/\/yH5BAEAAAAALAAAAAABAAEAAAIBRAA7\" data-lazy-src=\"https:\/\/media.atlasformen.com\/blogmedia\/uploads\/2024\/08\/Les-gorges-de-la-Sioule.jpg\"  class=\"attachment-large size-large wp-image-22783\" alt=\"\" srcset=\"https:\/\/media.atlasformen.com\/blogmedia\/uploads\/2024\/08\/Les-gorges-de-la-Sioule.jpg 809w, https:\/\/media.atlasformen.com\/blogmedia\/uploads\/2024\/08\/Les-gorges-de-la-Sioule-300x226.jpg 300w, https:\/\/media.atlasformen.com\/blogmedia\/uploads\/2024\/08\/Les-gorges-de-la-Sioule-768x579.jpg 768w, https:\/\/media.atlasformen.com\/blogmedia\/uploads\/2024\/08\/Les-gorges-de-la-Sioule-24x18.jpg 24w, https:\/\/media.atlasformen.com\/blogmedia\/uploads\/2024\/08\/Les-gorges-de-la-Sioule-36x27.jpg 36w, https:\/\/media.atlasformen.com\/blogmedia\/uploads\/2024\/08\/Les-gorges-de-la-Sioule-48x36.jpg 48w\" sizes=\"(max-width: 809px) 100vw, 809px\" \/><noscript><img  loading=\"lazy\" decoding=\"async\" width=\"809\" height=\"610\"  src=\"https:\/\/media.atlasformen.com\/blogmedia\/uploads\/2024\/08\/Les-gorges-de-la-Sioule.jpg\"  class=\"attachment-large size-large wp-image-22783\" alt=\"\" srcset=\"https:\/\/media.atlasformen.com\/blogmedia\/uploads\/2024\/08\/Les-gorges-de-la-Sioule.jpg 809w, https:\/\/media.atlasformen.com\/blogmedia\/uploads\/2024\/08\/Les-gorges-de-la-Sioule-300x226.jpg 300w, https:\/\/media.atlasformen.com\/blogmedia\/uploads\/2024\/08\/Les-gorges-de-la-Sioule-768x579.jpg 768w, https:\/\/media.atlasformen.com\/blogmedia\/uploads\/2024\/08\/Les-gorges-de-la-Sioule-24x18.jpg 24w, https:\/\/media.atlasformen.com\/blogmedia\/uploads\/2024\/08\/Les-gorges-de-la-Sioule-36x27.jpg 36w, https:\/\/media.atlasformen.com\/blogmedia\/uploads\/2024\/08\/Les-gorges-de-la-Sioule-48x36.jpg 48w\" sizes=\"(max-width: 809px) 100vw, 809px\" \/><\/noscript>\t\t\t\t\t\t\t\t\t\t\t\t\t\t\t<\/div>\n\t\t\t\t<\/div>\n\t\t\t\t\t<\/div>\n\t\t<\/div>\n\t\t\t\t\t<\/div>\n\t\t<\/section>\n\t\t\t\t<section class=\"elementor-section elementor-top-section elementor-element elementor-element-2ab3410 elementor-section-boxed elementor-section-height-default elementor-section-height-default\" data-id=\"2ab3410\" data-element_type=\"section\">\n\t\t\t\t\t\t<div class=\"elementor-container elementor-column-gap-default\">\n\t\t\t\t\t<div class=\"elementor-column elementor-col-100 elementor-top-column elementor-element elementor-element-475065c\" data-id=\"475065c\" data-element_type=\"column\">\n\t\t\t<div class=\"elementor-widget-wrap elementor-element-populated\">\n\t\t\t\t\t\t<div class=\"elementor-element elementor-element-419c205 elementor-widget elementor-widget-text-editor\" data-id=\"419c205\" data-element_type=\"widget\" data-widget_type=\"text-editor.default\">\n\t\t\t\t<div class=\"elementor-widget-container\">\n\t\t\t\t\t\t\t\t\t<p><strong>\u00c0 voir dans les environs\u00a0:<\/strong> demeure historique priv\u00e9e vieille de huit si\u00e8cles, <strong>le ch\u00e2teau fort de Chouvigny<\/strong> est ouvert \u00e0 la visite tous les \u00e9t\u00e9s. La vue du site surplombant les gorges de la Sioule est embl\u00e9matique de la r\u00e9gion. Non loin, le village d\u2019<strong>\u00c9breuil<\/strong>, qui jouit du label touristique de \u00ab\u00a0petite cit\u00e9 de caract\u00e8re\u00a0\u00bb, abrite un riche patrimoine, notamment <strong>l\u2019\u00e9glise Saint-L\u00e9ger<\/strong>, construite d\u00e8s le <strong>10\u00e8me si\u00e8cle<\/strong>., une maison \u00e0 \u00e9chauguette, des halles et de nombreuses demeures m\u00e9di\u00e9vales. \u00c9breuil se situe au carrefour du <strong>GR\u00ae300<\/strong>, du chemin de Compostelle, de la Grande travers\u00e9e du Massif central et du <strong>GR\u00ae463<\/strong>, o\u00f9 ils traversent la Sioule sur le pont de pierre.<\/p><p><strong>La meilleure p\u00e9riode pour s\u2019y rendre\u00a0:<\/strong> en \u00e9t\u00e9, de juin \u00e0 ao\u00fbt.<\/p>\t\t\t\t\t\t\t\t<\/div>\n\t\t\t\t<\/div>\n\t\t\t\t\t<\/div>\n\t\t<\/div>\n\t\t\t\t\t<\/div>\n\t\t<\/section>\n\t\t\t\t<section class=\"elementor-section elementor-top-section elementor-element elementor-element-69630a3 elementor-section-boxed elementor-section-height-default elementor-section-height-default\" data-id=\"69630a3\" data-element_type=\"section\">\n\t\t\t\t\t\t<div class=\"elementor-container elementor-column-gap-default\">\n\t\t\t\t\t<div class=\"elementor-column elementor-col-100 elementor-top-column elementor-element elementor-element-0d320db\" data-id=\"0d320db\" data-element_type=\"column\">\n\t\t\t<div class=\"elementor-widget-wrap elementor-element-populated\">\n\t\t\t\t\t\t<div class=\"elementor-element elementor-element-a0bb5b8 elementor-widget elementor-widget-text-editor\" data-id=\"a0bb5b8\" data-element_type=\"widget\" data-widget_type=\"text-editor.default\">\n\t\t\t\t<div class=\"elementor-widget-container\">\n\t\t\t\t\t\t\t\t\t<p>Envie d&#8217;explorer d&#8217;autres merveilles fran\u00e7aise ? D\u00e9couvrez\u00a0<span style=\"text-decoration: underline;\"><strong><a href=\"https:\/\/www.atlasformen.fr\/blog\/explorer\/france\/chaine-puys-auvergne\/\" target=\"_blank\" rel=\"noopener\">D\u00e9couvrez la cha\u00eene des puys en Auvergne<\/a><\/strong><\/span> mais aussi la <span style=\"text-decoration: underline;\"><strong><a href=\"https:\/\/www.atlasformen.fr\/blog\/explorer\/france\/via-ferrata\/\" target=\"_blank\" rel=\"noopener\">Via ferrata : \u00e0 l\u2019assaut des parois rocheuses<\/a><\/strong><\/span>.<\/p>\t\t\t\t\t\t\t\t<\/div>\n\t\t\t\t<\/div>\n\t\t\t\t\t<\/div>\n\t\t<\/div>\n\t\t\t\t\t<\/div>\n\t\t<\/section>\n\t\t\t\t<section class=\"elementor-section elementor-top-section elementor-element elementor-element-f1cf89f elementor-section-boxed elementor-section-height-default elementor-section-height-default\" data-id=\"f1cf89f\" data-element_type=\"section\">\n\t\t\t\t\t\t<div class=\"elementor-container elementor-column-gap-default\">\n\t\t\t\t\t<div class=\"elementor-column elementor-col-100 elementor-top-column elementor-element elementor-element-84bf751\" data-id=\"84bf751\" data-element_type=\"column\">\n\t\t\t<div class=\"elementor-widget-wrap elementor-element-populated\">\n\t\t\t\t\t\t<div class=\"elementor-element elementor-element-318266e elementor-widget elementor-widget-text-editor\" data-id=\"318266e\" data-element_type=\"widget\" data-widget_type=\"text-editor.default\">\n\t\t\t\t<div class=\"elementor-widget-container\">\n\t\t\t\t\t\t\t\t\t<p><strong>Pr\u00eats \u00e0 explorer ces merveilles naturelles ?<\/strong><\/p>\t\t\t\t\t\t\t\t<\/div>\n\t\t\t\t<\/div>\n\t\t\t\t\t<\/div>\n\t\t<\/div>\n\t\t\t\t\t<\/div>\n\t\t<\/section>\n\t\t\t\t<\/div>\n\t\t","protected":false},"excerpt":{"rendered":"<p>Au fil du temps, l\u2019\u00e9rosion due \u00e0 l\u2019action de l\u2019eau et des \u00e9l\u00e9ments atmosph\u00e9riques, fa\u00e7onne des curiosit\u00e9s g\u00e9ologiques. Il en r\u00e9sulte des paysages naturels au d\u00e9cor, \u00e0 l\u2019ambiance et aux couleurs uniques. Partons \u00e0 la d\u00e9couverte de nos r\u00e9gions de France \u00e0 travers 5 de ses plus beaux canyons&nbsp;! Le canyon de la Vis, le &hellip;<\/p>\n","protected":false},"author":12,"featured_media":22859,"comment_status":"open","ping_status":"open","sticky":false,"template":"","format":"standard","meta":{"footnotes":""},"categories":[119,114],"tags":[164,156],"class_list":["post-22776","post","type-post","status-publish","format-standard","has-post-thumbnail","hentry","category-france","category-explorer","tag-explorer","tag-france"],"yoast_head":"<!-- This site is optimized with the Yoast SEO plugin v25.2 - https:\/\/yoast.com\/wordpress\/plugins\/seo\/ -->\r\n<title>Top 5 des plus beaux canyons en France | Atlas For Men<\/title>\r\n<meta name=\"description\" content=\"Explorez les merveilles fran\u00e7aises ! D\u00e9couvrez comment l&#039;\u00e9rosion a sculpt\u00e9 la terre, offrant des paysages \u00e9poustouflants et des couleurs fascinantes.\" \/>\r\n<meta name=\"robots\" content=\"index,follow,archive\" \/>\r\n<link rel=\"canonical\" href=\"https:\/\/www.atlasformen.fr\/blog\/explorer\/france\/top-5-canyons-france\/\" \/>\r\n<meta property=\"og:locale\" content=\"en_US\" \/>\r\n<meta property=\"og:type\" content=\"article\" \/>\r\n<meta property=\"og:title\" content=\"Top 5 des plus beaux canyons en France | Atlas For Men\" \/>\r\n<meta property=\"og:description\" content=\"Explorez les merveilles fran\u00e7aises ! D\u00e9couvrez comment l&#039;\u00e9rosion a sculpt\u00e9 la terre, offrant des paysages \u00e9poustouflants et des couleurs fascinantes.\" \/>\r\n<meta property=\"og:url\" content=\"https:\/\/www.atlasformen.fr\/blog\/explorer\/france\/top-5-canyons-france\/\" \/>\r\n<meta property=\"og:site_name\" content=\"Atlas For Men Blog\" \/>\r\n<meta property=\"article:publisher\" content=\"https:\/\/www.facebook.com\/AtlasForMen\/\" \/>\r\n<meta property=\"article:published_time\" content=\"2024-08-30T13:53:46+00:00\" \/>\r\n<meta property=\"article:modified_time\" content=\"2025-03-09T12:22:25+00:00\" \/>\r\n<meta property=\"og:image\" content=\"https:\/\/media.atlasformen.com\/blogmedia\/uploads\/2024\/08\/Canyons-France-top-5.jpg\" \/>\r\n\t<meta property=\"og:image:width\" content=\"809\" \/>\r\n\t<meta property=\"og:image:height\" content=\"610\" \/>\r\n\t<meta property=\"og:image:type\" content=\"image\/jpeg\" \/>\r\n<meta name=\"author\" content=\"Hanna Rizzo\" \/>\r\n<meta name=\"twitter:card\" content=\"summary_large_image\" \/>\r\n<meta name=\"twitter:creator\" content=\"@atlas_for_men\" \/>\r\n<meta name=\"twitter:site\" content=\"@atlas_for_men\" \/>\r\n<meta name=\"twitter:label1\" content=\"Written by\" \/>\n\t<meta name=\"twitter:data1\" content=\"Hanna Rizzo\" \/>\n\t<meta name=\"twitter:label2\" content=\"Est. reading time\" \/>\n\t<meta name=\"twitter:data2\" content=\"10 minutes\" \/>\r\n<script type=\"application\/ld+json\" class=\"yoast-schema-graph\">{\"@context\":\"https:\/\/schema.org\",\"@graph\":[{\"@type\":\"Article\",\"@id\":\"https:\/\/www.atlasformen.fr\/blog\/explorer\/france\/top-5-canyons-france\/#article\",\"isPartOf\":{\"@id\":\"https:\/\/www.atlasformen.fr\/blog\/explorer\/france\/top-5-canyons-france\/\"},\"author\":{\"name\":\"Hanna Rizzo\",\"@id\":\"https:\/\/www.atlasformen.fr\/blog\/#\/schema\/person\/093990babf323556d1ed802728d3ef74\"},\"headline\":\"Top 5 des plus beaux canyons en France\",\"datePublished\":\"2024-08-30T13:53:46+00:00\",\"dateModified\":\"2025-03-09T12:22:25+00:00\",\"mainEntityOfPage\":{\"@id\":\"https:\/\/www.atlasformen.fr\/blog\/explorer\/france\/top-5-canyons-france\/\"},\"wordCount\":1852,\"commentCount\":0,\"publisher\":{\"@id\":\"https:\/\/www.atlasformen.fr\/blog\/#organization\"},\"image\":{\"@id\":\"https:\/\/www.atlasformen.fr\/blog\/explorer\/france\/top-5-canyons-france\/#primaryimage\"},\"thumbnailUrl\":\"https:\/\/media.atlasformen.com\/blogmedia\/uploads\/2024\/08\/Canyons-France-top-5.jpg\",\"keywords\":[\"Explorer\",\"France\"],\"articleSection\":[\"En France\",\"Explorer\"],\"inLanguage\":\"en-US\",\"potentialAction\":[{\"@type\":\"CommentAction\",\"name\":\"Comment\",\"target\":[\"https:\/\/www.atlasformen.fr\/blog\/explorer\/france\/top-5-canyons-france\/#respond\"]}]},{\"@type\":\"WebPage\",\"@id\":\"https:\/\/www.atlasformen.fr\/blog\/explorer\/france\/top-5-canyons-france\/\",\"url\":\"https:\/\/www.atlasformen.fr\/blog\/explorer\/france\/top-5-canyons-france\/\",\"name\":\"Top 5 des plus beaux canyons en France | Atlas For Men\",\"isPartOf\":{\"@id\":\"https:\/\/www.atlasformen.fr\/blog\/#website\"},\"primaryImageOfPage\":{\"@id\":\"https:\/\/www.atlasformen.fr\/blog\/explorer\/france\/top-5-canyons-france\/#primaryimage\"},\"image\":{\"@id\":\"https:\/\/www.atlasformen.fr\/blog\/explorer\/france\/top-5-canyons-france\/#primaryimage\"},\"thumbnailUrl\":\"https:\/\/media.atlasformen.com\/blogmedia\/uploads\/2024\/08\/Canyons-France-top-5.jpg\",\"datePublished\":\"2024-08-30T13:53:46+00:00\",\"dateModified\":\"2025-03-09T12:22:25+00:00\",\"description\":\"Explorez les merveilles fran\u00e7aises ! D\u00e9couvrez comment l'\u00e9rosion a sculpt\u00e9 la terre, offrant des paysages \u00e9poustouflants et des couleurs fascinantes.\",\"breadcrumb\":{\"@id\":\"https:\/\/www.atlasformen.fr\/blog\/explorer\/france\/top-5-canyons-france\/#breadcrumb\"},\"inLanguage\":\"en-US\",\"potentialAction\":[{\"@type\":\"ReadAction\",\"target\":[\"https:\/\/www.atlasformen.fr\/blog\/explorer\/france\/top-5-canyons-france\/\"]}]},{\"@type\":\"ImageObject\",\"inLanguage\":\"en-US\",\"@id\":\"https:\/\/www.atlasformen.fr\/blog\/explorer\/france\/top-5-canyons-france\/#primaryimage\",\"url\":\"https:\/\/media.atlasformen.com\/blogmedia\/uploads\/2024\/08\/Canyons-France-top-5.jpg\",\"contentUrl\":\"https:\/\/media.atlasformen.com\/blogmedia\/uploads\/2024\/08\/Canyons-France-top-5.jpg\",\"width\":809,\"height\":610,\"caption\":\"top canyons france\"},{\"@type\":\"BreadcrumbList\",\"@id\":\"https:\/\/www.atlasformen.fr\/blog\/explorer\/france\/top-5-canyons-france\/#breadcrumb\",\"itemListElement\":[{\"@type\":\"ListItem\",\"position\":1,\"name\":\"Vivez l\u2019aventure\",\"item\":\"https:\/\/www.atlasformen.fr\/blog\/\"},{\"@type\":\"ListItem\",\"position\":2,\"name\":\"Explorer\",\"item\":\"https:\/\/www.atlasformen.fr\/blog\/categorie\/explorer\/\"},{\"@type\":\"ListItem\",\"position\":3,\"name\":\"En France\",\"item\":\"https:\/\/www.atlasformen.fr\/blog\/categorie\/explorer\/france\/\"},{\"@type\":\"ListItem\",\"position\":4,\"name\":\"Top 5 des plus beaux canyons en France\"}]},{\"@type\":\"WebSite\",\"@id\":\"https:\/\/www.atlasformen.fr\/blog\/#website\",\"url\":\"https:\/\/www.atlasformen.fr\/blog\/\",\"name\":\"Atlas For Men Blog\",\"description\":\"Atlas For Men Blog\",\"publisher\":{\"@id\":\"https:\/\/www.atlasformen.fr\/blog\/#organization\"},\"potentialAction\":[{\"@type\":\"SearchAction\",\"target\":{\"@type\":\"EntryPoint\",\"urlTemplate\":\"https:\/\/www.atlasformen.fr\/blog\/?s={search_term_string}\"},\"query-input\":{\"@type\":\"PropertyValueSpecification\",\"valueRequired\":true,\"valueName\":\"search_term_string\"}}],\"inLanguage\":\"en-US\"},{\"@type\":\"Organization\",\"@id\":\"https:\/\/www.atlasformen.fr\/blog\/#organization\",\"name\":\"Atlas For Men\",\"url\":\"https:\/\/www.atlasformen.fr\/blog\/\",\"logo\":{\"@type\":\"ImageObject\",\"inLanguage\":\"en-US\",\"@id\":\"https:\/\/www.atlasformen.fr\/blog\/#\/schema\/logo\/image\/\",\"url\":\"https:\/\/media.atlasformen.com\/blogmedia\/uploads\/2018\/11\/logo_1-1.png\",\"contentUrl\":\"https:\/\/media.atlasformen.com\/blogmedia\/uploads\/2018\/11\/logo_1-1.png\",\"width\":200,\"height\":111,\"caption\":\"Atlas For Men\"},\"image\":{\"@id\":\"https:\/\/www.atlasformen.fr\/blog\/#\/schema\/logo\/image\/\"},\"sameAs\":[\"https:\/\/www.facebook.com\/AtlasForMen\/\",\"https:\/\/x.com\/atlas_for_men\",\"https:\/\/www.instagram.com\/atlasformen\/\",\"https:\/\/www.pinterest.fr\/atlasformen\/\",\"https:\/\/www.youtube.com\/user\/AtlasForMenFrance\"]},{\"@type\":\"Person\",\"@id\":\"https:\/\/www.atlasformen.fr\/blog\/#\/schema\/person\/093990babf323556d1ed802728d3ef74\",\"name\":\"Hanna Rizzo\",\"image\":{\"@type\":\"ImageObject\",\"inLanguage\":\"en-US\",\"@id\":\"https:\/\/www.atlasformen.fr\/blog\/#\/schema\/person\/image\/\",\"url\":\"https:\/\/secure.gravatar.com\/avatar\/10b697751e22bae3f6b9c2ccf41005fbe4723719d0563218643bfe02861139cf?s=96&d=mm&r=g\",\"contentUrl\":\"https:\/\/secure.gravatar.com\/avatar\/10b697751e22bae3f6b9c2ccf41005fbe4723719d0563218643bfe02861139cf?s=96&d=mm&r=g\",\"caption\":\"Hanna Rizzo\"},\"url\":\"https:\/\/www.atlasformen.fr\/blog\/author\/hrizzo\/\"}]}<\/script>\r\n<!-- \/ Yoast SEO plugin. -->","yoast_head_json":{"title":"Top 5 des plus beaux canyons en France | Atlas For Men","description":"Explorez les merveilles fran\u00e7aises ! D\u00e9couvrez comment l'\u00e9rosion a sculpt\u00e9 la terre, offrant des paysages \u00e9poustouflants et des couleurs fascinantes.","robots":{"index,follow,archive":"index,follow,archive"},"canonical":"https:\/\/www.atlasformen.fr\/blog\/explorer\/france\/top-5-canyons-france\/","og_locale":"en_US","og_type":"article","og_title":"Top 5 des plus beaux canyons en France | Atlas For Men","og_description":"Explorez les merveilles fran\u00e7aises ! D\u00e9couvrez comment l'\u00e9rosion a sculpt\u00e9 la terre, offrant des paysages \u00e9poustouflants et des couleurs fascinantes.","og_url":"https:\/\/www.atlasformen.fr\/blog\/explorer\/france\/top-5-canyons-france\/","og_site_name":"Atlas For Men Blog","article_publisher":"https:\/\/www.facebook.com\/AtlasForMen\/","article_published_time":"2024-08-30T13:53:46+00:00","article_modified_time":"2025-03-09T12:22:25+00:00","og_image":[{"width":809,"height":610,"url":"https:\/\/media.atlasformen.com\/blogmedia\/uploads\/2024\/08\/Canyons-France-top-5.jpg","type":"image\/jpeg"}],"author":"Hanna Rizzo","twitter_card":"summary_large_image","twitter_creator":"@atlas_for_men","twitter_site":"@atlas_for_men","twitter_misc":{"Written by":"Hanna Rizzo","Est. reading time":"10 minutes"},"schema":{"@context":"https:\/\/schema.org","@graph":[{"@type":"Article","@id":"https:\/\/www.atlasformen.fr\/blog\/explorer\/france\/top-5-canyons-france\/#article","isPartOf":{"@id":"https:\/\/www.atlasformen.fr\/blog\/explorer\/france\/top-5-canyons-france\/"},"author":{"name":"Hanna Rizzo","@id":"https:\/\/www.atlasformen.fr\/blog\/#\/schema\/person\/093990babf323556d1ed802728d3ef74"},"headline":"Top 5 des plus beaux canyons en France","datePublished":"2024-08-30T13:53:46+00:00","dateModified":"2025-03-09T12:22:25+00:00","mainEntityOfPage":{"@id":"https:\/\/www.atlasformen.fr\/blog\/explorer\/france\/top-5-canyons-france\/"},"wordCount":1852,"commentCount":0,"publisher":{"@id":"https:\/\/www.atlasformen.fr\/blog\/#organization"},"image":{"@id":"https:\/\/www.atlasformen.fr\/blog\/explorer\/france\/top-5-canyons-france\/#primaryimage"},"thumbnailUrl":"https:\/\/media.atlasformen.com\/blogmedia\/uploads\/2024\/08\/Canyons-France-top-5.jpg","keywords":["Explorer","France"],"articleSection":["En France","Explorer"],"inLanguage":"en-US","potentialAction":[{"@type":"CommentAction","name":"Comment","target":["https:\/\/www.atlasformen.fr\/blog\/explorer\/france\/top-5-canyons-france\/#respond"]}]},{"@type":"WebPage","@id":"https:\/\/www.atlasformen.fr\/blog\/explorer\/france\/top-5-canyons-france\/","url":"https:\/\/www.atlasformen.fr\/blog\/explorer\/france\/top-5-canyons-france\/","name":"Top 5 des plus beaux canyons en France | Atlas For Men","isPartOf":{"@id":"https:\/\/www.atlasformen.fr\/blog\/#website"},"primaryImageOfPage":{"@id":"https:\/\/www.atlasformen.fr\/blog\/explorer\/france\/top-5-canyons-france\/#primaryimage"},"image":{"@id":"https:\/\/www.atlasformen.fr\/blog\/explorer\/france\/top-5-canyons-france\/#primaryimage"},"thumbnailUrl":"https:\/\/media.atlasformen.com\/blogmedia\/uploads\/2024\/08\/Canyons-France-top-5.jpg","datePublished":"2024-08-30T13:53:46+00:00","dateModified":"2025-03-09T12:22:25+00:00","description":"Explorez les merveilles fran\u00e7aises ! D\u00e9couvrez comment l'\u00e9rosion a sculpt\u00e9 la terre, offrant des paysages \u00e9poustouflants et des couleurs fascinantes.","breadcrumb":{"@id":"https:\/\/www.atlasformen.fr\/blog\/explorer\/france\/top-5-canyons-france\/#breadcrumb"},"inLanguage":"en-US","potentialAction":[{"@type":"ReadAction","target":["https:\/\/www.atlasformen.fr\/blog\/explorer\/france\/top-5-canyons-france\/"]}]},{"@type":"ImageObject","inLanguage":"en-US","@id":"https:\/\/www.atlasformen.fr\/blog\/explorer\/france\/top-5-canyons-france\/#primaryimage","url":"https:\/\/media.atlasformen.com\/blogmedia\/uploads\/2024\/08\/Canyons-France-top-5.jpg","contentUrl":"https:\/\/media.atlasformen.com\/blogmedia\/uploads\/2024\/08\/Canyons-France-top-5.jpg","width":809,"height":610,"caption":"top canyons france"},{"@type":"BreadcrumbList","@id":"https:\/\/www.atlasformen.fr\/blog\/explorer\/france\/top-5-canyons-france\/#breadcrumb","itemListElement":[{"@type":"ListItem","position":1,"name":"Vivez l\u2019aventure","item":"https:\/\/www.atlasformen.fr\/blog\/"},{"@type":"ListItem","position":2,"name":"Explorer","item":"https:\/\/www.atlasformen.fr\/blog\/categorie\/explorer\/"},{"@type":"ListItem","position":3,"name":"En France","item":"https:\/\/www.atlasformen.fr\/blog\/categorie\/explorer\/france\/"},{"@type":"ListItem","position":4,"name":"Top 5 des plus beaux canyons en France"}]},{"@type":"WebSite","@id":"https:\/\/www.atlasformen.fr\/blog\/#website","url":"https:\/\/www.atlasformen.fr\/blog\/","name":"Atlas For Men Blog","description":"Atlas For Men Blog","publisher":{"@id":"https:\/\/www.atlasformen.fr\/blog\/#organization"},"potentialAction":[{"@type":"SearchAction","target":{"@type":"EntryPoint","urlTemplate":"https:\/\/www.atlasformen.fr\/blog\/?s={search_term_string}"},"query-input":{"@type":"PropertyValueSpecification","valueRequired":true,"valueName":"search_term_string"}}],"inLanguage":"en-US"},{"@type":"Organization","@id":"https:\/\/www.atlasformen.fr\/blog\/#organization","name":"Atlas For Men","url":"https:\/\/www.atlasformen.fr\/blog\/","logo":{"@type":"ImageObject","inLanguage":"en-US","@id":"https:\/\/www.atlasformen.fr\/blog\/#\/schema\/logo\/image\/","url":"https:\/\/media.atlasformen.com\/blogmedia\/uploads\/2018\/11\/logo_1-1.png","contentUrl":"https:\/\/media.atlasformen.com\/blogmedia\/uploads\/2018\/11\/logo_1-1.png","width":200,"height":111,"caption":"Atlas For Men"},"image":{"@id":"https:\/\/www.atlasformen.fr\/blog\/#\/schema\/logo\/image\/"},"sameAs":["https:\/\/www.facebook.com\/AtlasForMen\/","https:\/\/x.com\/atlas_for_men","https:\/\/www.instagram.com\/atlasformen\/","https:\/\/www.pinterest.fr\/atlasformen\/","https:\/\/www.youtube.com\/user\/AtlasForMenFrance"]},{"@type":"Person","@id":"https:\/\/www.atlasformen.fr\/blog\/#\/schema\/person\/093990babf323556d1ed802728d3ef74","name":"Hanna Rizzo","image":{"@type":"ImageObject","inLanguage":"en-US","@id":"https:\/\/www.atlasformen.fr\/blog\/#\/schema\/person\/image\/","url":"https:\/\/secure.gravatar.com\/avatar\/10b697751e22bae3f6b9c2ccf41005fbe4723719d0563218643bfe02861139cf?s=96&d=mm&r=g","contentUrl":"https:\/\/secure.gravatar.com\/avatar\/10b697751e22bae3f6b9c2ccf41005fbe4723719d0563218643bfe02861139cf?s=96&d=mm&r=g","caption":"Hanna Rizzo"},"url":"https:\/\/www.atlasformen.fr\/blog\/author\/hrizzo\/"}]}},"_links":{"self":[{"href":"https:\/\/www.atlasformen.fr\/blog\/wp-json\/wp\/v2\/posts\/22776","targetHints":{"allow":["GET"]}}],"collection":[{"href":"https:\/\/www.atlasformen.fr\/blog\/wp-json\/wp\/v2\/posts"}],"about":[{"href":"https:\/\/www.atlasformen.fr\/blog\/wp-json\/wp\/v2\/types\/post"}],"author":[{"embeddable":true,"href":"https:\/\/www.atlasformen.fr\/blog\/wp-json\/wp\/v2\/users\/12"}],"replies":[{"embeddable":true,"href":"https:\/\/www.atlasformen.fr\/blog\/wp-json\/wp\/v2\/comments?post=22776"}],"version-history":[{"count":25,"href":"https:\/\/www.atlasformen.fr\/blog\/wp-json\/wp\/v2\/posts\/22776\/revisions"}],"predecessor-version":[{"id":23513,"href":"https:\/\/www.atlasformen.fr\/blog\/wp-json\/wp\/v2\/posts\/22776\/revisions\/23513"}],"wp:featuredmedia":[{"embeddable":true,"href":"https:\/\/www.atlasformen.fr\/blog\/wp-json\/wp\/v2\/media\/22859"}],"wp:attachment":[{"href":"https:\/\/www.atlasformen.fr\/blog\/wp-json\/wp\/v2\/media?parent=22776"}],"wp:term":[{"taxonomy":"category","embeddable":true,"href":"https:\/\/www.atlasformen.fr\/blog\/wp-json\/wp\/v2\/categories?post=22776"},{"taxonomy":"post_tag","embeddable":true,"href":"https:\/\/www.atlasformen.fr\/blog\/wp-json\/wp\/v2\/tags?post=22776"}],"curies":[{"name":"wp","href":"https:\/\/api.w.org\/{rel}","templated":true}]}}