{"id":25090,"date":"2025-06-11T18:51:16","date_gmt":"2025-06-11T16:51:16","guid":{"rendered":"https:\/\/preprodmvc.atlasformen.fr\/blog\/?p=25090"},"modified":"2025-06-12T14:18:19","modified_gmt":"2025-06-12T12:18:19","slug":"coton-flamme-matiere","status":"publish","type":"post","link":"https:\/\/www.atlasformen.fr\/blog\/habiller\/choisir-vetements\/coton-flamme-matiere\/","title":{"rendered":"Le coton flamm\u00e9 : tout savoir sur cette mati\u00e8re"},"content":{"rendered":"\t\t<div data-elementor-type=\"wp-post\" data-elementor-id=\"25090\" class=\"elementor elementor-25090\">\n\t\t\t\t\t\t<section class=\"elementor-section elementor-top-section elementor-element elementor-element-9315ce2 elementor-section-boxed elementor-section-height-default elementor-section-height-default\" data-id=\"9315ce2\" data-element_type=\"section\">\n\t\t\t\t\t\t<div class=\"elementor-container elementor-column-gap-default\">\n\t\t\t\t\t<div class=\"elementor-column elementor-col-100 elementor-top-column elementor-element elementor-element-7bb0494\" data-id=\"7bb0494\" data-element_type=\"column\">\n\t\t\t<div class=\"elementor-widget-wrap elementor-element-populated\">\n\t\t\t\t\t\t<div class=\"elementor-element elementor-element-63a61ab elementor-widget elementor-widget-text-editor\" data-id=\"63a61ab\" data-element_type=\"widget\" data-widget_type=\"text-editor.default\">\n\t\t\t\t<div class=\"elementor-widget-container\">\n\t\t\t\t\t\t\t\t\t<p><em>Particuli\u00e8rement pris\u00e9 dans la confection de t-shirts, de sweats et de v\u00eatements d\u00e9contract\u00e9s, le coton flamm\u00e9 apporte une touche d&#8217;originalit\u00e9 et une certaine l\u00e9g\u00e8ret\u00e9 aux tenues. Son look l\u00e9g\u00e8rement vintage et ses variations naturelles en font d\u2019ailleurs un choix privil\u00e9gi\u00e9 pour ceux qui recherchent une alternative au coton traditionnel. En plus de son apparence singuli\u00e8re, il conserve les qualit\u00e9s essentielles du coton : douceur, respirabilit\u00e9 et confort. Gros plan sur cette mati\u00e8re qui allie style et fonctionnalit\u00e9 avec subtilit\u00e9. <\/em><\/p>\t\t\t\t\t\t\t\t<\/div>\n\t\t\t\t<\/div>\n\t\t\t\t\t<\/div>\n\t\t<\/div>\n\t\t\t\t\t<\/div>\n\t\t<\/section>\n\t\t\t\t<section class=\"elementor-section elementor-top-section elementor-element elementor-element-96dd928 elementor-section-boxed elementor-section-height-default elementor-section-height-default\" data-id=\"96dd928\" data-element_type=\"section\">\n\t\t\t\t\t\t<div class=\"elementor-container elementor-column-gap-default\">\n\t\t\t\t\t<div class=\"elementor-column elementor-col-100 elementor-top-column elementor-element elementor-element-e7375c2\" data-id=\"e7375c2\" data-element_type=\"column\">\n\t\t\t<div class=\"elementor-widget-wrap elementor-element-populated\">\n\t\t\t\t\t\t<div class=\"elementor-element elementor-element-df73acf elementor-widget elementor-widget-heading\" data-id=\"df73acf\" data-element_type=\"widget\" data-widget_type=\"heading.default\">\n\t\t\t\t<div class=\"elementor-widget-container\">\n\t\t\t\t\t<h2 class=\"elementor-heading-title elementor-size-default\">Qu\u2019est-ce que le coton flamm\u00e9 ?<\/h2>\t\t\t\t<\/div>\n\t\t\t\t<\/div>\n\t\t\t\t\t<\/div>\n\t\t<\/div>\n\t\t\t\t\t<\/div>\n\t\t<\/section>\n\t\t\t\t<section class=\"elementor-section elementor-top-section elementor-element elementor-element-0d50b6a elementor-section-boxed elementor-section-height-default elementor-section-height-default\" data-id=\"0d50b6a\" data-element_type=\"section\">\n\t\t\t\t\t\t<div class=\"elementor-container elementor-column-gap-default\">\n\t\t\t\t\t<div class=\"elementor-column elementor-col-100 elementor-top-column elementor-element elementor-element-c5e1cc2\" data-id=\"c5e1cc2\" data-element_type=\"column\">\n\t\t\t<div class=\"elementor-widget-wrap elementor-element-populated\">\n\t\t\t\t\t\t<div class=\"elementor-element elementor-element-d39d562 elementor-widget elementor-widget-text-editor\" data-id=\"d39d562\" data-element_type=\"widget\" data-widget_type=\"text-editor.default\">\n\t\t\t\t<div class=\"elementor-widget-container\">\n\t\t\t\t\t\t\t\t\t<p>Le <strong>coton flamm\u00e9<\/strong> est un type de fil de coton qui pr\u00e9sente <strong>une texture irr\u00e9guli\u00e8re<\/strong> et l\u00e9g\u00e8rement \u00e9paissie, donnant <strong>un aspect dynamique et naturel<\/strong> au tissu. Son proc\u00e9d\u00e9 de filature repose sur une variation contr\u00f4l\u00e9e de la tension du fil lors du filage, ce qui cr\u00e9e des zones plus \u00e9paisses appel\u00e9es <strong>\u00ab\u00a0flammes\u00a0\u00bb.<\/strong> Ces irr\u00e9gularit\u00e9s sont obtenues en acc\u00e9l\u00e9rant, puis ralentissant le<strong> processus de torsion du fil<\/strong>, g\u00e9n\u00e9rant des variations de densit\u00e9 le long du fil.<\/p><p><strong>Contrairement au coton classique,<\/strong> dont la texture est lisse et uniforme, le coton flamm\u00e9 pr\u00e9sente <strong>un aspect plus vivant et textur\u00e9<\/strong>, souvent recherch\u00e9 pour son rendu esth\u00e9tique et sa <strong>sensation agr\u00e9able au toucher.<\/strong><\/p>\t\t\t\t\t\t\t\t<\/div>\n\t\t\t\t<\/div>\n\t\t\t\t\t<\/div>\n\t\t<\/div>\n\t\t\t\t\t<\/div>\n\t\t<\/section>\n\t\t\t\t<section class=\"elementor-section elementor-top-section elementor-element elementor-element-a7957b9 elementor-section-boxed elementor-section-height-default elementor-section-height-default\" data-id=\"a7957b9\" data-element_type=\"section\">\n\t\t\t\t\t\t<div class=\"elementor-container elementor-column-gap-default\">\n\t\t\t\t\t<div class=\"elementor-column elementor-col-100 elementor-top-column elementor-element elementor-element-e07c9f2\" data-id=\"e07c9f2\" data-element_type=\"column\">\n\t\t\t<div class=\"elementor-widget-wrap elementor-element-populated\">\n\t\t\t\t\t\t<div class=\"elementor-element elementor-element-913e3be elementor-widget elementor-widget-heading\" data-id=\"913e3be\" data-element_type=\"widget\" data-widget_type=\"heading.default\">\n\t\t\t\t<div class=\"elementor-widget-container\">\n\t\t\t\t\t<h2 class=\"elementor-heading-title elementor-size-default\">Les avantages du coton flamm\u00e9<\/h2>\t\t\t\t<\/div>\n\t\t\t\t<\/div>\n\t\t\t\t\t<\/div>\n\t\t<\/div>\n\t\t\t\t\t<\/div>\n\t\t<\/section>\n\t\t\t\t<section class=\"elementor-section elementor-top-section elementor-element elementor-element-b72edb2 elementor-section-boxed elementor-section-height-default elementor-section-height-default\" data-id=\"b72edb2\" data-element_type=\"section\">\n\t\t\t\t\t\t<div class=\"elementor-container elementor-column-gap-default\">\n\t\t\t\t\t<div class=\"elementor-column elementor-col-100 elementor-top-column elementor-element elementor-element-6ec55c9\" data-id=\"6ec55c9\" data-element_type=\"column\">\n\t\t\t<div class=\"elementor-widget-wrap elementor-element-populated\">\n\t\t\t\t\t\t<div class=\"elementor-element elementor-element-42a07bd elementor-widget elementor-widget-text-editor\" data-id=\"42a07bd\" data-element_type=\"widget\" data-widget_type=\"text-editor.default\">\n\t\t\t\t<div class=\"elementor-widget-container\">\n\t\t\t\t\t\t\t\t\t<p>Le <strong>coton flamm\u00e9<\/strong> pr\u00e9sente plusieurs avantages qui en font un choix pris\u00e9 dans <strong>l&#8217;industrie textile<\/strong>. Son principal atout r\u00e9side dans son <strong>esth\u00e9tique unique<\/strong> : gr\u00e2ce \u00e0 ses irr\u00e9gularit\u00e9s naturelles, il conf\u00e8re aux v\u00eatements <strong>un aspect textur\u00e9 et l\u00e9g\u00e8rement vintage<\/strong>, ajoutant du caract\u00e8re \u00e0 des pi\u00e8ces simples comme les t-shirts et sweats.<\/p><p>En termes de confort, il se distingue par sa <strong>l\u00e9g\u00e8ret\u00e9<\/strong> et sa <strong>respirabilit\u00e9<\/strong>. Les variations d&#8217;\u00e9paisseur du fil am\u00e9liorent la circulation de l&#8217;air, rendant les v\u00eatements plus <strong>agr\u00e9ables \u00e0 porter, surtout en \u00e9t\u00e9<\/strong>. Sa <strong>douceur<\/strong> reste comparable \u00e0 celle du coton classique, mais avec une <strong>sensation plus fra\u00eeche<\/strong> et naturelle au toucher.<\/p>\t\t\t\t\t\t\t\t<\/div>\n\t\t\t\t<\/div>\n\t\t\t\t\t<\/div>\n\t\t<\/div>\n\t\t\t\t\t<\/div>\n\t\t<\/section>\n\t\t\t\t<section class=\"elementor-section elementor-top-section elementor-element elementor-element-a859864 elementor-section-boxed elementor-section-height-default elementor-section-height-default\" data-id=\"a859864\" data-element_type=\"section\">\n\t\t\t\t\t\t<div class=\"elementor-container elementor-column-gap-default\">\n\t\t\t\t\t<div class=\"elementor-column elementor-col-50 elementor-top-column elementor-element elementor-element-3347ef5\" data-id=\"3347ef5\" data-element_type=\"column\">\n\t\t\t<div class=\"elementor-widget-wrap elementor-element-populated\">\n\t\t\t\t\t\t<div class=\"elementor-element elementor-element-6b02c15 elementor-widget elementor-widget-text-editor\" data-id=\"6b02c15\" data-element_type=\"widget\" data-widget_type=\"text-editor.default\">\n\t\t\t\t<div class=\"elementor-widget-container\">\n\t\t\t\t\t\t\t\t\t<p>Le coton flamm\u00e9 est \u00e9galement appr\u00e9ci\u00e9 pour sa <strong>r\u00e9sistance <\/strong>et sa <strong>durabilit\u00e9<\/strong>. Son proc\u00e9d\u00e9 de filature, caract\u00e9ris\u00e9 par des variations d\u2019\u00e9paisseur dans le fil, lui conf\u00e8re une<strong> robustesse sup\u00e9rieure<\/strong> au <strong>coton classique<\/strong>. Ces irr\u00e9gularit\u00e9s renforcent sa tenue et limitent l\u2019usure, permettant aux v\u00eatements de conserver leur <strong>apparence d\u2019origine<\/strong>, m\u00eame apr\u00e8s de nombreux lavages.<\/p><p><strong>Autre atout essentiel<\/strong>, sa capacit\u00e9 \u00e0 absorber les teintures garantit des<strong> couleurs \u00e9clatantes<\/strong> qui r\u00e9sistent mieux aux lavages et aux expositions prolong\u00e9es \u00e0 la lumi\u00e8re. Contrairement \u00e0 certains tissus qui perdent <strong>rapidement leur \u00e9clat<\/strong>, le coton flamm\u00e9 pr\u00e9serve son intensit\u00e9, et les v\u00eatements conservent leur fra\u00eecheur au <strong>fil du temps<\/strong>.<\/p>\t\t\t\t\t\t\t\t<\/div>\n\t\t\t\t<\/div>\n\t\t\t\t\t<\/div>\n\t\t<\/div>\n\t\t\t\t<div class=\"elementor-column elementor-col-50 elementor-top-column elementor-element elementor-element-a434ca1\" data-id=\"a434ca1\" data-element_type=\"column\">\n\t\t\t<div class=\"elementor-widget-wrap elementor-element-populated\">\n\t\t\t\t\t\t<div class=\"elementor-element elementor-element-5018d6e elementor-widget elementor-widget-image\" data-id=\"5018d6e\" data-element_type=\"widget\" data-widget_type=\"image.default\">\n\t\t\t\t<div class=\"elementor-widget-container\">\n\t\t\t\t\t\t\t\t\t\t\t\t\t\t\t<img  fetchpriority=\"high\" decoding=\"async\" width=\"749\" height=\"1024\"  src=\"data:image\/gif;base64,R0lGODlhAQABAIAAAAAAAP\/\/\/yH5BAEAAAAALAAAAAABAAEAAAIBRAA7\" data-lazy-src=\"https:\/\/media.atlasformen.com\/blogmedia\/uploads\/2025\/06\/chemise-flammee-1-749x1024.jpg\"  class=\"attachment-large size-large wp-image-25267\" alt=\"chemise popeline flamm\u00e9e\" srcset=\"https:\/\/media.atlasformen.com\/blogmedia\/uploads\/2025\/06\/chemise-flammee-1-749x1024.jpg 749w, https:\/\/media.atlasformen.com\/blogmedia\/uploads\/2025\/06\/chemise-flammee-1-219x300.jpg 219w, https:\/\/media.atlasformen.com\/blogmedia\/uploads\/2025\/06\/chemise-flammee-1-768x1050.jpg 768w, https:\/\/media.atlasformen.com\/blogmedia\/uploads\/2025\/06\/chemise-flammee-1-18x24.jpg 18w, https:\/\/media.atlasformen.com\/blogmedia\/uploads\/2025\/06\/chemise-flammee-1-26x36.jpg 26w, https:\/\/media.atlasformen.com\/blogmedia\/uploads\/2025\/06\/chemise-flammee-1-35x48.jpg 35w, https:\/\/media.atlasformen.com\/blogmedia\/uploads\/2025\/06\/chemise-flammee-1.jpg 1024w\" sizes=\"(max-width: 749px) 100vw, 749px\" \/><noscript><img  fetchpriority=\"high\" decoding=\"async\" width=\"749\" height=\"1024\"  src=\"https:\/\/media.atlasformen.com\/blogmedia\/uploads\/2025\/06\/chemise-flammee-1-749x1024.jpg\"  class=\"attachment-large size-large wp-image-25267\" alt=\"chemise popeline flamm\u00e9e\" srcset=\"https:\/\/media.atlasformen.com\/blogmedia\/uploads\/2025\/06\/chemise-flammee-1-749x1024.jpg 749w, https:\/\/media.atlasformen.com\/blogmedia\/uploads\/2025\/06\/chemise-flammee-1-219x300.jpg 219w, https:\/\/media.atlasformen.com\/blogmedia\/uploads\/2025\/06\/chemise-flammee-1-768x1050.jpg 768w, https:\/\/media.atlasformen.com\/blogmedia\/uploads\/2025\/06\/chemise-flammee-1-18x24.jpg 18w, https:\/\/media.atlasformen.com\/blogmedia\/uploads\/2025\/06\/chemise-flammee-1-26x36.jpg 26w, https:\/\/media.atlasformen.com\/blogmedia\/uploads\/2025\/06\/chemise-flammee-1-35x48.jpg 35w, https:\/\/media.atlasformen.com\/blogmedia\/uploads\/2025\/06\/chemise-flammee-1.jpg 1024w\" sizes=\"(max-width: 749px) 100vw, 749px\" \/><\/noscript>\t\t\t\t\t\t\t\t\t\t\t\t\t\t\t<\/div>\n\t\t\t\t<\/div>\n\t\t\t\t\t<\/div>\n\t\t<\/div>\n\t\t\t\t\t<\/div>\n\t\t<\/section>\n\t\t\t\t<section class=\"elementor-section elementor-top-section elementor-element elementor-element-d4e53a0 elementor-section-boxed elementor-section-height-default elementor-section-height-default\" data-id=\"d4e53a0\" data-element_type=\"section\">\n\t\t\t\t\t\t<div class=\"elementor-container elementor-column-gap-default\">\n\t\t\t\t\t<div class=\"elementor-column elementor-col-100 elementor-top-column elementor-element elementor-element-9c4e263\" data-id=\"9c4e263\" data-element_type=\"column\">\n\t\t\t<div class=\"elementor-widget-wrap elementor-element-populated\">\n\t\t\t\t\t\t<div class=\"elementor-element elementor-element-152afa8 elementor-widget elementor-widget-text-editor\" data-id=\"152afa8\" data-element_type=\"widget\" data-widget_type=\"text-editor.default\">\n\t\t\t\t<div class=\"elementor-widget-container\">\n\t\t\t\t\t\t\t\t\t<p>Sa <strong>structure irr\u00e9guli\u00e8re<\/strong> lui conf\u00e8re une excellente respirabilit\u00e9, favorisant <strong>une meilleure r\u00e9gulation thermique<\/strong>. Cette caract\u00e9ristique r\u00e9duit la <strong>fr\u00e9quence des lavages<\/strong> et participe \u00e0 la<strong> long\u00e9vit\u00e9<\/strong> des pi\u00e8ces confectionn\u00e9es dans cette mati\u00e8re.<\/p><p><strong>Polyvalent<\/strong>, il s\u2019adapte \u00e0 tous les styles, du v\u00eatement casual \u00e0 la <strong>tenue plus sophistiqu\u00e9e<\/strong>. Sa texture singuli\u00e8re et son allure l\u00e9g\u00e8rement vintage en font une <strong>mati\u00e8re incontournable<\/strong> pour ceux qui recherchent \u00e0 la fois <strong>originalit\u00e9<\/strong> et <strong>confort<\/strong> dans leur garde-robe.\u00a0<\/p>\t\t\t\t\t\t\t\t<\/div>\n\t\t\t\t<\/div>\n\t\t\t\t\t<\/div>\n\t\t<\/div>\n\t\t\t\t\t<\/div>\n\t\t<\/section>\n\t\t\t\t<section class=\"elementor-section elementor-top-section elementor-element elementor-element-31b200f elementor-section-boxed elementor-section-height-default elementor-section-height-default\" data-id=\"31b200f\" data-element_type=\"section\">\n\t\t\t\t\t\t<div class=\"elementor-container elementor-column-gap-default\">\n\t\t\t\t\t<div class=\"elementor-column elementor-col-100 elementor-top-column elementor-element elementor-element-c3d677f\" data-id=\"c3d677f\" data-element_type=\"column\">\n\t\t\t<div class=\"elementor-widget-wrap elementor-element-populated\">\n\t\t\t\t\t\t<div class=\"elementor-element elementor-element-345aacb elementor-widget elementor-widget-shortcode\" data-id=\"345aacb\" data-element_type=\"widget\" data-widget_type=\"shortcode.default\">\n\t\t\t\t<div class=\"elementor-widget-container\">\n\t\t\t\t\t\t\t<div class=\"elementor-shortcode\"><div class=\"afmProductSlider-Container\"><div class=\"afmProductSlider-arrows-container clearfix\"><div class=\"afmArrow-prev\"><\/div><div class=\"afmArrow-next\"><\/div><\/div><div class=\"afmProductSlider \"><div class=\"afmProduct\"><a class=\"clearfix\" href=\"\/products\/homme\/vetements\/chemises\/chemises-a-carreaux\/la-chemise-a-carreaux-texas\/r5125.aspx\" target=\"_blank\" ><div class=\"afmProductImageContainer\"><img  decoding=\"async\" alt=\"ProductTest01\"  src=\"data:image\/gif;base64,R0lGODlhAQABAIAAAAAAAP\/\/\/yH5BAEAAAAALAAAAAABAAEAAAIBRAA7\" data-lazy-src=\"https:\/\/media.atlasformen.com\/webmedia\/1080by1242\/e6\/ea\/a5\/e6eaa51e8d8b16c39997951dadfa4f8f.jpg?w=356\" \/><noscript><img  decoding=\"async\" alt=\"ProductTest01\"  src=\"https:\/\/media.atlasformen.com\/webmedia\/1080by1242\/e6\/ea\/a5\/e6eaa51e8d8b16c39997951dadfa4f8f.jpg?w=356\" \/><\/noscript><\/div><div class=\"afmProductInformationContainer\"><div class=\"afmProduct-items-title\"><span>La Chemise \u00e0 Carreaux Texas<\/span><\/div><div class=\"afmProduct-items-tag\"><\/div><div class=\"afmProduct-items-price-container col-md-12\"><span id=\"spanDiscount\" class=\"afm-ProductItemPromo\"><span class=\"afm-discount\"><strong id=\"strongOff\"><span id=\"spanLess\" class=\"less\">-<\/span><span class=\"amount\" id=\"spanPercentage\">59<\/span><span class=\"percent\">%<\/span><\/strong><\/span><\/span><span class=\"afm-ProductItemPrice afm-PLPPrice\">15\u20ac99<span id=\"spanPriceBefore\" class=\"afm-ProductItemPriceBase\">39\u20ac90<\/span><\/span><\/div><div class=\"afmProduct-items-cart\"><div class=\"afmProduct-BuyNow-Button\">J'AJOUTE AU PANIER<\/div><\/div><div class=\"afmProduct-items-sku\"> <\/div><\/div><\/a><\/div><div class=\"afmProduct\"><a class=\"clearfix\" href=\"\/products\/homme\/vetements\/chemises\/chemises-en-jean\/la-chemise-en-denim-stretch-brodee\/y1171.aspx\" target=\"_blank\" ><div class=\"afmProductImageContainer\"><img  decoding=\"async\" alt=\"ProductTest01\"  src=\"data:image\/gif;base64,R0lGODlhAQABAIAAAAAAAP\/\/\/yH5BAEAAAAALAAAAAABAAEAAAIBRAA7\" data-lazy-src=\"https:\/\/media.atlasformen.com\/webmedia\/1080by1242\/d1\/be\/60\/d1be602a914605913056ae7666a12c2d.jpg?w=356\" \/><noscript><img  decoding=\"async\" alt=\"ProductTest01\"  src=\"https:\/\/media.atlasformen.com\/webmedia\/1080by1242\/d1\/be\/60\/d1be602a914605913056ae7666a12c2d.jpg?w=356\" \/><\/noscript><\/div><div class=\"afmProductInformationContainer\"><div class=\"afmProduct-items-title\"><span>La Chemise en Denim Stretch Brod\u00e9e<\/span><\/div><div class=\"afmProduct-items-tag\"><\/div><div class=\"afmProduct-items-price-container col-md-12\"><span id=\"spanDiscount\" class=\"afm-ProductItemPromo\"><span class=\"afm-discount\"><strong id=\"strongOff\"><span id=\"spanLess\" class=\"less\">-<\/span><span class=\"amount\" id=\"spanPercentage\">54<\/span><span class=\"percent\">%<\/span><\/strong><\/span><\/span><span class=\"afm-ProductItemPrice afm-PLPPrice\">29\u20ac99<span id=\"spanPriceBefore\" class=\"afm-ProductItemPriceBase\">65\u20ac90<\/span><\/span><\/div><div class=\"afmProduct-items-cart\"><div class=\"afmProduct-BuyNow-Button\">J'AJOUTE AU PANIER<\/div><\/div><div class=\"afmProduct-items-sku\"> <\/div><\/div><\/a><\/div><div class=\"afmProduct\"><a class=\"clearfix\" href=\"\/products\/homme\/vetements\/chemises\/la-chemise-esprit-western\/r5135.aspx\" target=\"_blank\" ><div class=\"afmProductImageContainer\"><img  decoding=\"async\" alt=\"ProductTest01\"  src=\"data:image\/gif;base64,R0lGODlhAQABAIAAAAAAAP\/\/\/yH5BAEAAAAALAAAAAABAAEAAAIBRAA7\" data-lazy-src=\"https:\/\/media.atlasformen.com\/webmedia\/1080by1242\/fe\/ee\/ce\/feeece99a5c9f252bee97503875976a1.jpg?w=356\" \/><noscript><img  decoding=\"async\" alt=\"ProductTest01\"  src=\"https:\/\/media.atlasformen.com\/webmedia\/1080by1242\/fe\/ee\/ce\/feeece99a5c9f252bee97503875976a1.jpg?w=356\" \/><\/noscript><\/div><div class=\"afmProductInformationContainer\"><div class=\"afmProduct-items-title\"><span>La Chemise Esprit Western<\/span><\/div><div class=\"afmProduct-items-tag\"><\/div><div class=\"afmProduct-items-price-container col-md-12\"><span id=\"spanDiscount\" class=\"afm-ProductItemPromo\"><span class=\"afm-discount\"><strong id=\"strongOff\"><span id=\"spanLess\" class=\"less\">-<\/span><span class=\"amount\" id=\"spanPercentage\">59<\/span><span class=\"percent\">%<\/span><\/strong><\/span><\/span><span class=\"afm-ProductItemPrice afm-PLPPrice\">15\u20ac99<span id=\"spanPriceBefore\" class=\"afm-ProductItemPriceBase\">39\u20ac90<\/span><\/span><\/div><div class=\"afmProduct-items-cart\"><div class=\"afmProduct-BuyNow-Button\">J'AJOUTE AU PANIER<\/div><\/div><div class=\"afmProduct-items-sku\"> <\/div><\/div><\/a><\/div><div class=\"afmProduct\"><a class=\"clearfix\" href=\"\/products\/homme\/vetements\/chemises\/chemises-a-carreaux\/la-chemise-popeline-carreaux-empiecements-suedine\/q7112.aspx\" target=\"_blank\" ><div class=\"afmProductImageContainer\"><img  decoding=\"async\" alt=\"ProductTest01\"  src=\"data:image\/gif;base64,R0lGODlhAQABAIAAAAAAAP\/\/\/yH5BAEAAAAALAAAAAABAAEAAAIBRAA7\" data-lazy-src=\"https:\/\/media.atlasformen.com\/webmedia\/1080by1242\/17\/e1\/5f\/17e15fc57a34f3c4dbc7d676eb00c0aa.jpg?w=356\" \/><noscript><img  decoding=\"async\" alt=\"ProductTest01\"  src=\"https:\/\/media.atlasformen.com\/webmedia\/1080by1242\/17\/e1\/5f\/17e15fc57a34f3c4dbc7d676eb00c0aa.jpg?w=356\" \/><\/noscript><\/div><div class=\"afmProductInformationContainer\"><div class=\"afmProduct-items-title\"><span>La Chemise Popeline Carreaux Empi\u00e8cements Su\u00e9dine<\/span><\/div><div class=\"afmProduct-items-tag\"><\/div><div class=\"afmProduct-items-price-container col-md-12\"><span id=\"spanDiscount\" class=\"afm-ProductItemPromo\"><span class=\"afm-discount\"><strong id=\"strongOff\"><span id=\"spanLess\" class=\"less\">-<\/span><span class=\"amount\" id=\"spanPercentage\">59<\/span><span class=\"percent\">%<\/span><\/strong><\/span><\/span><span class=\"afm-ProductItemPrice afm-PLPPrice\">15\u20ac99<span id=\"spanPriceBefore\" class=\"afm-ProductItemPriceBase\">39\u20ac90<\/span><\/span><\/div><div class=\"afmProduct-items-cart\"><div class=\"afmProduct-BuyNow-Button\">J'AJOUTE AU PANIER<\/div><\/div><div class=\"afmProduct-items-sku\"> <\/div><\/div><\/a><\/div><div class=\"afmProduct\"><a class=\"clearfix\" href=\"\/products\/homme\/vetements\/chemises\/chemises-a-carreaux\/la-chemisette-a-carreaux-caraibes\/r2139.aspx\" target=\"_blank\" ><div class=\"afmProductImageContainer\"><img  decoding=\"async\" alt=\"ProductTest01\"  src=\"data:image\/gif;base64,R0lGODlhAQABAIAAAAAAAP\/\/\/yH5BAEAAAAALAAAAAABAAEAAAIBRAA7\" data-lazy-src=\"https:\/\/media.atlasformen.com\/webmedia\/1080by1242\/d8\/2a\/08\/d82a0877569bbb59958d464e8f790272.jpg?w=356\" \/><noscript><img  decoding=\"async\" alt=\"ProductTest01\"  src=\"https:\/\/media.atlasformen.com\/webmedia\/1080by1242\/d8\/2a\/08\/d82a0877569bbb59958d464e8f790272.jpg?w=356\" \/><\/noscript><\/div><div class=\"afmProductInformationContainer\"><div class=\"afmProduct-items-title\"><span>La Chemisette \u00e0 Carreaux Cara\u00efbes<\/span><\/div><div class=\"afmProduct-items-tag\"><\/div><div class=\"afmProduct-items-price-container col-md-12\"><span id=\"spanDiscount\" class=\"afm-ProductItemPromo\"><span class=\"afm-discount\"><strong id=\"strongOff\"><span id=\"spanLess\" class=\"less\">-<\/span><span class=\"amount\" id=\"spanPercentage\">59<\/span><span class=\"percent\">%<\/span><\/strong><\/span><\/span><span class=\"afm-ProductItemPrice afm-PLPPrice\">15\u20ac99<span id=\"spanPriceBefore\" class=\"afm-ProductItemPriceBase\">39\u20ac90<\/span><\/span><\/div><div class=\"afmProduct-items-cart\"><div class=\"afmProduct-BuyNow-Button\">J'AJOUTE AU PANIER<\/div><\/div><div class=\"afmProduct-items-sku\"> <\/div><\/div><\/a><\/div><div class=\"afmProduct\"><a class=\"clearfix\" href=\"\/products\/homme\/vetements\/chemises\/chemises-a-rayures\/la-chemisette-manches-courtes-en-popeline-rayee\/q9125.aspx\" target=\"_blank\" ><div class=\"afmProductImageContainer\"><img  decoding=\"async\" alt=\"ProductTest01\"  src=\"data:image\/gif;base64,R0lGODlhAQABAIAAAAAAAP\/\/\/yH5BAEAAAAALAAAAAABAAEAAAIBRAA7\" data-lazy-src=\"https:\/\/media.atlasformen.com\/webmedia\/1080by1242\/01\/27\/75\/0127750468c19f17ada046ce87f12fb2.jpg?w=356\" \/><noscript><img  decoding=\"async\" alt=\"ProductTest01\"  src=\"https:\/\/media.atlasformen.com\/webmedia\/1080by1242\/01\/27\/75\/0127750468c19f17ada046ce87f12fb2.jpg?w=356\" \/><\/noscript><\/div><div class=\"afmProductInformationContainer\"><div class=\"afmProduct-items-title\"><span>La Chemisette Manches Courtes en Popeline Ray\u00e9e<\/span><\/div><div class=\"afmProduct-items-tag\"><\/div><div class=\"afmProduct-items-price-container col-md-12\"><span id=\"spanDiscount\" class=\"afm-ProductItemPromo\"><span class=\"afm-discount\"><strong id=\"strongOff\"><span id=\"spanLess\" class=\"less\">-<\/span><span class=\"amount\" id=\"spanPercentage\">59<\/span><span class=\"percent\">%<\/span><\/strong><\/span><\/span><span class=\"afm-ProductItemPrice afm-PLPPrice\">15\u20ac99<span id=\"spanPriceBefore\" class=\"afm-ProductItemPriceBase\">39\u20ac90<\/span><\/span><\/div><div class=\"afmProduct-items-cart\"><div class=\"afmProduct-BuyNow-Button\">J'AJOUTE AU PANIER<\/div><\/div><div class=\"afmProduct-items-sku\"> <\/div><\/div><\/a><\/div><div class=\"afmProduct\"><a class=\"clearfix\" href=\"\/products\/homme\/vetements\/chemises\/chemises-a-carreaux\/la-chemise-popeline-western\/r5121.aspx\" target=\"_blank\" ><div class=\"afmProductImageContainer\"><img  decoding=\"async\" alt=\"ProductTest01\"  src=\"data:image\/gif;base64,R0lGODlhAQABAIAAAAAAAP\/\/\/yH5BAEAAAAALAAAAAABAAEAAAIBRAA7\" data-lazy-src=\"https:\/\/media.atlasformen.com\/webmedia\/1080by1242\/8b\/88\/30\/8b8830b04aa98b58d6eb08989e36d954.jpg?w=356\" \/><noscript><img  decoding=\"async\" alt=\"ProductTest01\"  src=\"https:\/\/media.atlasformen.com\/webmedia\/1080by1242\/8b\/88\/30\/8b8830b04aa98b58d6eb08989e36d954.jpg?w=356\" \/><\/noscript><\/div><div class=\"afmProductInformationContainer\"><div class=\"afmProduct-items-title\"><span>La Chemise Popeline Western<\/span><\/div><div class=\"afmProduct-items-tag\"><\/div><div class=\"afmProduct-items-price-container col-md-12\"><span id=\"spanDiscount\" class=\"afm-ProductItemPromo\"><span class=\"afm-discount\"><strong id=\"strongOff\"><span id=\"spanLess\" class=\"less\">-<\/span><span class=\"amount\" id=\"spanPercentage\">59<\/span><span class=\"percent\">%<\/span><\/strong><\/span><\/span><span class=\"afm-ProductItemPrice afm-PLPPrice\">15\u20ac99<span id=\"spanPriceBefore\" class=\"afm-ProductItemPriceBase\">39\u20ac90<\/span><\/span><\/div><div class=\"afmProduct-items-cart\"><div class=\"afmProduct-BuyNow-Button\">J'AJOUTE AU PANIER<\/div><\/div><div class=\"afmProduct-items-sku\"> <\/div><\/div><\/a><\/div><div class=\"afmProduct\"><a class=\"clearfix\" href=\"\/products\/homme\/vetements\/chemises\/chemises-en-crepon\/le-lot-de-2-chemisettes-crepon-unies\/r2110.aspx\" target=\"_blank\" ><div class=\"afmProductImageContainer\"><img  decoding=\"async\" alt=\"ProductTest01\"  src=\"data:image\/gif;base64,R0lGODlhAQABAIAAAAAAAP\/\/\/yH5BAEAAAAALAAAAAABAAEAAAIBRAA7\" data-lazy-src=\"https:\/\/media.atlasformen.com\/webmedia\/1080by1242\/aa\/05\/d1\/aa05d1bfd0fc68f8c70badb1a83dbb56.jpg?w=356\" \/><noscript><img  decoding=\"async\" alt=\"ProductTest01\"  src=\"https:\/\/media.atlasformen.com\/webmedia\/1080by1242\/aa\/05\/d1\/aa05d1bfd0fc68f8c70badb1a83dbb56.jpg?w=356\" \/><\/noscript><\/div><div class=\"afmProductInformationContainer\"><div class=\"afmProduct-items-title\"><span>Le Lot de 2 Chemisettes Cr\u00e9pon Unies<\/span><\/div><div class=\"afmProduct-items-tag\"><\/div><div class=\"afmProduct-items-price-container col-md-12\"><span id=\"spanDiscount\" class=\"afm-ProductItemPromo\"><span class=\"afm-discount\"><strong id=\"strongOff\"><span id=\"spanLess\" class=\"less\">-<\/span><span class=\"amount\" id=\"spanPercentage\">62<\/span><span class=\"percent\">%<\/span><\/strong><\/span><\/span><span class=\"afm-ProductItemPrice afm-PLPPrice\">27\u20ac99<span id=\"spanPriceBefore\" class=\"afm-ProductItemPriceBase\">74\u20ac90<\/span><\/span><\/div><div class=\"afmProduct-items-cart\"><div class=\"afmProduct-BuyNow-Button\">J'AJOUTE AU PANIER<\/div><\/div><div class=\"afmProduct-items-sku\"> <\/div><\/div><\/a><\/div><div class=\"afmProduct\"><a class=\"clearfix\" href=\"\/products\/homme\/vetements\/nos-best-sellers\/la-chemisette-blanche-details-chambray\/p8128.aspx\" target=\"_blank\" ><div class=\"afmProductImageContainer\"><img  decoding=\"async\" alt=\"ProductTest01\"  src=\"data:image\/gif;base64,R0lGODlhAQABAIAAAAAAAP\/\/\/yH5BAEAAAAALAAAAAABAAEAAAIBRAA7\" data-lazy-src=\"https:\/\/media.atlasformen.com\/webmedia\/1080by1242\/7a\/7b\/15\/7a7b15a6df13bbd38a73729bba358b5e.jpg?w=356\" \/><noscript><img  decoding=\"async\" alt=\"ProductTest01\"  src=\"https:\/\/media.atlasformen.com\/webmedia\/1080by1242\/7a\/7b\/15\/7a7b15a6df13bbd38a73729bba358b5e.jpg?w=356\" \/><\/noscript><\/div><div class=\"afmProductInformationContainer\"><div class=\"afmProduct-items-title\"><span>La Chemisette Blanche D\u00e9tails Chambray<\/span><\/div><div class=\"afmProduct-items-tag\"><\/div><div class=\"afmProduct-items-price-container col-md-12\"><span id=\"spanDiscount\" class=\"afm-ProductItemPromo\"><span class=\"afm-discount\"><strong id=\"strongOff\"><span id=\"spanLess\" class=\"less\">-<\/span><span class=\"amount\" id=\"spanPercentage\">59<\/span><span class=\"percent\">%<\/span><\/strong><\/span><\/span><span class=\"afm-ProductItemPrice afm-PLPPrice\">15\u20ac99<span id=\"spanPriceBefore\" class=\"afm-ProductItemPriceBase\">39\u20ac90<\/span><\/span><\/div><div class=\"afmProduct-items-cart\"><div class=\"afmProduct-BuyNow-Button\">J'AJOUTE AU PANIER<\/div><\/div><div class=\"afmProduct-items-sku\"> <\/div><\/div><\/a><\/div><div class=\"afmProduct\"><a class=\"clearfix\" href=\"\/products\/homme\/vetements\/chemises\/chemises-en-popeline\/la-chemise-popeline-fantaisie\/r5119.aspx\" target=\"_blank\" ><div class=\"afmProductImageContainer\"><img  decoding=\"async\" alt=\"ProductTest01\"  src=\"data:image\/gif;base64,R0lGODlhAQABAIAAAAAAAP\/\/\/yH5BAEAAAAALAAAAAABAAEAAAIBRAA7\" data-lazy-src=\"https:\/\/media.atlasformen.com\/webmedia\/1080by1242\/14\/1f\/e6\/141fe66868f7860b484086e4a239498a.jpg?w=356\" \/><noscript><img  decoding=\"async\" alt=\"ProductTest01\"  src=\"https:\/\/media.atlasformen.com\/webmedia\/1080by1242\/14\/1f\/e6\/141fe66868f7860b484086e4a239498a.jpg?w=356\" \/><\/noscript><\/div><div class=\"afmProductInformationContainer\"><div class=\"afmProduct-items-title\"><span>La Chemise Popeline Fantaisie<\/span><\/div><div class=\"afmProduct-items-tag\"><\/div><div class=\"afmProduct-items-price-container col-md-12\"><span id=\"spanDiscount\" class=\"afm-ProductItemPromo\"><span class=\"afm-discount\"><strong id=\"strongOff\"><span id=\"spanLess\" class=\"less\">-<\/span><span class=\"amount\" id=\"spanPercentage\">59<\/span><span class=\"percent\">%<\/span><\/strong><\/span><\/span><span class=\"afm-ProductItemPrice afm-PLPPrice\">15\u20ac99<span id=\"spanPriceBefore\" class=\"afm-ProductItemPriceBase\">39\u20ac90<\/span><\/span><\/div><div class=\"afmProduct-items-cart\"><div class=\"afmProduct-BuyNow-Button\">J'AJOUTE AU PANIER<\/div><\/div><div class=\"afmProduct-items-sku\"> <\/div><\/div><\/a><\/div><div class=\"afmProduct\"><a class=\"clearfix\" href=\"\/products\/homme\/vetements\/chemises\/la-chemisette-tropic-palm\/p5120.aspx\" target=\"_blank\" ><div class=\"afmProductImageContainer\"><img  decoding=\"async\" alt=\"ProductTest01\"  src=\"data:image\/gif;base64,R0lGODlhAQABAIAAAAAAAP\/\/\/yH5BAEAAAAALAAAAAABAAEAAAIBRAA7\" data-lazy-src=\"https:\/\/media.atlasformen.com\/webmedia\/1080by1242\/3c\/ee\/e8\/3ceee835fbc7416e3b586f9cb2877afc.jpg?w=356\" \/><noscript><img  decoding=\"async\" alt=\"ProductTest01\"  src=\"https:\/\/media.atlasformen.com\/webmedia\/1080by1242\/3c\/ee\/e8\/3ceee835fbc7416e3b586f9cb2877afc.jpg?w=356\" \/><\/noscript><\/div><div class=\"afmProductInformationContainer\"><div class=\"afmProduct-items-title\"><span>La Chemisette Tropic Palm<\/span><\/div><div class=\"afmProduct-items-tag\"><\/div><div class=\"afmProduct-items-price-container col-md-12\"><span id=\"spanDiscount\" class=\"afm-ProductItemPromo\"><span class=\"afm-discount\"><strong id=\"strongOff\"><span id=\"spanLess\" class=\"less\">-<\/span><span class=\"amount\" id=\"spanPercentage\">59<\/span><span class=\"percent\">%<\/span><\/strong><\/span><\/span><span class=\"afm-ProductItemPrice afm-PLPPrice\">15\u20ac99<span id=\"spanPriceBefore\" class=\"afm-ProductItemPriceBase\">39\u20ac90<\/span><\/span><\/div><div class=\"afmProduct-items-cart\"><div class=\"afmProduct-BuyNow-Button\">J'AJOUTE AU PANIER<\/div><\/div><div class=\"afmProduct-items-sku\"> <\/div><\/div><\/a><\/div><div class=\"afmProduct\"><a class=\"clearfix\" href=\"\/products\/homme\/vetements\/chemises\/chemises-en-jean\/la-chemisette-en-denim-atlas\/r2114.aspx\" target=\"_blank\" ><div class=\"afmProductImageContainer\"><img  decoding=\"async\" alt=\"ProductTest01\"  src=\"data:image\/gif;base64,R0lGODlhAQABAIAAAAAAAP\/\/\/yH5BAEAAAAALAAAAAABAAEAAAIBRAA7\" data-lazy-src=\"https:\/\/media.atlasformen.com\/webmedia\/1080by1242\/a6\/78\/b3\/a678b39416fe093a4d79fb631bbbb23a.jpg?w=356\" \/><noscript><img  decoding=\"async\" alt=\"ProductTest01\"  src=\"https:\/\/media.atlasformen.com\/webmedia\/1080by1242\/a6\/78\/b3\/a678b39416fe093a4d79fb631bbbb23a.jpg?w=356\" \/><\/noscript><\/div><div class=\"afmProductInformationContainer\"><div class=\"afmProduct-items-title\"><span>La Chemisette en Denim Atlas\u00ae<\/span><\/div><div class=\"afmProduct-items-tag\"><\/div><div class=\"afmProduct-items-price-container col-md-12\"><span id=\"spanDiscount\" class=\"afm-ProductItemPromo\"><span class=\"afm-discount\"><strong id=\"strongOff\"><span id=\"spanLess\" class=\"less\">-<\/span><span class=\"amount\" id=\"spanPercentage\">57<\/span><span class=\"percent\">%<\/span><\/strong><\/span><\/span><span class=\"afm-ProductItemPrice afm-PLPPrice\">16\u20ac99<span id=\"spanPriceBefore\" class=\"afm-ProductItemPriceBase\">39\u20ac90<\/span><\/span><\/div><div class=\"afmProduct-items-cart\"><div class=\"afmProduct-BuyNow-Button\">J'AJOUTE AU PANIER<\/div><\/div><div class=\"afmProduct-items-sku\"> <\/div><\/div><\/a><\/div><\/div><\/div><\/div>\n\t\t\t\t\t\t<\/div>\n\t\t\t\t<\/div>\n\t\t\t\t\t<\/div>\n\t\t<\/div>\n\t\t\t\t\t<\/div>\n\t\t<\/section>\n\t\t\t\t<section class=\"elementor-section elementor-top-section elementor-element elementor-element-7051be9 elementor-section-boxed elementor-section-height-default elementor-section-height-default\" data-id=\"7051be9\" data-element_type=\"section\">\n\t\t\t\t\t\t<div class=\"elementor-container elementor-column-gap-default\">\n\t\t\t\t\t<div class=\"elementor-column elementor-col-100 elementor-top-column elementor-element elementor-element-a994e13\" data-id=\"a994e13\" data-element_type=\"column\">\n\t\t\t<div class=\"elementor-widget-wrap elementor-element-populated\">\n\t\t\t\t\t\t<div class=\"elementor-element elementor-element-f04e924 elementor-widget elementor-widget-heading\" data-id=\"f04e924\" data-element_type=\"widget\" data-widget_type=\"heading.default\">\n\t\t\t\t<div class=\"elementor-widget-container\">\n\t\t\t\t\t<h2 class=\"elementor-heading-title elementor-size-default\">Comment int\u00e9grer le coton flamm\u00e9 \u00e0 sa tenue ?<\/h2>\t\t\t\t<\/div>\n\t\t\t\t<\/div>\n\t\t\t\t\t<\/div>\n\t\t<\/div>\n\t\t\t\t\t<\/div>\n\t\t<\/section>\n\t\t\t\t<section class=\"elementor-section elementor-top-section elementor-element elementor-element-b2675e6 elementor-section-boxed elementor-section-height-default elementor-section-height-default\" data-id=\"b2675e6\" data-element_type=\"section\">\n\t\t\t\t\t\t<div class=\"elementor-container elementor-column-gap-default\">\n\t\t\t\t\t<div class=\"elementor-column elementor-col-100 elementor-top-column elementor-element elementor-element-4ed6a38\" data-id=\"4ed6a38\" data-element_type=\"column\">\n\t\t\t<div class=\"elementor-widget-wrap elementor-element-populated\">\n\t\t\t\t\t\t<div class=\"elementor-element elementor-element-8f5e1b7 elementor-widget elementor-widget-text-editor\" data-id=\"8f5e1b7\" data-element_type=\"widget\" data-widget_type=\"text-editor.default\">\n\t\t\t\t<div class=\"elementor-widget-container\">\n\t\t\t\t\t\t\t\t\t<p>Gr\u00e2ce \u00e0 sa <strong>texture unique<\/strong>, le coton flamm\u00e9 est un incontournable du <strong>dressing moderne<\/strong>. Son style versatile permet de s\u2019adapter \u00e0 toutes les envies. Son aspect irr\u00e9gulier donne du relief aux v\u00eatements et \u00e9vite la monotonie des <strong>tissus trop lisses<\/strong>. Il se pr\u00eate aussi bien aux <strong>tenues minimalistes<\/strong> qu\u2019aux <strong>looks plus audacieux<\/strong>, permettant de cr\u00e9er des <strong>associations \u00e9l\u00e9gantes<\/strong> ou d\u00e9contract\u00e9es, selon les pi\u00e8ces choisies.<\/p>\t\t\t\t\t\t\t\t<\/div>\n\t\t\t\t<\/div>\n\t\t\t\t\t<\/div>\n\t\t<\/div>\n\t\t\t\t\t<\/div>\n\t\t<\/section>\n\t\t\t\t<section class=\"elementor-section elementor-top-section elementor-element elementor-element-dc3ff17 elementor-section-boxed elementor-section-height-default elementor-section-height-default\" data-id=\"dc3ff17\" data-element_type=\"section\">\n\t\t\t\t\t\t<div class=\"elementor-container elementor-column-gap-default\">\n\t\t\t\t\t<div class=\"elementor-column elementor-col-50 elementor-top-column elementor-element elementor-element-33708cc\" data-id=\"33708cc\" data-element_type=\"column\">\n\t\t\t<div class=\"elementor-widget-wrap elementor-element-populated\">\n\t\t\t\t\t\t<div class=\"elementor-element elementor-element-a812e78 elementor-widget elementor-widget-text-editor\" data-id=\"a812e78\" data-element_type=\"widget\" data-widget_type=\"text-editor.default\">\n\t\t\t\t<div class=\"elementor-widget-container\">\n\t\t\t\t\t\t\t\t\t<p>Dans un <strong>esprit boh\u00e8me<\/strong>, cette mati\u00e8re se r\u00e9v\u00e8le id\u00e9ale pour composer <strong>des tenues fluides et naturelles<\/strong>. <strong>Une chemise<\/strong> en coton flamm\u00e9, port\u00e9e l\u00e9g\u00e8rement ouverte sur un d\u00e9bardeur, offre une allure a\u00e9rienne et d\u00e9contract\u00e9e. <strong>Avec un <span style=\"text-decoration: underline;\"><a href=\"https:\/\/www.atlasformen.fr\/homme\/vetements\/pantalons-10850.aspx\" target=\"_blank\" rel=\"noopener\">pantalon<\/a><\/span> fluide<\/strong>, l\u2019harmonie est parfaite pour ceux qui recherchent une<strong> tenue l\u00e9g\u00e8re<\/strong> et <strong>agr\u00e9able<\/strong> \u00e0 porter. Les couleurs douces et organiques telles que le beige, le terracotta ou l\u2019olive accentuent <strong>l\u2019\u00e9l\u00e9gance du tissu<\/strong> et renforcent son aspect naturel.<\/p><p>Le coton flamm\u00e9 trouve aussi sa place dans <strong>un style urbain<\/strong> et dynamique. Il fonctionne parfaitement <strong>avec des joggers ajust\u00e9s ou une veste en denim<\/strong> pour un m\u00e9lange entre confort et modernit\u00e9. Un <strong>sweat en coton<\/strong> <strong>flamm\u00e9<\/strong>, assorti \u00e0 des <strong>sneakers \u00e9pur\u00e9s<\/strong> et un<strong> jean droit<\/strong>, compose une <strong>tenue contemporaine<\/strong> et <strong>agr\u00e9able \u00e0 porter<\/strong> au quotidien.<\/p>\t\t\t\t\t\t\t\t<\/div>\n\t\t\t\t<\/div>\n\t\t\t\t\t<\/div>\n\t\t<\/div>\n\t\t\t\t<div class=\"elementor-column elementor-col-50 elementor-top-column elementor-element elementor-element-3ba7a51\" data-id=\"3ba7a51\" data-element_type=\"column\">\n\t\t\t<div class=\"elementor-widget-wrap elementor-element-populated\">\n\t\t\t\t\t\t<div class=\"elementor-element elementor-element-2e60120 elementor-widget elementor-widget-image\" data-id=\"2e60120\" data-element_type=\"widget\" data-widget_type=\"image.default\">\n\t\t\t\t<div class=\"elementor-widget-container\">\n\t\t\t\t\t\t\t\t\t\t\t\t\t\t\t<img  decoding=\"async\" width=\"749\" height=\"1024\"  src=\"data:image\/gif;base64,R0lGODlhAQABAIAAAAAAAP\/\/\/yH5BAEAAAAALAAAAAABAAEAAAIBRAA7\" data-lazy-src=\"https:\/\/media.atlasformen.com\/blogmedia\/uploads\/2025\/06\/COTON-FLAMME-BLEU-749x1024.jpg\"  class=\"attachment-large size-large wp-image-25221\" alt=\"chemise bleue coton flamm\u00e9\" srcset=\"https:\/\/media.atlasformen.com\/blogmedia\/uploads\/2025\/06\/COTON-FLAMME-BLEU-749x1024.jpg 749w, https:\/\/media.atlasformen.com\/blogmedia\/uploads\/2025\/06\/COTON-FLAMME-BLEU-219x300.jpg 219w, https:\/\/media.atlasformen.com\/blogmedia\/uploads\/2025\/06\/COTON-FLAMME-BLEU-768x1050.jpg 768w, https:\/\/media.atlasformen.com\/blogmedia\/uploads\/2025\/06\/COTON-FLAMME-BLEU-18x24.jpg 18w, https:\/\/media.atlasformen.com\/blogmedia\/uploads\/2025\/06\/COTON-FLAMME-BLEU-26x36.jpg 26w, https:\/\/media.atlasformen.com\/blogmedia\/uploads\/2025\/06\/COTON-FLAMME-BLEU-35x48.jpg 35w, https:\/\/media.atlasformen.com\/blogmedia\/uploads\/2025\/06\/COTON-FLAMME-BLEU.jpg 1024w\" sizes=\"(max-width: 749px) 100vw, 749px\" \/><noscript><img  decoding=\"async\" width=\"749\" height=\"1024\"  src=\"https:\/\/media.atlasformen.com\/blogmedia\/uploads\/2025\/06\/COTON-FLAMME-BLEU-749x1024.jpg\"  class=\"attachment-large size-large wp-image-25221\" alt=\"chemise bleue coton flamm\u00e9\" srcset=\"https:\/\/media.atlasformen.com\/blogmedia\/uploads\/2025\/06\/COTON-FLAMME-BLEU-749x1024.jpg 749w, https:\/\/media.atlasformen.com\/blogmedia\/uploads\/2025\/06\/COTON-FLAMME-BLEU-219x300.jpg 219w, https:\/\/media.atlasformen.com\/blogmedia\/uploads\/2025\/06\/COTON-FLAMME-BLEU-768x1050.jpg 768w, https:\/\/media.atlasformen.com\/blogmedia\/uploads\/2025\/06\/COTON-FLAMME-BLEU-18x24.jpg 18w, https:\/\/media.atlasformen.com\/blogmedia\/uploads\/2025\/06\/COTON-FLAMME-BLEU-26x36.jpg 26w, https:\/\/media.atlasformen.com\/blogmedia\/uploads\/2025\/06\/COTON-FLAMME-BLEU-35x48.jpg 35w, https:\/\/media.atlasformen.com\/blogmedia\/uploads\/2025\/06\/COTON-FLAMME-BLEU.jpg 1024w\" sizes=\"(max-width: 749px) 100vw, 749px\" \/><\/noscript>\t\t\t\t\t\t\t\t\t\t\t\t\t\t\t<\/div>\n\t\t\t\t<\/div>\n\t\t\t\t\t<\/div>\n\t\t<\/div>\n\t\t\t\t\t<\/div>\n\t\t<\/section>\n\t\t\t\t<section class=\"elementor-section elementor-top-section elementor-element elementor-element-af90a74 elementor-section-boxed elementor-section-height-default elementor-section-height-default\" data-id=\"af90a74\" data-element_type=\"section\">\n\t\t\t\t\t\t<div class=\"elementor-container elementor-column-gap-default\">\n\t\t\t\t\t<div class=\"elementor-column elementor-col-100 elementor-top-column elementor-element elementor-element-03039b7\" data-id=\"03039b7\" data-element_type=\"column\">\n\t\t\t<div class=\"elementor-widget-wrap elementor-element-populated\">\n\t\t\t\t\t\t<section class=\"elementor-section elementor-inner-section elementor-element elementor-element-2ad57d7 elementor-section-boxed elementor-section-height-default elementor-section-height-default\" data-id=\"2ad57d7\" data-element_type=\"section\">\n\t\t\t\t\t\t<div class=\"elementor-container elementor-column-gap-default\">\n\t\t\t\t\t<div class=\"elementor-column elementor-col-50 elementor-inner-column elementor-element elementor-element-ad7f923\" data-id=\"ad7f923\" data-element_type=\"column\">\n\t\t\t<div class=\"elementor-widget-wrap elementor-element-populated\">\n\t\t\t\t\t\t<div class=\"elementor-element elementor-element-877e885 elementor-widget elementor-widget-image\" data-id=\"877e885\" data-element_type=\"widget\" data-widget_type=\"image.default\">\n\t\t\t\t<div class=\"elementor-widget-container\">\n\t\t\t\t\t\t\t\t\t\t\t\t\t\t\t<img  decoding=\"async\" width=\"749\" height=\"1024\"  src=\"data:image\/gif;base64,R0lGODlhAQABAIAAAAAAAP\/\/\/yH5BAEAAAAALAAAAAABAAEAAAIBRAA7\" data-lazy-src=\"https:\/\/media.atlasformen.com\/blogmedia\/uploads\/2025\/06\/polo-flamme-1-749x1024.jpg\"  class=\"attachment-large size-large wp-image-25103\" alt=\"chemise beige flamm\u00e9\" srcset=\"https:\/\/media.atlasformen.com\/blogmedia\/uploads\/2025\/06\/polo-flamme-1-749x1024.jpg 749w, https:\/\/media.atlasformen.com\/blogmedia\/uploads\/2025\/06\/polo-flamme-1-219x300.jpg 219w, https:\/\/media.atlasformen.com\/blogmedia\/uploads\/2025\/06\/polo-flamme-1-768x1050.jpg 768w, https:\/\/media.atlasformen.com\/blogmedia\/uploads\/2025\/06\/polo-flamme-1-18x24.jpg 18w, https:\/\/media.atlasformen.com\/blogmedia\/uploads\/2025\/06\/polo-flamme-1-26x36.jpg 26w, https:\/\/media.atlasformen.com\/blogmedia\/uploads\/2025\/06\/polo-flamme-1-35x48.jpg 35w, https:\/\/media.atlasformen.com\/blogmedia\/uploads\/2025\/06\/polo-flamme-1.jpg 1024w\" sizes=\"(max-width: 749px) 100vw, 749px\" \/><noscript><img  decoding=\"async\" width=\"749\" height=\"1024\"  src=\"https:\/\/media.atlasformen.com\/blogmedia\/uploads\/2025\/06\/polo-flamme-1-749x1024.jpg\"  class=\"attachment-large size-large wp-image-25103\" alt=\"chemise beige flamm\u00e9\" srcset=\"https:\/\/media.atlasformen.com\/blogmedia\/uploads\/2025\/06\/polo-flamme-1-749x1024.jpg 749w, https:\/\/media.atlasformen.com\/blogmedia\/uploads\/2025\/06\/polo-flamme-1-219x300.jpg 219w, https:\/\/media.atlasformen.com\/blogmedia\/uploads\/2025\/06\/polo-flamme-1-768x1050.jpg 768w, https:\/\/media.atlasformen.com\/blogmedia\/uploads\/2025\/06\/polo-flamme-1-18x24.jpg 18w, https:\/\/media.atlasformen.com\/blogmedia\/uploads\/2025\/06\/polo-flamme-1-26x36.jpg 26w, https:\/\/media.atlasformen.com\/blogmedia\/uploads\/2025\/06\/polo-flamme-1-35x48.jpg 35w, https:\/\/media.atlasformen.com\/blogmedia\/uploads\/2025\/06\/polo-flamme-1.jpg 1024w\" sizes=\"(max-width: 749px) 100vw, 749px\" \/><\/noscript>\t\t\t\t\t\t\t\t\t\t\t\t\t\t\t<\/div>\n\t\t\t\t<\/div>\n\t\t\t\t\t<\/div>\n\t\t<\/div>\n\t\t\t\t<div class=\"elementor-column elementor-col-50 elementor-inner-column elementor-element elementor-element-c61de76\" data-id=\"c61de76\" data-element_type=\"column\">\n\t\t\t<div class=\"elementor-widget-wrap elementor-element-populated\">\n\t\t\t\t\t\t<div class=\"elementor-element elementor-element-5cf7e87 elementor-widget elementor-widget-text-editor\" data-id=\"5cf7e87\" data-element_type=\"widget\" data-widget_type=\"text-editor.default\">\n\t\t\t\t<div class=\"elementor-widget-container\">\n\t\t\t\t\t\t\t\t\t<p><strong>Les contrastes<\/strong> sont essentiels <strong>pour \u00e9quilibrer une silhouette<\/strong> : une veste bien structur\u00e9e sur <strong>un t-shirt flamm\u00e9<\/strong> permet de fusionner d\u00e9contraction et \u00e9l\u00e9gance. Pour renforcer l\u2019effet, une paire de bottines en cuir ou des baskets blanches viennent apporter la<strong> touche finale<\/strong> et <strong>rehausser le style<\/strong>.<\/p><p>La l\u00e9g\u00e8ret\u00e9 du coton flamm\u00e9 en fait <strong>un choix parfait pour l\u2019\u00e9t\u00e9<\/strong>, enveloppant la silhouette avec douceur et procurant un <strong>confort optimal<\/strong>. Avec des sandales et un chapeau en paille, la tenue devient une <strong>option id\u00e9ale<\/strong> pour une <strong>journ\u00e9e estivale<\/strong>, que ce soit en ville ou en bord de mer. Les <strong><span style=\"text-decoration: underline;\"><a href=\"https:\/\/www.atlasformen.fr\/homme\/vetements\/chemises-10650.aspx?manches=manches%20courtes\" target=\"_blank\" rel=\"noopener\">chemises \u00e0 manches courtes<\/a><\/span><\/strong> en <strong>coton flamm\u00e9<\/strong>, l\u00e9g\u00e8rement ouvertes, conviennent aussi parfaitement aux journ\u00e9es ensoleill\u00e9es, apportant un<strong> style d\u00e9contract\u00e9<\/strong> qui ne manque pas d\u2019\u00e9l\u00e9gance.<\/p>\t\t\t\t\t\t\t\t<\/div>\n\t\t\t\t<\/div>\n\t\t\t\t\t<\/div>\n\t\t<\/div>\n\t\t\t\t\t<\/div>\n\t\t<\/section>\n\t\t\t\t<div class=\"elementor-element elementor-element-a30c3f4 elementor-widget elementor-widget-heading\" data-id=\"a30c3f4\" data-element_type=\"widget\" data-widget_type=\"heading.default\">\n\t\t\t\t<div class=\"elementor-widget-container\">\n\t\t\t\t\t<h2 class=\"elementor-heading-title elementor-size-default\">Zoom sur l\u2019indispensable t-shirt en coton flamm\u00e9<\/h2>\t\t\t\t<\/div>\n\t\t\t\t<\/div>\n\t\t\t\t<div class=\"elementor-element elementor-element-f90658a elementor-widget elementor-widget-text-editor\" data-id=\"f90658a\" data-element_type=\"widget\" data-widget_type=\"text-editor.default\">\n\t\t\t\t<div class=\"elementor-widget-container\">\n\t\t\t\t\t\t\t\t\t<p>Le <a href=\"https:\/\/www.atlasformen.fr\/homme\/vetements\/tee-shirts-10600.aspx\" target=\"_blank\" rel=\"noopener\"><span style=\"text-decoration: underline;\"><strong>tee-shirt<\/strong><\/span><\/a> en coton flamm\u00e9 est <strong>un classique<\/strong> de la garde-robe masculine. Son fini textur\u00e9 lui conf\u00e8re une touche <strong>subtilement originale<\/strong>, id\u00e9ale pour <strong>dynamiser une tenue simple<\/strong>. Il se marie parfaitement <strong>avec un jean brut pour un look casual<\/strong> efficace, <strong>ou avec un pantalon chino pour une silhouette plus raffin\u00e9e<\/strong>.<\/p><p>Pour un rendu encore plus affirm\u00e9, <strong>un mod\u00e8le oversized ou \u00e0 col en V<\/strong> apportera une touche moderne, surtout lorsqu\u2019il est <strong>associ\u00e9 \u00e0 un short en lin<\/strong> <strong>ou \u00e0 un pantalon cargo<\/strong>. Ce m\u00e9lange de mati\u00e8res joue sur les contrastes et conf\u00e8re du relief \u00e0 l\u2019ensemble.<\/p>\t\t\t\t\t\t\t\t<\/div>\n\t\t\t\t<\/div>\n\t\t\t\t\t<\/div>\n\t\t<\/div>\n\t\t\t\t\t<\/div>\n\t\t<\/section>\n\t\t\t\t<section class=\"elementor-section elementor-top-section elementor-element elementor-element-edec64e elementor-section-boxed elementor-section-height-default elementor-section-height-default\" data-id=\"edec64e\" data-element_type=\"section\">\n\t\t\t\t\t\t<div class=\"elementor-container elementor-column-gap-default\">\n\t\t\t\t\t<div class=\"elementor-column elementor-col-100 elementor-top-column elementor-element elementor-element-b551951\" data-id=\"b551951\" data-element_type=\"column\">\n\t\t\t<div class=\"elementor-widget-wrap elementor-element-populated\">\n\t\t\t\t\t\t<div class=\"elementor-element elementor-element-d95b8ec elementor-widget elementor-widget-text-editor\" data-id=\"d95b8ec\" data-element_type=\"widget\" data-widget_type=\"text-editor.default\">\n\t\t\t\t<div class=\"elementor-widget-container\">\n\t\t\t\t\t\t\t\t\t<p><em>Polyvalent et respirant, le coton flamm\u00e9 permet ainsi d\u2019explorer une large palette de looks. Il s\u2019int\u00e8gre aussi bien \u00e0 une garde-robe casual qu\u2019\u00e0 une approche plus sophistiqu\u00e9e, en jouant sur les associations de mati\u00e8res et de couleurs. Miser sur des contrastes, des textures et des accessoires adapt\u00e9s permet de mettre pleinement en valeur cette \u00e9toffe singuli\u00e8re et intemporelle.\u00a0 <\/em><\/p>\t\t\t\t\t\t\t\t<\/div>\n\t\t\t\t<\/div>\n\t\t\t\t\t<\/div>\n\t\t<\/div>\n\t\t\t\t\t<\/div>\n\t\t<\/section>\n\t\t\t\t<section class=\"elementor-section elementor-top-section elementor-element elementor-element-cc49e20 elementor-section-boxed elementor-section-height-default elementor-section-height-default\" data-id=\"cc49e20\" data-element_type=\"section\">\n\t\t\t\t\t\t<div class=\"elementor-container elementor-column-gap-default\">\n\t\t\t\t\t<div class=\"elementor-column elementor-col-100 elementor-top-column elementor-element elementor-element-2dab4e5\" data-id=\"2dab4e5\" data-element_type=\"column\">\n\t\t\t<div class=\"elementor-widget-wrap elementor-element-populated\">\n\t\t\t\t\t\t<div class=\"elementor-element elementor-element-066e336 elementor-widget elementor-widget-text-editor\" data-id=\"066e336\" data-element_type=\"widget\" data-widget_type=\"text-editor.default\">\n\t\t\t\t<div class=\"elementor-widget-container\">\n\t\t\t\t\t\t\t\t\t<p>Vous avez appr\u00e9ci\u00e9 cet article ? Retrouvez aussi\u00a0<span style=\"text-decoration: underline;\"><strong><a href=\"https:\/\/www.atlasformen.fr\/blog\/habiller\/choisir-vetements\/microfibre-zoom-matiere\/\" target=\"_blank\" rel=\"noopener\">Zoom sur la microfibre : tout savoir sur cette mati\u00e8re <\/a><\/strong><\/span>et\u00a0<span style=\"text-decoration: underline;\"><strong><a href=\"https:\/\/www.atlasformen.fr\/blog\/habiller\/choisir-vetements\/flanelle-matiere\/\" target=\"_blank\" rel=\"noopener\">Zoom sur la flanelle : tout savoir sur cette mati\u00e8re<\/a><\/strong><\/span>.<\/p>\t\t\t\t\t\t\t\t<\/div>\n\t\t\t\t<\/div>\n\t\t\t\t\t<\/div>\n\t\t<\/div>\n\t\t\t\t\t<\/div>\n\t\t<\/section>\n\t\t\t\t<section class=\"elementor-section elementor-top-section elementor-element elementor-element-c44c691 elementor-section-boxed elementor-section-height-default elementor-section-height-default\" data-id=\"c44c691\" data-element_type=\"section\">\n\t\t\t\t\t\t<div class=\"elementor-container elementor-column-gap-default\">\n\t\t\t\t\t<div class=\"elementor-column elementor-col-100 elementor-top-column elementor-element elementor-element-02c20a4\" data-id=\"02c20a4\" data-element_type=\"column\">\n\t\t\t<div class=\"elementor-widget-wrap elementor-element-populated\">\n\t\t\t\t\t\t<div class=\"elementor-element elementor-element-ca0feef elementor-widget elementor-widget-text-editor\" data-id=\"ca0feef\" data-element_type=\"widget\" data-widget_type=\"text-editor.default\">\n\t\t\t\t<div class=\"elementor-widget-container\">\n\t\t\t\t\t\t\t\t\t<p><strong>Avez-vous d\u00e9j\u00e0 essay\u00e9 le coton flamm\u00e9 dans vos tenues ?\u00a0<\/strong><\/p>\t\t\t\t\t\t\t\t<\/div>\n\t\t\t\t<\/div>\n\t\t\t\t\t<\/div>\n\t\t<\/div>\n\t\t\t\t\t<\/div>\n\t\t<\/section>\n\t\t\t\t<\/div>\n\t\t","protected":false},"excerpt":{"rendered":"<p>Particuli\u00e8rement pris\u00e9 dans la confection de t-shirts, de sweats et de v\u00eatements d\u00e9contract\u00e9s, le coton flamm\u00e9 apporte une touche d&#8217;originalit\u00e9 et une certaine l\u00e9g\u00e8ret\u00e9 aux tenues. Son look l\u00e9g\u00e8rement vintage et ses variations naturelles en font d\u2019ailleurs un choix privil\u00e9gi\u00e9 pour ceux qui recherchent une alternative au coton traditionnel. En plus de son apparence singuli\u00e8re, &hellip;<\/p>\n","protected":false},"author":12,"featured_media":25222,"comment_status":"open","ping_status":"open","sticky":false,"template":"","format":"standard","meta":{"footnotes":""},"categories":[136,117],"tags":[258,167],"class_list":["post-25090","post","type-post","status-publish","format-standard","has-post-thumbnail","hentry","category-choisir-vetements","category-habiller","tag-bien-choisir-ses-vetements","tag-habiller"],"yoast_head":"<!-- This site is optimized with the Yoast SEO plugin v25.2 - https:\/\/yoast.com\/wordpress\/plugins\/seo\/ -->\r\n<title>Le coton flamm\u00e9 : tout savoir sur cette mati\u00e8re | Atlas For Men<\/title>\r\n<meta name=\"description\" content=\"Le coton flamm\u00e9 apporte une touche originale et confortable \u00e0 vos v\u00eatements, d\u00e9couvrez pourquoi c\u2019est une mati\u00e8re \u00e0 adopter !\" \/>\r\n<meta name=\"robots\" content=\"index,follow,archive\" \/>\r\n<link rel=\"canonical\" href=\"https:\/\/www.atlasformen.fr\/blog\/habiller\/choisir-vetements\/coton-flamme-matiere\/\" \/>\r\n<meta property=\"og:locale\" content=\"en_US\" \/>\r\n<meta property=\"og:type\" content=\"article\" \/>\r\n<meta property=\"og:title\" content=\"Le coton flamm\u00e9 : tout savoir sur cette mati\u00e8re | Atlas For Men\" \/>\r\n<meta property=\"og:description\" content=\"Le coton flamm\u00e9 apporte une touche originale et confortable \u00e0 vos v\u00eatements, d\u00e9couvrez pourquoi c\u2019est une mati\u00e8re \u00e0 adopter !\" \/>\r\n<meta property=\"og:url\" content=\"https:\/\/www.atlasformen.fr\/blog\/habiller\/choisir-vetements\/coton-flamme-matiere\/\" \/>\r\n<meta property=\"og:site_name\" content=\"Atlas For Men Blog\" \/>\r\n<meta property=\"article:publisher\" content=\"https:\/\/www.facebook.com\/AtlasForMen\/\" \/>\r\n<meta property=\"article:published_time\" content=\"2025-06-11T16:51:16+00:00\" \/>\r\n<meta property=\"article:modified_time\" content=\"2025-06-12T12:18:19+00:00\" \/>\r\n<meta property=\"og:image\" content=\"https:\/\/media.atlasformen.com\/blogmedia\/uploads\/2025\/06\/COTON-FLAMME-COUV.jpg\" \/>\r\n\t<meta property=\"og:image:width\" content=\"809\" \/>\r\n\t<meta property=\"og:image:height\" content=\"610\" \/>\r\n\t<meta property=\"og:image:type\" content=\"image\/jpeg\" \/>\r\n<meta name=\"author\" content=\"Hanna Rizzo\" \/>\r\n<meta name=\"twitter:card\" content=\"summary_large_image\" \/>\r\n<meta name=\"twitter:creator\" content=\"@atlas_for_men\" \/>\r\n<meta name=\"twitter:site\" content=\"@atlas_for_men\" \/>\r\n<meta name=\"twitter:label1\" content=\"Written by\" \/>\n\t<meta name=\"twitter:data1\" content=\"Hanna Rizzo\" \/>\n\t<meta name=\"twitter:label2\" content=\"Est. reading time\" \/>\n\t<meta name=\"twitter:data2\" content=\"6 minutes\" \/>\r\n<script type=\"application\/ld+json\" class=\"yoast-schema-graph\">{\"@context\":\"https:\/\/schema.org\",\"@graph\":[{\"@type\":\"Article\",\"@id\":\"https:\/\/www.atlasformen.fr\/blog\/habiller\/choisir-vetements\/coton-flamme-matiere\/#article\",\"isPartOf\":{\"@id\":\"https:\/\/www.atlasformen.fr\/blog\/habiller\/choisir-vetements\/coton-flamme-matiere\/\"},\"author\":{\"name\":\"Hanna Rizzo\",\"@id\":\"https:\/\/www.atlasformen.fr\/blog\/#\/schema\/person\/093990babf323556d1ed802728d3ef74\"},\"headline\":\"Le coton flamm\u00e9 : tout savoir sur cette mati\u00e8re\",\"datePublished\":\"2025-06-11T16:51:16+00:00\",\"dateModified\":\"2025-06-12T12:18:19+00:00\",\"mainEntityOfPage\":{\"@id\":\"https:\/\/www.atlasformen.fr\/blog\/habiller\/choisir-vetements\/coton-flamme-matiere\/\"},\"wordCount\":1148,\"commentCount\":0,\"publisher\":{\"@id\":\"https:\/\/www.atlasformen.fr\/blog\/#organization\"},\"image\":{\"@id\":\"https:\/\/www.atlasformen.fr\/blog\/habiller\/choisir-vetements\/coton-flamme-matiere\/#primaryimage\"},\"thumbnailUrl\":\"https:\/\/media.atlasformen.com\/blogmedia\/uploads\/2025\/06\/COTON-FLAMME-COUV.jpg\",\"keywords\":[\"Bien choisir ses v\u00eatements\",\"Habiller\"],\"articleSection\":[\"Bien choisir ses v\u00eatements\",\"S'habiller\"],\"inLanguage\":\"en-US\",\"potentialAction\":[{\"@type\":\"CommentAction\",\"name\":\"Comment\",\"target\":[\"https:\/\/www.atlasformen.fr\/blog\/habiller\/choisir-vetements\/coton-flamme-matiere\/#respond\"]}]},{\"@type\":\"WebPage\",\"@id\":\"https:\/\/www.atlasformen.fr\/blog\/habiller\/choisir-vetements\/coton-flamme-matiere\/\",\"url\":\"https:\/\/www.atlasformen.fr\/blog\/habiller\/choisir-vetements\/coton-flamme-matiere\/\",\"name\":\"Le coton flamm\u00e9 : tout savoir sur cette mati\u00e8re | Atlas For Men\",\"isPartOf\":{\"@id\":\"https:\/\/www.atlasformen.fr\/blog\/#website\"},\"primaryImageOfPage\":{\"@id\":\"https:\/\/www.atlasformen.fr\/blog\/habiller\/choisir-vetements\/coton-flamme-matiere\/#primaryimage\"},\"image\":{\"@id\":\"https:\/\/www.atlasformen.fr\/blog\/habiller\/choisir-vetements\/coton-flamme-matiere\/#primaryimage\"},\"thumbnailUrl\":\"https:\/\/media.atlasformen.com\/blogmedia\/uploads\/2025\/06\/COTON-FLAMME-COUV.jpg\",\"datePublished\":\"2025-06-11T16:51:16+00:00\",\"dateModified\":\"2025-06-12T12:18:19+00:00\",\"description\":\"Le coton flamm\u00e9 apporte une touche originale et confortable \u00e0 vos v\u00eatements, d\u00e9couvrez pourquoi c\u2019est une mati\u00e8re \u00e0 adopter !\",\"breadcrumb\":{\"@id\":\"https:\/\/www.atlasformen.fr\/blog\/habiller\/choisir-vetements\/coton-flamme-matiere\/#breadcrumb\"},\"inLanguage\":\"en-US\",\"potentialAction\":[{\"@type\":\"ReadAction\",\"target\":[\"https:\/\/www.atlasformen.fr\/blog\/habiller\/choisir-vetements\/coton-flamme-matiere\/\"]}]},{\"@type\":\"ImageObject\",\"inLanguage\":\"en-US\",\"@id\":\"https:\/\/www.atlasformen.fr\/blog\/habiller\/choisir-vetements\/coton-flamme-matiere\/#primaryimage\",\"url\":\"https:\/\/media.atlasformen.com\/blogmedia\/uploads\/2025\/06\/COTON-FLAMME-COUV.jpg\",\"contentUrl\":\"https:\/\/media.atlasformen.com\/blogmedia\/uploads\/2025\/06\/COTON-FLAMME-COUV.jpg\",\"width\":809,\"height\":610,\"caption\":\"chemise coton flamme matiere\"},{\"@type\":\"BreadcrumbList\",\"@id\":\"https:\/\/www.atlasformen.fr\/blog\/habiller\/choisir-vetements\/coton-flamme-matiere\/#breadcrumb\",\"itemListElement\":[{\"@type\":\"ListItem\",\"position\":1,\"name\":\"Vivez l\u2019aventure\",\"item\":\"https:\/\/www.atlasformen.fr\/blog\/\"},{\"@type\":\"ListItem\",\"position\":2,\"name\":\"S'habiller\",\"item\":\"https:\/\/www.atlasformen.fr\/blog\/categorie\/habiller\/\"},{\"@type\":\"ListItem\",\"position\":3,\"name\":\"Bien choisir ses v\u00eatements\",\"item\":\"https:\/\/www.atlasformen.fr\/blog\/categorie\/habiller\/choisir-vetements\/\"},{\"@type\":\"ListItem\",\"position\":4,\"name\":\"Le coton flamm\u00e9 : tout savoir sur cette mati\u00e8re\"}]},{\"@type\":\"WebSite\",\"@id\":\"https:\/\/www.atlasformen.fr\/blog\/#website\",\"url\":\"https:\/\/www.atlasformen.fr\/blog\/\",\"name\":\"Atlas For Men Blog\",\"description\":\"Atlas For Men Blog\",\"publisher\":{\"@id\":\"https:\/\/www.atlasformen.fr\/blog\/#organization\"},\"potentialAction\":[{\"@type\":\"SearchAction\",\"target\":{\"@type\":\"EntryPoint\",\"urlTemplate\":\"https:\/\/www.atlasformen.fr\/blog\/?s={search_term_string}\"},\"query-input\":{\"@type\":\"PropertyValueSpecification\",\"valueRequired\":true,\"valueName\":\"search_term_string\"}}],\"inLanguage\":\"en-US\"},{\"@type\":\"Organization\",\"@id\":\"https:\/\/www.atlasformen.fr\/blog\/#organization\",\"name\":\"Atlas For Men\",\"url\":\"https:\/\/www.atlasformen.fr\/blog\/\",\"logo\":{\"@type\":\"ImageObject\",\"inLanguage\":\"en-US\",\"@id\":\"https:\/\/www.atlasformen.fr\/blog\/#\/schema\/logo\/image\/\",\"url\":\"https:\/\/media.atlasformen.com\/blogmedia\/uploads\/2018\/11\/logo_1-1.png\",\"contentUrl\":\"https:\/\/media.atlasformen.com\/blogmedia\/uploads\/2018\/11\/logo_1-1.png\",\"width\":200,\"height\":111,\"caption\":\"Atlas For Men\"},\"image\":{\"@id\":\"https:\/\/www.atlasformen.fr\/blog\/#\/schema\/logo\/image\/\"},\"sameAs\":[\"https:\/\/www.facebook.com\/AtlasForMen\/\",\"https:\/\/x.com\/atlas_for_men\",\"https:\/\/www.instagram.com\/atlasformen\/\",\"https:\/\/www.pinterest.fr\/atlasformen\/\",\"https:\/\/www.youtube.com\/user\/AtlasForMenFrance\"]},{\"@type\":\"Person\",\"@id\":\"https:\/\/www.atlasformen.fr\/blog\/#\/schema\/person\/093990babf323556d1ed802728d3ef74\",\"name\":\"Hanna Rizzo\",\"image\":{\"@type\":\"ImageObject\",\"inLanguage\":\"en-US\",\"@id\":\"https:\/\/www.atlasformen.fr\/blog\/#\/schema\/person\/image\/\",\"url\":\"https:\/\/secure.gravatar.com\/avatar\/10b697751e22bae3f6b9c2ccf41005fbe4723719d0563218643bfe02861139cf?s=96&d=mm&r=g\",\"contentUrl\":\"https:\/\/secure.gravatar.com\/avatar\/10b697751e22bae3f6b9c2ccf41005fbe4723719d0563218643bfe02861139cf?s=96&d=mm&r=g\",\"caption\":\"Hanna Rizzo\"},\"url\":\"https:\/\/www.atlasformen.fr\/blog\/author\/hrizzo\/\"}]}<\/script>\r\n<!-- \/ Yoast SEO plugin. -->","yoast_head_json":{"title":"Le coton flamm\u00e9 : tout savoir sur cette mati\u00e8re | Atlas For Men","description":"Le coton flamm\u00e9 apporte une touche originale et confortable \u00e0 vos v\u00eatements, d\u00e9couvrez pourquoi c\u2019est une mati\u00e8re \u00e0 adopter !","robots":{"index,follow,archive":"index,follow,archive"},"canonical":"https:\/\/www.atlasformen.fr\/blog\/habiller\/choisir-vetements\/coton-flamme-matiere\/","og_locale":"en_US","og_type":"article","og_title":"Le coton flamm\u00e9 : tout savoir sur cette mati\u00e8re | Atlas For Men","og_description":"Le coton flamm\u00e9 apporte une touche originale et confortable \u00e0 vos v\u00eatements, d\u00e9couvrez pourquoi c\u2019est une mati\u00e8re \u00e0 adopter !","og_url":"https:\/\/www.atlasformen.fr\/blog\/habiller\/choisir-vetements\/coton-flamme-matiere\/","og_site_name":"Atlas For Men Blog","article_publisher":"https:\/\/www.facebook.com\/AtlasForMen\/","article_published_time":"2025-06-11T16:51:16+00:00","article_modified_time":"2025-06-12T12:18:19+00:00","og_image":[{"width":809,"height":610,"url":"https:\/\/media.atlasformen.com\/blogmedia\/uploads\/2025\/06\/COTON-FLAMME-COUV.jpg","type":"image\/jpeg"}],"author":"Hanna Rizzo","twitter_card":"summary_large_image","twitter_creator":"@atlas_for_men","twitter_site":"@atlas_for_men","twitter_misc":{"Written by":"Hanna Rizzo","Est. reading time":"6 minutes"},"schema":{"@context":"https:\/\/schema.org","@graph":[{"@type":"Article","@id":"https:\/\/www.atlasformen.fr\/blog\/habiller\/choisir-vetements\/coton-flamme-matiere\/#article","isPartOf":{"@id":"https:\/\/www.atlasformen.fr\/blog\/habiller\/choisir-vetements\/coton-flamme-matiere\/"},"author":{"name":"Hanna Rizzo","@id":"https:\/\/www.atlasformen.fr\/blog\/#\/schema\/person\/093990babf323556d1ed802728d3ef74"},"headline":"Le coton flamm\u00e9 : tout savoir sur cette mati\u00e8re","datePublished":"2025-06-11T16:51:16+00:00","dateModified":"2025-06-12T12:18:19+00:00","mainEntityOfPage":{"@id":"https:\/\/www.atlasformen.fr\/blog\/habiller\/choisir-vetements\/coton-flamme-matiere\/"},"wordCount":1148,"commentCount":0,"publisher":{"@id":"https:\/\/www.atlasformen.fr\/blog\/#organization"},"image":{"@id":"https:\/\/www.atlasformen.fr\/blog\/habiller\/choisir-vetements\/coton-flamme-matiere\/#primaryimage"},"thumbnailUrl":"https:\/\/media.atlasformen.com\/blogmedia\/uploads\/2025\/06\/COTON-FLAMME-COUV.jpg","keywords":["Bien choisir ses v\u00eatements","Habiller"],"articleSection":["Bien choisir ses v\u00eatements","S'habiller"],"inLanguage":"en-US","potentialAction":[{"@type":"CommentAction","name":"Comment","target":["https:\/\/www.atlasformen.fr\/blog\/habiller\/choisir-vetements\/coton-flamme-matiere\/#respond"]}]},{"@type":"WebPage","@id":"https:\/\/www.atlasformen.fr\/blog\/habiller\/choisir-vetements\/coton-flamme-matiere\/","url":"https:\/\/www.atlasformen.fr\/blog\/habiller\/choisir-vetements\/coton-flamme-matiere\/","name":"Le coton flamm\u00e9 : tout savoir sur cette mati\u00e8re | Atlas For Men","isPartOf":{"@id":"https:\/\/www.atlasformen.fr\/blog\/#website"},"primaryImageOfPage":{"@id":"https:\/\/www.atlasformen.fr\/blog\/habiller\/choisir-vetements\/coton-flamme-matiere\/#primaryimage"},"image":{"@id":"https:\/\/www.atlasformen.fr\/blog\/habiller\/choisir-vetements\/coton-flamme-matiere\/#primaryimage"},"thumbnailUrl":"https:\/\/media.atlasformen.com\/blogmedia\/uploads\/2025\/06\/COTON-FLAMME-COUV.jpg","datePublished":"2025-06-11T16:51:16+00:00","dateModified":"2025-06-12T12:18:19+00:00","description":"Le coton flamm\u00e9 apporte une touche originale et confortable \u00e0 vos v\u00eatements, d\u00e9couvrez pourquoi c\u2019est une mati\u00e8re \u00e0 adopter !","breadcrumb":{"@id":"https:\/\/www.atlasformen.fr\/blog\/habiller\/choisir-vetements\/coton-flamme-matiere\/#breadcrumb"},"inLanguage":"en-US","potentialAction":[{"@type":"ReadAction","target":["https:\/\/www.atlasformen.fr\/blog\/habiller\/choisir-vetements\/coton-flamme-matiere\/"]}]},{"@type":"ImageObject","inLanguage":"en-US","@id":"https:\/\/www.atlasformen.fr\/blog\/habiller\/choisir-vetements\/coton-flamme-matiere\/#primaryimage","url":"https:\/\/media.atlasformen.com\/blogmedia\/uploads\/2025\/06\/COTON-FLAMME-COUV.jpg","contentUrl":"https:\/\/media.atlasformen.com\/blogmedia\/uploads\/2025\/06\/COTON-FLAMME-COUV.jpg","width":809,"height":610,"caption":"chemise coton flamme matiere"},{"@type":"BreadcrumbList","@id":"https:\/\/www.atlasformen.fr\/blog\/habiller\/choisir-vetements\/coton-flamme-matiere\/#breadcrumb","itemListElement":[{"@type":"ListItem","position":1,"name":"Vivez l\u2019aventure","item":"https:\/\/www.atlasformen.fr\/blog\/"},{"@type":"ListItem","position":2,"name":"S'habiller","item":"https:\/\/www.atlasformen.fr\/blog\/categorie\/habiller\/"},{"@type":"ListItem","position":3,"name":"Bien choisir ses v\u00eatements","item":"https:\/\/www.atlasformen.fr\/blog\/categorie\/habiller\/choisir-vetements\/"},{"@type":"ListItem","position":4,"name":"Le coton flamm\u00e9 : tout savoir sur cette mati\u00e8re"}]},{"@type":"WebSite","@id":"https:\/\/www.atlasformen.fr\/blog\/#website","url":"https:\/\/www.atlasformen.fr\/blog\/","name":"Atlas For Men Blog","description":"Atlas For Men Blog","publisher":{"@id":"https:\/\/www.atlasformen.fr\/blog\/#organization"},"potentialAction":[{"@type":"SearchAction","target":{"@type":"EntryPoint","urlTemplate":"https:\/\/www.atlasformen.fr\/blog\/?s={search_term_string}"},"query-input":{"@type":"PropertyValueSpecification","valueRequired":true,"valueName":"search_term_string"}}],"inLanguage":"en-US"},{"@type":"Organization","@id":"https:\/\/www.atlasformen.fr\/blog\/#organization","name":"Atlas For Men","url":"https:\/\/www.atlasformen.fr\/blog\/","logo":{"@type":"ImageObject","inLanguage":"en-US","@id":"https:\/\/www.atlasformen.fr\/blog\/#\/schema\/logo\/image\/","url":"https:\/\/media.atlasformen.com\/blogmedia\/uploads\/2018\/11\/logo_1-1.png","contentUrl":"https:\/\/media.atlasformen.com\/blogmedia\/uploads\/2018\/11\/logo_1-1.png","width":200,"height":111,"caption":"Atlas For Men"},"image":{"@id":"https:\/\/www.atlasformen.fr\/blog\/#\/schema\/logo\/image\/"},"sameAs":["https:\/\/www.facebook.com\/AtlasForMen\/","https:\/\/x.com\/atlas_for_men","https:\/\/www.instagram.com\/atlasformen\/","https:\/\/www.pinterest.fr\/atlasformen\/","https:\/\/www.youtube.com\/user\/AtlasForMenFrance"]},{"@type":"Person","@id":"https:\/\/www.atlasformen.fr\/blog\/#\/schema\/person\/093990babf323556d1ed802728d3ef74","name":"Hanna Rizzo","image":{"@type":"ImageObject","inLanguage":"en-US","@id":"https:\/\/www.atlasformen.fr\/blog\/#\/schema\/person\/image\/","url":"https:\/\/secure.gravatar.com\/avatar\/10b697751e22bae3f6b9c2ccf41005fbe4723719d0563218643bfe02861139cf?s=96&d=mm&r=g","contentUrl":"https:\/\/secure.gravatar.com\/avatar\/10b697751e22bae3f6b9c2ccf41005fbe4723719d0563218643bfe02861139cf?s=96&d=mm&r=g","caption":"Hanna Rizzo"},"url":"https:\/\/www.atlasformen.fr\/blog\/author\/hrizzo\/"}]}},"_links":{"self":[{"href":"https:\/\/www.atlasformen.fr\/blog\/wp-json\/wp\/v2\/posts\/25090","targetHints":{"allow":["GET"]}}],"collection":[{"href":"https:\/\/www.atlasformen.fr\/blog\/wp-json\/wp\/v2\/posts"}],"about":[{"href":"https:\/\/www.atlasformen.fr\/blog\/wp-json\/wp\/v2\/types\/post"}],"author":[{"embeddable":true,"href":"https:\/\/www.atlasformen.fr\/blog\/wp-json\/wp\/v2\/users\/12"}],"replies":[{"embeddable":true,"href":"https:\/\/www.atlasformen.fr\/blog\/wp-json\/wp\/v2\/comments?post=25090"}],"version-history":[{"count":53,"href":"https:\/\/www.atlasformen.fr\/blog\/wp-json\/wp\/v2\/posts\/25090\/revisions"}],"predecessor-version":[{"id":25283,"href":"https:\/\/www.atlasformen.fr\/blog\/wp-json\/wp\/v2\/posts\/25090\/revisions\/25283"}],"wp:featuredmedia":[{"embeddable":true,"href":"https:\/\/www.atlasformen.fr\/blog\/wp-json\/wp\/v2\/media\/25222"}],"wp:attachment":[{"href":"https:\/\/www.atlasformen.fr\/blog\/wp-json\/wp\/v2\/media?parent=25090"}],"wp:term":[{"taxonomy":"category","embeddable":true,"href":"https:\/\/www.atlasformen.fr\/blog\/wp-json\/wp\/v2\/categories?post=25090"},{"taxonomy":"post_tag","embeddable":true,"href":"https:\/\/www.atlasformen.fr\/blog\/wp-json\/wp\/v2\/tags?post=25090"}],"curies":[{"name":"wp","href":"https:\/\/api.w.org\/{rel}","templated":true}]}}