{"id":25876,"date":"2025-09-11T15:05:53","date_gmt":"2025-09-11T13:05:53","guid":{"rendered":"https:\/\/preprodmvc.atlasformen.fr\/blog\/?p=25876"},"modified":"2025-09-11T15:06:58","modified_gmt":"2025-09-11T13:06:58","slug":"destination-septembre-france","status":"publish","type":"post","link":"https:\/\/www.atlasformen.fr\/blog\/explorer\/france\/destination-septembre-france\/","title":{"rendered":"Top 5 des destinations pour prolonger l\u2019\u00e9t\u00e9"},"content":{"rendered":"\t\t<div data-elementor-type=\"wp-post\" data-elementor-id=\"25876\" class=\"elementor elementor-25876\">\n\t\t\t\t\t\t<section class=\"elementor-section elementor-top-section elementor-element elementor-element-28cc5506 elementor-section-boxed elementor-section-height-default elementor-section-height-default\" data-id=\"28cc5506\" data-element_type=\"section\">\n\t\t\t\t\t\t<div class=\"elementor-container elementor-column-gap-default\">\n\t\t\t\t\t<div class=\"elementor-column elementor-col-100 elementor-top-column elementor-element elementor-element-61fdce80\" data-id=\"61fdce80\" data-element_type=\"column\">\n\t\t\t<div class=\"elementor-widget-wrap elementor-element-populated\">\n\t\t\t\t\t\t<div class=\"elementor-element elementor-element-20f312f2 elementor-widget elementor-widget-text-editor\" data-id=\"20f312f2\" data-element_type=\"widget\" data-widget_type=\"text-editor.default\">\n\t\t\t\t<div class=\"elementor-widget-container\">\n\t\t\t\t\t\t\t\t\t<p><em>Conviviales et joyeuses, les f\u00eates de fin d\u2019ann\u00e9e sont l\u2019occasion de cr\u00e9er des moments de partage avec ses proches, petits ou grands. Chacun peut aider \u00e0 confectionner des amuse-bouche sal\u00e9s ou sucr\u00e9s dont la forme et les d\u00e9cors \u00e9voquent la p\u00e9riode de No\u00ebl.<\/em><\/p>\t\t\t\t\t\t\t\t<\/div>\n\t\t\t\t<\/div>\n\t\t\t\t\t<\/div>\n\t\t<\/div>\n\t\t\t\t\t<\/div>\n\t\t<\/section>\n\t\t\t\t<section class=\"elementor-section elementor-top-section elementor-element elementor-element-20d254cd elementor-section-boxed elementor-section-height-default elementor-section-height-default\" data-id=\"20d254cd\" data-element_type=\"section\">\n\t\t\t\t\t\t<div class=\"elementor-container elementor-column-gap-default\">\n\t\t\t\t\t<div class=\"elementor-column elementor-col-100 elementor-top-column elementor-element elementor-element-c633de\" data-id=\"c633de\" data-element_type=\"column\">\n\t\t\t<div class=\"elementor-widget-wrap elementor-element-populated\">\n\t\t\t\t\t\t<div class=\"elementor-element elementor-element-600ab967 elementor-widget elementor-widget-heading\" data-id=\"600ab967\" data-element_type=\"widget\" data-widget_type=\"heading.default\">\n\t\t\t\t<div class=\"elementor-widget-container\">\n\t\t\t\t\t<h2 class=\"elementor-heading-title elementor-size-default\">Les Gorges du Tarn : entre falaises, rivi\u00e8res et villages suspendus<\/h2>\t\t\t\t<\/div>\n\t\t\t\t<\/div>\n\t\t\t\t<div class=\"elementor-element elementor-element-68b0793 elementor-widget elementor-widget-text-editor\" data-id=\"68b0793\" data-element_type=\"widget\" data-widget_type=\"text-editor.default\">\n\t\t\t\t<div class=\"elementor-widget-container\">\n\t\t\t\t\t\t\t\t\t<p>\u00c0 cheval entre la Loz\u00e8re et l\u2019Aveyron, les Gorges du Tarn offrent un paysage \u00e0 couper le souffle : <strong>falaises calcaires<\/strong> vertigineuses, <strong>eaux limpides<\/strong> aux reflets turquoise, hameaux accroch\u00e9s \u00e0 flanc de roche\u2026 C\u2019est une destination id\u00e9ale pour les <strong>amoureux de nature<\/strong>, en qu\u00eate de calme et de beaut\u00e9 brute.<\/p>\t\t\t\t\t\t\t\t<\/div>\n\t\t\t\t<\/div>\n\t\t\t\t<div class=\"elementor-element elementor-element-380426d elementor-widget elementor-widget-image\" data-id=\"380426d\" data-element_type=\"widget\" data-widget_type=\"image.default\">\n\t\t\t\t<div class=\"elementor-widget-container\">\n\t\t\t\t\t\t\t\t\t\t\t\t\t\t\t<img  fetchpriority=\"high\" decoding=\"async\" width=\"809\" height=\"610\"  src=\"data:image\/gif;base64,R0lGODlhAQABAIAAAAAAAP\/\/\/yH5BAEAAAAALAAAAAABAAEAAAIBRAA7\" data-lazy-src=\"https:\/\/media.atlasformen.com\/blogmedia\/uploads\/2025\/09\/gorge-du-tarn.jpg\"  class=\"attachment-large size-large wp-image-25878\" alt=\"gorge du tarn\" srcset=\"https:\/\/media.atlasformen.com\/blogmedia\/uploads\/2025\/09\/gorge-du-tarn.jpg 809w, https:\/\/media.atlasformen.com\/blogmedia\/uploads\/2025\/09\/gorge-du-tarn-300x226.jpg 300w, https:\/\/media.atlasformen.com\/blogmedia\/uploads\/2025\/09\/gorge-du-tarn-768x579.jpg 768w, https:\/\/media.atlasformen.com\/blogmedia\/uploads\/2025\/09\/gorge-du-tarn-24x18.jpg 24w, https:\/\/media.atlasformen.com\/blogmedia\/uploads\/2025\/09\/gorge-du-tarn-36x27.jpg 36w, https:\/\/media.atlasformen.com\/blogmedia\/uploads\/2025\/09\/gorge-du-tarn-48x36.jpg 48w\" sizes=\"(max-width: 809px) 100vw, 809px\" \/><noscript><img  fetchpriority=\"high\" decoding=\"async\" width=\"809\" height=\"610\"  src=\"https:\/\/media.atlasformen.com\/blogmedia\/uploads\/2025\/09\/gorge-du-tarn.jpg\"  class=\"attachment-large size-large wp-image-25878\" alt=\"gorge du tarn\" srcset=\"https:\/\/media.atlasformen.com\/blogmedia\/uploads\/2025\/09\/gorge-du-tarn.jpg 809w, https:\/\/media.atlasformen.com\/blogmedia\/uploads\/2025\/09\/gorge-du-tarn-300x226.jpg 300w, https:\/\/media.atlasformen.com\/blogmedia\/uploads\/2025\/09\/gorge-du-tarn-768x579.jpg 768w, https:\/\/media.atlasformen.com\/blogmedia\/uploads\/2025\/09\/gorge-du-tarn-24x18.jpg 24w, https:\/\/media.atlasformen.com\/blogmedia\/uploads\/2025\/09\/gorge-du-tarn-36x27.jpg 36w, https:\/\/media.atlasformen.com\/blogmedia\/uploads\/2025\/09\/gorge-du-tarn-48x36.jpg 48w\" sizes=\"(max-width: 809px) 100vw, 809px\" \/><\/noscript>\t\t\t\t\t\t\t\t\t\t\t\t\t\t\t<\/div>\n\t\t\t\t<\/div>\n\t\t\t\t<div class=\"elementor-element elementor-element-31ed5d5 elementor-widget elementor-widget-text-editor\" data-id=\"31ed5d5\" data-element_type=\"widget\" data-widget_type=\"text-editor.default\">\n\t\t\t\t<div class=\"elementor-widget-container\">\n\t\t\t\t\t\t\t\t\t<p><strong>Les activit\u00e9s \u00e0 ne pas manquer :<\/strong><\/p><p>Le<strong> cano\u00eb sur le Tarn <\/strong>est l\u2019une des plus belles fa\u00e7ons de d\u00e9couvrir les gorges. Plusieurs <strong>points de d\u00e9part<\/strong> sont possibles, notamment <strong>\u00e0\u00a0Sainte-Enimie<\/strong>,\u00a0<strong>La Mal\u00e8ne <\/strong>ou\u00a0<strong>Le Rozier<\/strong>, avec des parcours adapt\u00e9s \u00e0 tous les niveaux. La descente entre La Mal\u00e8ne et le cirque des baumes est particuli\u00e8rement spectaculaire, avec ses falaises abruptes et ses eaux cristallines.<\/p><p>La<strong> randonn\u00e9e dans les Causses <\/strong>permet de prendre de la hauteur et d\u2019admirer les gorges depuis les plateaux. Le\u00a0<strong>sentier du roc des Hourtous<\/strong>, au d\u00e9part de Saint-Pierre-des-Tripiers, offre un panorama grandiose sur les m\u00e9andres du Tarn. Autre option : le\u00a0<strong>chemin des corniches<\/strong>, qui relie plusieurs belv\u00e9d\u00e8res entre Le Rozier et La Sabli\u00e8re, parfait pour une demi-journ\u00e9e de marche contemplative.<\/p><p>Pour une balade plus accessible, le<strong>\u00a0sentier des gorges<\/strong>\u00a0entre Sainte-Enimie et Saint-Ch\u00e9ly-du-Tarn longe la rivi\u00e8re et traverse des paysages vari\u00e9s, entre sous-bois, falaises et petits ponts de pierre.<\/p><p><strong>Les circuits touristiques \u00e0 explorer :<\/strong><\/p><p>La <strong>route des belv\u00e9d\u00e8res\u00a0<\/strong>permet de d\u00e9couvrir, en voiture ou \u00e0 v\u00e9lo, les points de vue les plus impressionnants sur les gorges, comme le <strong>Point Sublime<\/strong>, le <strong>belv\u00e9d\u00e8re du Pas de Soucy<\/strong> ou celui du <strong>roc du Serre<\/strong>.<\/p><p>Le<strong> circuit des villages perch\u00e9s <\/strong>vous entra\u00eene \u00e0 la d\u00e9couverte de <strong>Castelbouc<\/strong>,<strong> Hauterives<\/strong> (accessible uniquement par bateau ou \u00e0 pied), <strong>La Mal\u00e8ne<\/strong> et <strong>Sainte-Enimie<\/strong>, class\u00e9 parmi les <strong>plus beaux villages de France<\/strong>. Chacun offre son lot de ruelles pav\u00e9es, de maisons en pierre et de petites \u00e9glises romanes.<\/p>\t\t\t\t\t\t\t\t<\/div>\n\t\t\t\t<\/div>\n\t\t\t\t\t<\/div>\n\t\t<\/div>\n\t\t\t\t\t<\/div>\n\t\t<\/section>\n\t\t\t\t<section class=\"elementor-section elementor-top-section elementor-element elementor-element-72029c2f elementor-section-boxed elementor-section-height-default elementor-section-height-default\" data-id=\"72029c2f\" data-element_type=\"section\">\n\t\t\t\t\t\t<div class=\"elementor-container elementor-column-gap-default\">\n\t\t\t\t\t<div class=\"elementor-column elementor-col-100 elementor-top-column elementor-element elementor-element-360986b7\" data-id=\"360986b7\" data-element_type=\"column\">\n\t\t\t<div class=\"elementor-widget-wrap elementor-element-populated\">\n\t\t\t\t\t\t<div class=\"elementor-element elementor-element-1ad22e2b elementor-widget elementor-widget-heading\" data-id=\"1ad22e2b\" data-element_type=\"widget\" data-widget_type=\"heading.default\">\n\t\t\t\t<div class=\"elementor-widget-container\">\n\t\t\t\t\t<h2 class=\"elementor-heading-title elementor-size-default\">Le Pays basque int\u00e9rieur : entre vall\u00e9es secr\u00e8tes et traditions vivantes<\/h2>\t\t\t\t<\/div>\n\t\t\t\t<\/div>\n\t\t\t\t<div class=\"elementor-element elementor-element-1e5555bb elementor-widget elementor-widget-text-editor\" data-id=\"1e5555bb\" data-element_type=\"widget\" data-widget_type=\"text-editor.default\">\n\t\t\t\t<div class=\"elementor-widget-container\">\n\t\t\t\t\t\t\t\t\t<p>Loin de l\u2019effervescence du littoral, le Pays basque int\u00e9rieur d\u00e9voile une mosa\u00efque de paysages et de cultures profond\u00e9ment enracin\u00e9es. Des <strong>collines verdoyantes<\/strong> du\u00a0<strong>Labourd\u00a0<\/strong>aux vall\u00e9es encaiss\u00e9es de la\u00a0Soule, en passant par les cr\u00eates pastorales de la\u00a0Basse-Navarre, cette r\u00e9gion offre une <strong>parenth\u00e8se authentique<\/strong>, id\u00e9ale pour se ressourcer.<\/p>\t\t\t\t\t\t\t\t<\/div>\n\t\t\t\t<\/div>\n\t\t\t\t<div class=\"elementor-element elementor-element-b3affc3 elementor-widget elementor-widget-image\" data-id=\"b3affc3\" data-element_type=\"widget\" data-widget_type=\"image.default\">\n\t\t\t\t<div class=\"elementor-widget-container\">\n\t\t\t\t\t\t\t\t\t\t\t\t\t\t\t<img  decoding=\"async\" width=\"809\" height=\"610\"  src=\"data:image\/gif;base64,R0lGODlhAQABAIAAAAAAAP\/\/\/yH5BAEAAAAALAAAAAABAAEAAAIBRAA7\" data-lazy-src=\"https:\/\/media.atlasformen.com\/blogmedia\/uploads\/2025\/09\/pays-basque.jpg\"  class=\"attachment-large size-large wp-image-25881\" alt=\"pays basque France\" srcset=\"https:\/\/media.atlasformen.com\/blogmedia\/uploads\/2025\/09\/pays-basque.jpg 809w, https:\/\/media.atlasformen.com\/blogmedia\/uploads\/2025\/09\/pays-basque-300x226.jpg 300w, https:\/\/media.atlasformen.com\/blogmedia\/uploads\/2025\/09\/pays-basque-768x579.jpg 768w, https:\/\/media.atlasformen.com\/blogmedia\/uploads\/2025\/09\/pays-basque-24x18.jpg 24w, https:\/\/media.atlasformen.com\/blogmedia\/uploads\/2025\/09\/pays-basque-36x27.jpg 36w, https:\/\/media.atlasformen.com\/blogmedia\/uploads\/2025\/09\/pays-basque-48x36.jpg 48w\" sizes=\"(max-width: 809px) 100vw, 809px\" \/><noscript><img  decoding=\"async\" width=\"809\" height=\"610\"  src=\"https:\/\/media.atlasformen.com\/blogmedia\/uploads\/2025\/09\/pays-basque.jpg\"  class=\"attachment-large size-large wp-image-25881\" alt=\"pays basque France\" srcset=\"https:\/\/media.atlasformen.com\/blogmedia\/uploads\/2025\/09\/pays-basque.jpg 809w, https:\/\/media.atlasformen.com\/blogmedia\/uploads\/2025\/09\/pays-basque-300x226.jpg 300w, https:\/\/media.atlasformen.com\/blogmedia\/uploads\/2025\/09\/pays-basque-768x579.jpg 768w, https:\/\/media.atlasformen.com\/blogmedia\/uploads\/2025\/09\/pays-basque-24x18.jpg 24w, https:\/\/media.atlasformen.com\/blogmedia\/uploads\/2025\/09\/pays-basque-36x27.jpg 36w, https:\/\/media.atlasformen.com\/blogmedia\/uploads\/2025\/09\/pays-basque-48x36.jpg 48w\" sizes=\"(max-width: 809px) 100vw, 809px\" \/><\/noscript>\t\t\t\t\t\t\t\t\t\t\t\t\t\t\t<\/div>\n\t\t\t\t<\/div>\n\t\t\t\t<div class=\"elementor-element elementor-element-747814a elementor-widget elementor-widget-text-editor\" data-id=\"747814a\" data-element_type=\"widget\" data-widget_type=\"text-editor.default\">\n\t\t\t\t<div class=\"elementor-widget-container\">\n\t\t\t\t\t\t\t\t\t<p><strong>Les activit\u00e9s \u00e0 ne pas manquer :<\/strong><\/p><p>La <strong>randonn\u00e9e <\/strong>est reine ici. Le sentier qui relie\u00a0<strong>Saint-Jean-Pied-de-Port \u00e0 Saint-\u00c9tienne-de-Ba\u00efgorry\u00a0<\/strong>offre des vues splendides sur les vall\u00e9es et les bergeries. Plus au sud, les <strong>for\u00eats d\u2019Iraty<\/strong>, peupl\u00e9es de\u00a0pottocks\u00a0(petits chevaux sauvages) et survol\u00e9es par les\u00a0vautours fauves, invitent \u00e0 la contemplation. Pour les amateurs de reliefs plus marqu\u00e9s, les chemins <strong>autour de\u00a0Larrau\u00a0<\/strong>et<strong>\u00a0Sainte-Engr\u00e2ce<\/strong>\u00a0m\u00e8nent \u00e0 des panoramas spectaculaires sur les gorges de Kakuetta ou la passerelle d\u2019Holzarte.<\/p><p>Le <strong>v\u00e9lo <\/strong>sur les petites routes sinueuses entre\u00a0<strong>Hasparren, Cambo-les-Bains et Espelette\u00a0<\/strong>permet de d\u00e9couvrir les villages typiques aux<strong> maisons blanches et rouges<\/strong>, les champs de piments suspendus et les march\u00e9s locaux o\u00f9 l\u2019on croise fromages de\u00a0brebis, g\u00e2teau basque et artisans passionn\u00e9s.<\/p><p>La<strong> d\u00e9couverte culturelle <\/strong>est partout : visite des <strong>ateliers de tissage<\/strong>, des <strong>fermes d\u2019\u00e9levage<\/strong>, des <strong>f\u00eates villageoises<\/strong> o\u00f9 la langue basque r\u00e9sonne encore, et des bains thermaux \u00e0\u00a0Cambo-les-Bains\u00a0pour une pause bien-\u00eatre.<\/p>\t\t\t\t\t\t\t\t<\/div>\n\t\t\t\t<\/div>\n\t\t\t\t<div class=\"elementor-element elementor-element-256af8eb elementor-widget elementor-widget-shortcode\" data-id=\"256af8eb\" data-element_type=\"widget\" data-widget_type=\"shortcode.default\">\n\t\t\t\t<div class=\"elementor-widget-container\">\n\t\t\t\t\t\t\t<div class=\"elementor-shortcode\"><\/div>\n\t\t\t\t\t\t<\/div>\n\t\t\t\t<\/div>\n\t\t\t\t<div class=\"elementor-element elementor-element-0bb9d77 elementor-widget elementor-widget-text-editor\" data-id=\"0bb9d77\" data-element_type=\"widget\" data-widget_type=\"text-editor.default\">\n\t\t\t\t<div class=\"elementor-widget-container\">\n\t\t\t\t\t\t\t\t\t<p><strong>Les circuits touristiques \u00e0 explorer :<\/strong><\/p><p>La <strong>route des villages basques <\/strong>relie les plus beaux bourgs de l\u2019int\u00e9rieur, comme\u00a0Espelette,\u00a0Ainhoa,\u00a0Itxassou,\u00a0Sareou\u00a0Saint-Jean-Pied-de-Port, chacun avec son identit\u00e9 forte, ses<strong> maisons \u00e0 colombages<\/strong> et ses traditions vivantes.<\/p><p>Le<strong> circuit des vall\u00e9es <\/strong>traverse les trois provinces historiques \u2014\u00a0<strong>Labourd,\u00a0Basse-Navarre\u00a0et\u00a0Soule<\/strong>\u00a0\u2014 en suivant les routes qui serpentent entre les collines, les for\u00eats et les p\u00e2turages. Arr\u00eats recommand\u00e9s \u00e0\u00a0Saint-\u00c9tienne-de-Ba\u00efgorry,\u00a0Larrau,\u00a0Sainte-Engr\u00e2ce\u00a0ou encore\u00a0Maul\u00e9on, <strong>capitale de l\u2019espadrille<\/strong>.<\/p><p>La <strong>boucle nature et patrimoine <\/strong>combine les paysages grandioses des for\u00eats d\u2019Iraty\u00a0avec les sites culturels comme les \u00e9glises romanes, les frontons de <strong>pelote basque<\/strong>, ou les mus\u00e9es locaux d\u00e9di\u00e9s \u00e0 la pastorale et \u00e0 la langue basque.<\/p>\t\t\t\t\t\t\t\t<\/div>\n\t\t\t\t<\/div>\n\t\t\t\t\t<\/div>\n\t\t<\/div>\n\t\t\t\t\t<\/div>\n\t\t<\/section>\n\t\t\t\t<section class=\"elementor-section elementor-top-section elementor-element elementor-element-1c79d68d elementor-section-boxed elementor-section-height-default elementor-section-height-default\" data-id=\"1c79d68d\" data-element_type=\"section\">\n\t\t\t\t\t\t<div class=\"elementor-container elementor-column-gap-default\">\n\t\t\t\t\t<div class=\"elementor-column elementor-col-100 elementor-top-column elementor-element elementor-element-25aad4f2\" data-id=\"25aad4f2\" data-element_type=\"column\">\n\t\t\t<div class=\"elementor-widget-wrap elementor-element-populated\">\n\t\t\t\t\t\t<div class=\"elementor-element elementor-element-5dd86e84 elementor-widget elementor-widget-heading\" data-id=\"5dd86e84\" data-element_type=\"widget\" data-widget_type=\"heading.default\">\n\t\t\t\t<div class=\"elementor-widget-container\">\n\t\t\t\t\t<h2 class=\"elementor-heading-title elementor-size-default\">Le Jura : entre lacs d\u2019altitude, for\u00eats profondes et villages de caract\u00e8re<\/h2>\t\t\t\t<\/div>\n\t\t\t\t<\/div>\n\t\t\t\t<div class=\"elementor-element elementor-element-33dee4f0 elementor-widget elementor-widget-text-editor\" data-id=\"33dee4f0\" data-element_type=\"widget\" data-widget_type=\"text-editor.default\">\n\t\t\t\t<div class=\"elementor-widget-container\">\n\t\t\t\t\t\t\t\t\t<p>Discret mais spectaculaire, le Jura est une r\u00e9gion qui s\u00e9duit par sa <strong>nature pr\u00e9serv\u00e9e<\/strong>, ses reliefs doux et ses ambiances paisibles. En septembre, les temp\u00e9ratures sont encore agr\u00e9ables, les sentiers moins fr\u00e9quent\u00e9s, et les lumi\u00e8res dor\u00e9es de fin d\u2019\u00e9t\u00e9 subliment les paysages. C\u2019est une destination id\u00e9ale pour <strong>se reconnecter \u00e0 l\u2019essentiel<\/strong>, entre eau, bois et pierre.<\/p>\t\t\t\t\t\t\t\t<\/div>\n\t\t\t\t<\/div>\n\t\t\t\t<div class=\"elementor-element elementor-element-77c2f24 elementor-widget elementor-widget-image\" data-id=\"77c2f24\" data-element_type=\"widget\" data-widget_type=\"image.default\">\n\t\t\t\t<div class=\"elementor-widget-container\">\n\t\t\t\t\t\t\t\t\t\t\t\t\t\t\t<img  decoding=\"async\" width=\"809\" height=\"610\"  src=\"data:image\/gif;base64,R0lGODlhAQABAIAAAAAAAP\/\/\/yH5BAEAAAAALAAAAAABAAEAAAIBRAA7\" data-lazy-src=\"https:\/\/media.atlasformen.com\/blogmedia\/uploads\/2025\/09\/jura-cascade.jpg\"  class=\"attachment-large size-large wp-image-25879\" alt=\"cascade jura france\" srcset=\"https:\/\/media.atlasformen.com\/blogmedia\/uploads\/2025\/09\/jura-cascade.jpg 809w, https:\/\/media.atlasformen.com\/blogmedia\/uploads\/2025\/09\/jura-cascade-300x226.jpg 300w, https:\/\/media.atlasformen.com\/blogmedia\/uploads\/2025\/09\/jura-cascade-768x579.jpg 768w, https:\/\/media.atlasformen.com\/blogmedia\/uploads\/2025\/09\/jura-cascade-24x18.jpg 24w, https:\/\/media.atlasformen.com\/blogmedia\/uploads\/2025\/09\/jura-cascade-36x27.jpg 36w, https:\/\/media.atlasformen.com\/blogmedia\/uploads\/2025\/09\/jura-cascade-48x36.jpg 48w\" sizes=\"(max-width: 809px) 100vw, 809px\" \/><noscript><img  decoding=\"async\" width=\"809\" height=\"610\"  src=\"https:\/\/media.atlasformen.com\/blogmedia\/uploads\/2025\/09\/jura-cascade.jpg\"  class=\"attachment-large size-large wp-image-25879\" alt=\"cascade jura france\" srcset=\"https:\/\/media.atlasformen.com\/blogmedia\/uploads\/2025\/09\/jura-cascade.jpg 809w, https:\/\/media.atlasformen.com\/blogmedia\/uploads\/2025\/09\/jura-cascade-300x226.jpg 300w, https:\/\/media.atlasformen.com\/blogmedia\/uploads\/2025\/09\/jura-cascade-768x579.jpg 768w, https:\/\/media.atlasformen.com\/blogmedia\/uploads\/2025\/09\/jura-cascade-24x18.jpg 24w, https:\/\/media.atlasformen.com\/blogmedia\/uploads\/2025\/09\/jura-cascade-36x27.jpg 36w, https:\/\/media.atlasformen.com\/blogmedia\/uploads\/2025\/09\/jura-cascade-48x36.jpg 48w\" sizes=\"(max-width: 809px) 100vw, 809px\" \/><\/noscript>\t\t\t\t\t\t\t\t\t\t\t\t\t\t\t<\/div>\n\t\t\t\t<\/div>\n\t\t\t\t<div class=\"elementor-element elementor-element-dbb7c12 elementor-widget elementor-widget-text-editor\" data-id=\"dbb7c12\" data-element_type=\"widget\" data-widget_type=\"text-editor.default\">\n\t\t\t\t<div class=\"elementor-widget-container\">\n\t\t\t\t\t\t\t\t\t<p><strong>Les activit\u00e9s \u00e0 ne pas manquer :<\/strong><\/p><p>La<strong> randonn\u00e9e <\/strong>est incontournable dans le Jura. Le\u00a0<strong>sentier des cascades du H\u00e9risson<\/strong>, accessible depuis M\u00e9n\u00e9trux-en-Joux, offre une succession de chutes d\u2019eau dans un d\u00e9cor forestier enchanteur. Le\u00a0<strong>belv\u00e9d\u00e8re des 4 lacs<\/strong>, pr\u00e8s de Le Frasnois, permet d\u2019admirer les lacs de Narlay, Ilay, Petit et Grand Maclu dans une boucle panoramique. Pour une marche plus contemplative, le\u00a0chemin autour du<strong> lac de Chalain\u00a0<\/strong>est parfait : plat, ombrag\u00e9, et ponctu\u00e9 de plages discr\u00e8tes.<\/p><p>Le<strong> v\u00e9lo <\/strong>sur les routes vallonn\u00e9es du<strong> Haut-Jura<\/strong> ou autour du<strong> lac de Vouglans<\/strong> permet de d\u00e9couvrir des paysages vari\u00e9s, entre for\u00eats de sapins, prairies et villages typiques. Des itin\u00e9raires balis\u00e9s sont accessibles aux d\u00e9butants comme aux plus sportifs.<\/p><p>La<strong> baignade <\/strong>dans les <strong>lacs naturels<\/strong> est un vrai plaisir en septembre. Le<strong>\u00a0lac de Clairvaux<\/strong>, plus confidentiel, offre une eau limpide et des berges tranquilles. Le\u00a0<strong>lac de Vouglans<\/strong>, immense et bord\u00e9 de plages am\u00e9nag\u00e9es, est id\u00e9al pour le<strong> paddle<\/strong> ou le <strong>cano\u00eb.<\/strong><\/p>\t\t\t\t\t\t\t\t<\/div>\n\t\t\t\t<\/div>\n\t\t\t\t<div class=\"elementor-element elementor-element-3dae628 elementor-widget elementor-widget-image\" data-id=\"3dae628\" data-element_type=\"widget\" data-widget_type=\"image.default\">\n\t\t\t\t<div class=\"elementor-widget-container\">\n\t\t\t\t\t\t\t\t\t\t\t\t\t\t\t<img  loading=\"lazy\" decoding=\"async\" width=\"809\" height=\"610\"  src=\"data:image\/gif;base64,R0lGODlhAQABAIAAAAAAAP\/\/\/yH5BAEAAAAALAAAAAABAAEAAAIBRAA7\" data-lazy-src=\"https:\/\/media.atlasformen.com\/blogmedia\/uploads\/2025\/09\/jura-vignobles.jpg\"  class=\"attachment-large size-large wp-image-25889\" alt=\"vignoble Jura\" srcset=\"https:\/\/media.atlasformen.com\/blogmedia\/uploads\/2025\/09\/jura-vignobles.jpg 809w, https:\/\/media.atlasformen.com\/blogmedia\/uploads\/2025\/09\/jura-vignobles-300x226.jpg 300w, https:\/\/media.atlasformen.com\/blogmedia\/uploads\/2025\/09\/jura-vignobles-768x579.jpg 768w, https:\/\/media.atlasformen.com\/blogmedia\/uploads\/2025\/09\/jura-vignobles-24x18.jpg 24w, https:\/\/media.atlasformen.com\/blogmedia\/uploads\/2025\/09\/jura-vignobles-36x27.jpg 36w, https:\/\/media.atlasformen.com\/blogmedia\/uploads\/2025\/09\/jura-vignobles-48x36.jpg 48w\" sizes=\"(max-width: 809px) 100vw, 809px\" \/><noscript><img  loading=\"lazy\" decoding=\"async\" width=\"809\" height=\"610\"  src=\"https:\/\/media.atlasformen.com\/blogmedia\/uploads\/2025\/09\/jura-vignobles.jpg\"  class=\"attachment-large size-large wp-image-25889\" alt=\"vignoble Jura\" srcset=\"https:\/\/media.atlasformen.com\/blogmedia\/uploads\/2025\/09\/jura-vignobles.jpg 809w, https:\/\/media.atlasformen.com\/blogmedia\/uploads\/2025\/09\/jura-vignobles-300x226.jpg 300w, https:\/\/media.atlasformen.com\/blogmedia\/uploads\/2025\/09\/jura-vignobles-768x579.jpg 768w, https:\/\/media.atlasformen.com\/blogmedia\/uploads\/2025\/09\/jura-vignobles-24x18.jpg 24w, https:\/\/media.atlasformen.com\/blogmedia\/uploads\/2025\/09\/jura-vignobles-36x27.jpg 36w, https:\/\/media.atlasformen.com\/blogmedia\/uploads\/2025\/09\/jura-vignobles-48x36.jpg 48w\" sizes=\"(max-width: 809px) 100vw, 809px\" \/><\/noscript>\t\t\t\t\t\t\t\t\t\t\t\t\t\t\t<\/div>\n\t\t\t\t<\/div>\n\t\t\t\t<div class=\"elementor-element elementor-element-e348400 elementor-widget elementor-widget-text-editor\" data-id=\"e348400\" data-element_type=\"widget\" data-widget_type=\"text-editor.default\">\n\t\t\t\t<div class=\"elementor-widget-container\">\n\t\t\t\t\t\t\t\t\t<p><strong>Les circuits touristiques \u00e0 explorer :<\/strong><\/p><p>La<strong> route des vins du Jura<\/strong>, entre Arbois, Pupillin et Ch\u00e2teau-Chalon, permet de d\u00e9couvrir les <strong>c\u00e9pages locaux<\/strong> (savagnin, trousseau, vin jaune) et de visiter des caves familiales dans une ambiance conviviale.<\/p><p>Le<strong> circuit des villages de caract\u00e8re <\/strong>invite \u00e0 fl\u00e2ner dans les ruelles de\u00a0<strong>Baume-les-Messieurs<\/strong>, nich\u00e9 dans une recul\u00e9e spectaculaire, ou dans celles de\u00a0<strong>Salins-les-Bains<\/strong>, ancienne cit\u00e9 thermale au riche patrimoine.<\/p><p>Les<strong> sites naturels et culturels <\/strong>comme la\u00a0Maison du Parc du Haut-Jura\u00a0\u00e0 Lajoux ou les\u00a0grottes de Moidons offrent des<strong> exp\u00e9riences p\u00e9dagogiques<\/strong> et immersives pour petits et grands.<\/p>\t\t\t\t\t\t\t\t<\/div>\n\t\t\t\t<\/div>\n\t\t\t\t\t<\/div>\n\t\t<\/div>\n\t\t\t\t\t<\/div>\n\t\t<\/section>\n\t\t\t\t<section class=\"elementor-section elementor-top-section elementor-element elementor-element-1aaa81da elementor-section-boxed elementor-section-height-default elementor-section-height-default\" data-id=\"1aaa81da\" data-element_type=\"section\">\n\t\t\t\t\t\t<div class=\"elementor-container elementor-column-gap-default\">\n\t\t\t\t\t<div class=\"elementor-column elementor-col-100 elementor-top-column elementor-element elementor-element-398ee88d\" data-id=\"398ee88d\" data-element_type=\"column\">\n\t\t\t<div class=\"elementor-widget-wrap elementor-element-populated\">\n\t\t\t\t\t\t<div class=\"elementor-element elementor-element-4803367c elementor-widget elementor-widget-heading\" data-id=\"4803367c\" data-element_type=\"widget\" data-widget_type=\"heading.default\">\n\t\t\t\t<div class=\"elementor-widget-container\">\n\t\t\t\t\t<h2 class=\"elementor-heading-title elementor-size-default\">L\u2019\u00eele d\u2019Ol\u00e9ron : entre dunes sauvages, marais salants et cabanes ostr\u00e9icoles<\/h2>\t\t\t\t<\/div>\n\t\t\t\t<\/div>\n\t\t\t\t<div class=\"elementor-element elementor-element-76078fc2 elementor-widget elementor-widget-text-editor\" data-id=\"76078fc2\" data-element_type=\"widget\" data-widget_type=\"text-editor.default\">\n\t\t\t\t<div class=\"elementor-widget-container\">\n\t\t\t\t\t\t\t\t\t<p>Reli\u00e9e au continent par un pont, l\u2019\u00eele d\u2019Ol\u00e9ron est un petit bout de terre baign\u00e9 par l\u2019oc\u00e9an, o\u00f9 l\u2019on respire \u00e0 plein poumons. Moins fr\u00e9quent\u00e9e en septembre, elle d\u00e9voile ses paysages dans une lumi\u00e8re douce : <strong>plages d\u00e9sertes<\/strong>, <strong>for\u00eats de pins<\/strong>, <strong>villages color\u00e9s<\/strong> et <strong>marais salants<\/strong> peupl\u00e9s d\u2019oiseaux. C\u2019est une destination id\u00e9ale pour se d\u00e9tendre, bouger en douceur et savourer l\u2019art de vivre charentais.<\/p><p><strong>Les activit\u00e9s \u00e0 ne pas manquer :<\/strong><\/p><p>Le <strong>v\u00e9lo <\/strong>est roi sur l\u2019\u00eele : <strong>plus de 100 km de pistes cyclables<\/strong> sillonnent les dunes, les for\u00eats et les ports. Un circuit incontournable relie\u00a0<strong>Saint-Pierre-d\u2019Ol\u00e9ron\u00a0\u00e0\u00a0Boyardville,<\/strong> en passant par les marais et les cabanes ostr\u00e9icoles de\u00a0Fort Royer.<\/p><p>La <strong>baignade <\/strong>est encore tr\u00e8s agr\u00e9able en septembre. Les <strong>plages de la\u00a0c\u00f4te sauvage,<\/strong> comme\u00a0Vert Bois\u00a0ou\u00a0La Remigeasse, offrent de vastes \u00e9tendues de sable fin, id\u00e9ales pour se relaxer ou marcher les pieds dans l\u2019eau. C\u00f4t\u00e9 est, les eaux plus calmes de<strong>\u00a0La Br\u00e9e-les-Bains<\/strong>\u00a0conviennent parfaitement aux familles.<\/p><p>La <strong>d\u00e9couverte locale <\/strong>passe par la visite des villages typiques comme le<strong> Ch\u00e2teau-d\u2019Ol\u00e9ron<\/strong>, avec ses remparts et son march\u00e9, ou\u00a0<strong>Saint-Trojan-les-Bains<\/strong>, nich\u00e9 entre for\u00eat et oc\u00e9an. Ne manquez pas une d\u00e9gustation d\u2019hu\u00eetres dans une cabane color\u00e9e, les pieds dans l\u2019eau.<\/p>\t\t\t\t\t\t\t\t<\/div>\n\t\t\t\t<\/div>\n\t\t\t\t<div class=\"elementor-element elementor-element-553e3fb elementor-widget elementor-widget-image\" data-id=\"553e3fb\" data-element_type=\"widget\" data-widget_type=\"image.default\">\n\t\t\t\t<div class=\"elementor-widget-container\">\n\t\t\t\t\t\t\t\t\t\t\t\t\t\t\t<img  loading=\"lazy\" decoding=\"async\" width=\"809\" height=\"610\"  src=\"data:image\/gif;base64,R0lGODlhAQABAIAAAAAAAP\/\/\/yH5BAEAAAAALAAAAAABAAEAAAIBRAA7\" data-lazy-src=\"https:\/\/media.atlasformen.com\/blogmedia\/uploads\/2025\/09\/oleron.jpg\"  class=\"attachment-large size-large wp-image-25880\" alt=\"ile d&#039;ol\u00e9ron France\" srcset=\"https:\/\/media.atlasformen.com\/blogmedia\/uploads\/2025\/09\/oleron.jpg 809w, https:\/\/media.atlasformen.com\/blogmedia\/uploads\/2025\/09\/oleron-300x226.jpg 300w, https:\/\/media.atlasformen.com\/blogmedia\/uploads\/2025\/09\/oleron-768x579.jpg 768w, https:\/\/media.atlasformen.com\/blogmedia\/uploads\/2025\/09\/oleron-24x18.jpg 24w, https:\/\/media.atlasformen.com\/blogmedia\/uploads\/2025\/09\/oleron-36x27.jpg 36w, https:\/\/media.atlasformen.com\/blogmedia\/uploads\/2025\/09\/oleron-48x36.jpg 48w\" sizes=\"(max-width: 809px) 100vw, 809px\" \/><noscript><img  loading=\"lazy\" decoding=\"async\" width=\"809\" height=\"610\"  src=\"https:\/\/media.atlasformen.com\/blogmedia\/uploads\/2025\/09\/oleron.jpg\"  class=\"attachment-large size-large wp-image-25880\" alt=\"ile d&#039;ol\u00e9ron France\" srcset=\"https:\/\/media.atlasformen.com\/blogmedia\/uploads\/2025\/09\/oleron.jpg 809w, https:\/\/media.atlasformen.com\/blogmedia\/uploads\/2025\/09\/oleron-300x226.jpg 300w, https:\/\/media.atlasformen.com\/blogmedia\/uploads\/2025\/09\/oleron-768x579.jpg 768w, https:\/\/media.atlasformen.com\/blogmedia\/uploads\/2025\/09\/oleron-24x18.jpg 24w, https:\/\/media.atlasformen.com\/blogmedia\/uploads\/2025\/09\/oleron-36x27.jpg 36w, https:\/\/media.atlasformen.com\/blogmedia\/uploads\/2025\/09\/oleron-48x36.jpg 48w\" sizes=\"(max-width: 809px) 100vw, 809px\" \/><\/noscript>\t\t\t\t\t\t\t\t\t\t\t\t\t\t\t<\/div>\n\t\t\t\t<\/div>\n\t\t\t\t<div class=\"elementor-element elementor-element-587ac33 elementor-widget elementor-widget-text-editor\" data-id=\"587ac33\" data-element_type=\"widget\" data-widget_type=\"text-editor.default\">\n\t\t\t\t<div class=\"elementor-widget-container\">\n\t\t\t\t\t\t\t\t\t<p><strong>Les circuits touristiques \u00e0 explorer :<\/strong><\/p><p>Le <strong>circuit des ports ostr\u00e9icoles,<\/strong> avec Fort Royer, La Baudissi\u00e8re, Le Ch\u00e2teau\u2026, est un incontournable. Chaque port a son charme et ses cabanes artisanales, souvent transform\u00e9es en ateliers d\u2019artistes ou en petits restaurants.<\/p><p>La<strong> route des phares\u00a0:<\/strong> du\u00a0phare de Chassiron, perch\u00e9 \u00e0 la pointe nord, au\u00a0phare de Boyardville, vous traversez des paysages vari\u00e9s, entre falaises, champs et oc\u00e9an.<\/p><p>Les <strong>marais salants\u00a0<\/strong>et la\u00a0<strong>Maison de la Nature<\/strong>\u00a0\u00e0 <strong>Dolus-d\u2019Ol\u00e9ron<\/strong> permettent d\u2019en apprendre plus sur l\u2019\u00e9cosyst\u00e8me local, avec des balades guid\u00e9es et des observatoires ornithologiques.<\/p>\t\t\t\t\t\t\t\t<\/div>\n\t\t\t\t<\/div>\n\t\t\t\t<div class=\"elementor-element elementor-element-88ca9a1 elementor-widget elementor-widget-heading\" data-id=\"88ca9a1\" data-element_type=\"widget\" data-widget_type=\"heading.default\">\n\t\t\t\t<div class=\"elementor-widget-container\">\n\t\t\t\t\t<h2 class=\"elementor-heading-title elementor-size-default\">Le lac de Sainte-Croix : eaux turquoise et gorges majestueuses<\/h2>\t\t\t\t<\/div>\n\t\t\t\t<\/div>\n\t\t\t\t<div class=\"elementor-element elementor-element-d658dfa elementor-widget elementor-widget-text-editor\" data-id=\"d658dfa\" data-element_type=\"widget\" data-widget_type=\"text-editor.default\">\n\t\t\t\t<div class=\"elementor-widget-container\">\n\t\t\t\t\t\t\t\t\t<p>Au c\u0153ur du <strong>parc naturel r\u00e9gional du Verdon<\/strong>, le\u00a0lac de Sainte-Croix\u00a0est une v\u00e9ritable perle proven\u00e7ale. Aliment\u00e9 par les eaux des c\u00e9l\u00e8bres\u00a0gorges du Verdon, il offre un cadre spectaculaire m\u00ealant <strong>falaises calcaires<\/strong>, <strong>for\u00eats de pins<\/strong> et <strong>villages perch\u00e9s<\/strong>. En septembre, la lumi\u00e8re dor\u00e9e sublime les paysages, les temp\u00e9ratures restent douces, et l\u2019effervescence estivale laisse place \u00e0 une atmosph\u00e8re paisible.<\/p>\t\t\t\t\t\t\t\t<\/div>\n\t\t\t\t<\/div>\n\t\t\t\t<div class=\"elementor-element elementor-element-376ceb1 elementor-widget elementor-widget-image\" data-id=\"376ceb1\" data-element_type=\"widget\" data-widget_type=\"image.default\">\n\t\t\t\t<div class=\"elementor-widget-container\">\n\t\t\t\t\t\t\t\t\t\t\t\t\t\t\t<img  loading=\"lazy\" decoding=\"async\" width=\"809\" height=\"610\"  src=\"data:image\/gif;base64,R0lGODlhAQABAIAAAAAAAP\/\/\/yH5BAEAAAAALAAAAAABAAEAAAIBRAA7\" data-lazy-src=\"https:\/\/media.atlasformen.com\/blogmedia\/uploads\/2025\/09\/sainte-croix.jpg\"  class=\"attachment-large size-large wp-image-25882\" alt=\"lac sainte-croix france\" srcset=\"https:\/\/media.atlasformen.com\/blogmedia\/uploads\/2025\/09\/sainte-croix.jpg 809w, https:\/\/media.atlasformen.com\/blogmedia\/uploads\/2025\/09\/sainte-croix-300x226.jpg 300w, https:\/\/media.atlasformen.com\/blogmedia\/uploads\/2025\/09\/sainte-croix-768x579.jpg 768w, https:\/\/media.atlasformen.com\/blogmedia\/uploads\/2025\/09\/sainte-croix-24x18.jpg 24w, https:\/\/media.atlasformen.com\/blogmedia\/uploads\/2025\/09\/sainte-croix-36x27.jpg 36w, https:\/\/media.atlasformen.com\/blogmedia\/uploads\/2025\/09\/sainte-croix-48x36.jpg 48w\" sizes=\"(max-width: 809px) 100vw, 809px\" \/><noscript><img  loading=\"lazy\" decoding=\"async\" width=\"809\" height=\"610\"  src=\"https:\/\/media.atlasformen.com\/blogmedia\/uploads\/2025\/09\/sainte-croix.jpg\"  class=\"attachment-large size-large wp-image-25882\" alt=\"lac sainte-croix france\" srcset=\"https:\/\/media.atlasformen.com\/blogmedia\/uploads\/2025\/09\/sainte-croix.jpg 809w, https:\/\/media.atlasformen.com\/blogmedia\/uploads\/2025\/09\/sainte-croix-300x226.jpg 300w, https:\/\/media.atlasformen.com\/blogmedia\/uploads\/2025\/09\/sainte-croix-768x579.jpg 768w, https:\/\/media.atlasformen.com\/blogmedia\/uploads\/2025\/09\/sainte-croix-24x18.jpg 24w, https:\/\/media.atlasformen.com\/blogmedia\/uploads\/2025\/09\/sainte-croix-36x27.jpg 36w, https:\/\/media.atlasformen.com\/blogmedia\/uploads\/2025\/09\/sainte-croix-48x36.jpg 48w\" sizes=\"(max-width: 809px) 100vw, 809px\" \/><\/noscript>\t\t\t\t\t\t\t\t\t\t\t\t\t\t\t<\/div>\n\t\t\t\t<\/div>\n\t\t\t\t<div class=\"elementor-element elementor-element-289e537 elementor-widget elementor-widget-text-editor\" data-id=\"289e537\" data-element_type=\"widget\" data-widget_type=\"text-editor.default\">\n\t\t\t\t<div class=\"elementor-widget-container\">\n\t\t\t\t\t\t\t\t\t<p><strong>Les activit\u00e9s \u00e0 ne pas manquer :<\/strong><\/p><p>La<strong> baignade <\/strong>dans les eaux turquoise du lac est un incontournable. Les <strong>plages de Bauduen, Les Salles-sur-Verdon ou Sainte-Croix-du-Verdon\u00a0<\/strong>sont id\u00e9ales pour se d\u00e9tendre, nager ou simplement profiter du soleil.<\/p><p>Le<strong> paddle <\/strong>ou le<strong> cano\u00eb <\/strong>permettent d\u2019explorer les criques sauvages et de remonter jusqu\u2019\u00e0 l\u2019entr\u00e9e des gorges du Verdon, o\u00f9 les falaises se resserrent et offrent un d\u00e9cor grandiose. Plusieurs bases nautiques proposent des locations \u00e0 l\u2019heure ou \u00e0 la journ\u00e9e.<\/p><p>La<strong> randonn\u00e9e <\/strong>autour du lac ou dans les gorges est un vrai plaisir. Le<strong>\u00a0sentier du Bastidon<\/strong>, sur les hauteurs, offre des vues panoramiques sur les gorges et le lac. Le\u00a0<strong>GR\u00ae 4<\/strong>, qui traverse le parc du Verdon, permet de relier les villages tout en d\u00e9couvrant la flore m\u00e9diterran\u00e9enne. Pour une balade plus accessible, le<strong> chemin du lac\u00a0<\/strong>entre Les Salles et Sainte-Croix longe les rives dans une ambiance apaisante.<\/p>\t\t\t\t\t\t\t\t<\/div>\n\t\t\t\t<\/div>\n\t\t\t\t<div class=\"elementor-element elementor-element-a71b15c elementor-widget elementor-widget-shortcode\" data-id=\"a71b15c\" data-element_type=\"widget\" data-widget_type=\"shortcode.default\">\n\t\t\t\t<div class=\"elementor-widget-container\">\n\t\t\t\t\t\t\t<div class=\"elementor-shortcode\"><\/div>\n\t\t\t\t\t\t<\/div>\n\t\t\t\t<\/div>\n\t\t\t\t<div class=\"elementor-element elementor-element-7841907 elementor-widget elementor-widget-text-editor\" data-id=\"7841907\" data-element_type=\"widget\" data-widget_type=\"text-editor.default\">\n\t\t\t\t<div class=\"elementor-widget-container\">\n\t\t\t\t\t\t\t\t\t<p><strong>Les circuits touristiques \u00e0 explorer :<\/strong><\/p><p>Le<strong> circuit des villages perch\u00e9s\u00a0<\/strong>est l\u2019occasion de d\u00e9couvrir <strong>Moustiers-Sainte-Marie<\/strong>, c\u00e9l\u00e8bre pour sa <strong>fa\u00efence<\/strong> et son \u00e9toile suspendue entre deux falaises, ou <strong>Aiguines<\/strong>, avec son ch\u00e2teau dominant le lac et ses ateliers de tournage sur bois.<\/p><p>La<strong> route des cr\u00eates <\/strong>dans les gorges du Verdon offre des belv\u00e9d\u00e8res spectaculaires comme le\u00a0<strong>Point Sublime<\/strong>, le\u00a0<strong>belv\u00e9d\u00e8re de la Dent d\u2019Aire<\/strong>\u00a0ou celui du\u00a0<strong>col d\u2019Illoire<\/strong>, parfaits pour admirer les falaises et les vols de vautours.<\/p><p>Les <strong>march\u00e9s proven\u00e7aux <\/strong>\u00e0\u00a0<strong>Riez<\/strong>,\u00a0<strong>Aups<\/strong>\u00a0ou\u00a0<strong>Moustiers<\/strong>\u00a0permettent de go\u00fbter aux produits locaux : miel de lavande, fromage de ch\u00e8vre, huile d\u2019olive et herbes du maquis.<\/p>\t\t\t\t\t\t\t\t<\/div>\n\t\t\t\t<\/div>\n\t\t\t\t<div class=\"elementor-element elementor-element-2e4a29d elementor-widget elementor-widget-image\" data-id=\"2e4a29d\" data-element_type=\"widget\" data-widget_type=\"image.default\">\n\t\t\t\t<div class=\"elementor-widget-container\">\n\t\t\t\t\t\t\t\t\t\t\t\t\t\t\t<img  loading=\"lazy\" decoding=\"async\" width=\"809\" height=\"610\"  src=\"data:image\/gif;base64,R0lGODlhAQABAIAAAAAAAP\/\/\/yH5BAEAAAAALAAAAAABAAEAAAIBRAA7\" data-lazy-src=\"https:\/\/media.atlasformen.com\/blogmedia\/uploads\/2025\/09\/verdon.jpg\"  class=\"attachment-large size-large wp-image-25883\" alt=\"gorges du verdon france\" srcset=\"https:\/\/media.atlasformen.com\/blogmedia\/uploads\/2025\/09\/verdon.jpg 809w, https:\/\/media.atlasformen.com\/blogmedia\/uploads\/2025\/09\/verdon-300x226.jpg 300w, https:\/\/media.atlasformen.com\/blogmedia\/uploads\/2025\/09\/verdon-768x579.jpg 768w, https:\/\/media.atlasformen.com\/blogmedia\/uploads\/2025\/09\/verdon-24x18.jpg 24w, https:\/\/media.atlasformen.com\/blogmedia\/uploads\/2025\/09\/verdon-36x27.jpg 36w, https:\/\/media.atlasformen.com\/blogmedia\/uploads\/2025\/09\/verdon-48x36.jpg 48w\" sizes=\"(max-width: 809px) 100vw, 809px\" \/><noscript><img  loading=\"lazy\" decoding=\"async\" width=\"809\" height=\"610\"  src=\"https:\/\/media.atlasformen.com\/blogmedia\/uploads\/2025\/09\/verdon.jpg\"  class=\"attachment-large size-large wp-image-25883\" alt=\"gorges du verdon france\" srcset=\"https:\/\/media.atlasformen.com\/blogmedia\/uploads\/2025\/09\/verdon.jpg 809w, https:\/\/media.atlasformen.com\/blogmedia\/uploads\/2025\/09\/verdon-300x226.jpg 300w, https:\/\/media.atlasformen.com\/blogmedia\/uploads\/2025\/09\/verdon-768x579.jpg 768w, https:\/\/media.atlasformen.com\/blogmedia\/uploads\/2025\/09\/verdon-24x18.jpg 24w, https:\/\/media.atlasformen.com\/blogmedia\/uploads\/2025\/09\/verdon-36x27.jpg 36w, https:\/\/media.atlasformen.com\/blogmedia\/uploads\/2025\/09\/verdon-48x36.jpg 48w\" sizes=\"(max-width: 809px) 100vw, 809px\" \/><\/noscript>\t\t\t\t\t\t\t\t\t\t\t\t\t\t\t<\/div>\n\t\t\t\t<\/div>\n\t\t\t\t<div class=\"elementor-element elementor-element-df4a54d elementor-widget elementor-widget-heading\" data-id=\"df4a54d\" data-element_type=\"widget\" data-widget_type=\"heading.default\">\n\t\t\t\t<div class=\"elementor-widget-container\">\n\t\t\t\t\t<h3 class=\"elementor-heading-title elementor-size-default\">O\u00f9 dormir sans se ruiner ?<\/h3>\t\t\t\t<\/div>\n\t\t\t\t<\/div>\n\t\t\t\t<div class=\"elementor-element elementor-element-40280f5 elementor-widget elementor-widget-text-editor\" data-id=\"40280f5\" data-element_type=\"widget\" data-widget_type=\"text-editor.default\">\n\t\t\t\t<div class=\"elementor-widget-container\">\n\t\t\t\t\t\t\t\t\t<p>Pour prolonger l\u2019\u00e9t\u00e9 sans faire flamber son budget, ces r\u00e9gions offrent une belle palette d\u2019h\u00e9bergements nature, accessibles et pleins de charme. Pour vous loger \u00e0 prix doux, tout en restant proche de la nature, pensez aux options suivantes :<\/p><p>Les <strong>campings familiaux <\/strong>souvent ombrag\u00e9s, en bord de rivi\u00e8re, de lac ou de mer, parfaits pour les amateurs de r\u00e9veils en plein air et de baignades matinales\u00a0;<\/p><p>Les <strong>g\u00eetes ruraux <\/strong>ou\u00a0<strong>maisons traditionnelles<\/strong>, tenus par des h\u00f4tes passionn\u00e9s qui partagent volontiers leurs conseils pour explorer les environs\u00a0;<\/p><p>Les <strong>h\u00e9bergements insolites <\/strong>comme les\u00a0<strong>cabanes en bois<\/strong>, les\u00a0<strong>tiny houses<\/strong>, les\u00a0<strong>tentes lodge<\/strong>ou m\u00eame les\u00a0<strong>bulles transparentes<\/strong>. Nich\u00e9s en for\u00eat, dans les marais ou sur les hauteurs, ils permettent une immersion douce et d\u00e9paysante.<\/p><p>Certains proposent m\u00eame des petits-d\u00e9jeuners maison, avec pain frais, confiture locale ou fromage du coin.<\/p>\t\t\t\t\t\t\t\t<\/div>\n\t\t\t\t<\/div>\n\t\t\t\t\t<\/div>\n\t\t<\/div>\n\t\t\t\t\t<\/div>\n\t\t<\/section>\n\t\t\t\t<section class=\"elementor-section elementor-top-section elementor-element elementor-element-c26287a elementor-section-boxed elementor-section-height-default elementor-section-height-default\" data-id=\"c26287a\" data-element_type=\"section\">\n\t\t\t\t\t\t<div class=\"elementor-container elementor-column-gap-default\">\n\t\t\t\t\t<div class=\"elementor-column elementor-col-100 elementor-top-column elementor-element elementor-element-12b31b4e\" data-id=\"12b31b4e\" data-element_type=\"column\">\n\t\t\t<div class=\"elementor-widget-wrap elementor-element-populated\">\n\t\t\t\t\t\t<div class=\"elementor-element elementor-element-25cb26aa elementor-widget elementor-widget-text-editor\" data-id=\"25cb26aa\" data-element_type=\"widget\" data-widget_type=\"text-editor.default\">\n\t\t\t\t<div class=\"elementor-widget-container\">\n\t\t\t\t\t\t\t\t\t<p>Et si vous voulez plus d&#8217;inspiration pour vos prochaines escapades, d\u00e9couvrez notre <a href=\"https:\/\/www.atlasformen.fr\/blog\/explorer\/france\/itineraire-france-eau\/\" target=\"_blank\" rel=\"noopener\"><span style=\"text-decoration: underline;\"><strong>top 5 des itin\u00e9raires au bord de l&#8217;eau<\/strong><\/span><\/a> ou encore notre top <a href=\"https:\/\/www.atlasformen.fr\/blog\/explorer\/france\/destination-france-weekend\/\" target=\"_blank\" rel=\"noopener\"><span style=\"text-decoration: underline;\"><strong>5 des destinations en France pour un week-end prolong\u00e9<\/strong><\/span><\/a>.\u00a0<\/p>\t\t\t\t\t\t\t\t<\/div>\n\t\t\t\t<\/div>\n\t\t\t\t\t<\/div>\n\t\t<\/div>\n\t\t\t\t\t<\/div>\n\t\t<\/section>\n\t\t\t\t<section class=\"elementor-section elementor-top-section elementor-element elementor-element-60d2600c elementor-section-boxed elementor-section-height-default elementor-section-height-default\" data-id=\"60d2600c\" data-element_type=\"section\">\n\t\t\t\t\t\t<div class=\"elementor-container elementor-column-gap-default\">\n\t\t\t\t\t<div class=\"elementor-column elementor-col-100 elementor-top-column elementor-element elementor-element-2f5dce32\" data-id=\"2f5dce32\" data-element_type=\"column\">\n\t\t\t<div class=\"elementor-widget-wrap elementor-element-populated\">\n\t\t\t\t\t\t<div class=\"elementor-element elementor-element-45197b17 elementor-widget elementor-widget-text-editor\" data-id=\"45197b17\" data-element_type=\"widget\" data-widget_type=\"text-editor.default\">\n\t\t\t\t<div class=\"elementor-widget-container\">\n\t\t\t\t\t\t\t\t\t<p><strong>Quelle destination vous donne le plus envie ?<\/strong><\/p>\t\t\t\t\t\t\t\t<\/div>\n\t\t\t\t<\/div>\n\t\t\t\t\t<\/div>\n\t\t<\/div>\n\t\t\t\t\t<\/div>\n\t\t<\/section>\n\t\t\t\t<\/div>\n\t\t","protected":false},"excerpt":{"rendered":"<p>Conviviales et joyeuses, les f\u00eates de fin d\u2019ann\u00e9e sont l\u2019occasion de cr\u00e9er des moments de partage avec ses proches, petits ou grands. Chacun peut aider \u00e0 confectionner des amuse-bouche sal\u00e9s ou sucr\u00e9s dont la forme et les d\u00e9cors \u00e9voquent la p\u00e9riode de No\u00ebl. Les Gorges du Tarn : entre falaises, rivi\u00e8res et villages suspendus \u00c0 &hellip;<\/p>\n","protected":false},"author":12,"featured_media":25884,"comment_status":"open","ping_status":"open","sticky":false,"template":"","format":"standard","meta":{"footnotes":""},"categories":[119,114],"tags":[164,156],"class_list":["post-25876","post","type-post","status-publish","format-standard","has-post-thumbnail","hentry","category-france","category-explorer","tag-explorer","tag-france"],"yoast_head":"<!-- This site is optimized with the Yoast SEO plugin v25.2 - https:\/\/yoast.com\/wordpress\/plugins\/seo\/ -->\r\n<title>Top 5 des destinations pour prolonger l\u2019\u00e9t\u00e9 | Atlas For Men<\/title>\r\n<meta name=\"description\" content=\"Envie de prolonger l&#039;\u00e9t\u00e9 ? D\u00e9couvrez notre top 5 des destinations en France pour s&#039;\u00e9vader et profiter du mois de septembre !\" \/>\r\n<meta name=\"robots\" content=\"index,follow,archive\" \/>\r\n<link rel=\"canonical\" href=\"https:\/\/preprodmvc.atlasformen.fr\/blog\/explorer\/france\/destination-septembre-france\/\" \/>\r\n<meta property=\"og:locale\" content=\"en_US\" \/>\r\n<meta property=\"og:type\" content=\"article\" \/>\r\n<meta property=\"og:title\" content=\"Top 5 des destinations pour prolonger l\u2019\u00e9t\u00e9 | Atlas For Men\" \/>\r\n<meta property=\"og:description\" content=\"Envie de prolonger l&#039;\u00e9t\u00e9 ? D\u00e9couvrez notre top 5 des destinations en France pour s&#039;\u00e9vader et profiter du mois de septembre !\" \/>\r\n<meta property=\"og:url\" content=\"https:\/\/preprodmvc.atlasformen.fr\/blog\/explorer\/france\/destination-septembre-france\/\" \/>\r\n<meta property=\"og:site_name\" content=\"Atlas For Men Blog\" \/>\r\n<meta property=\"article:publisher\" content=\"https:\/\/www.facebook.com\/AtlasForMen\/\" \/>\r\n<meta property=\"article:published_time\" content=\"2025-09-11T13:05:53+00:00\" \/>\r\n<meta property=\"article:modified_time\" content=\"2025-09-11T13:06:58+00:00\" \/>\r\n<meta property=\"og:image\" content=\"https:\/\/media.atlasformen.com\/blogmedia\/uploads\/2025\/09\/destinations-pour-prolonger-lete.jpg\" \/>\r\n\t<meta property=\"og:image:width\" content=\"809\" \/>\r\n\t<meta property=\"og:image:height\" content=\"610\" \/>\r\n\t<meta property=\"og:image:type\" content=\"image\/jpeg\" \/>\r\n<meta name=\"author\" content=\"Hanna Rizzo\" \/>\r\n<meta name=\"twitter:card\" content=\"summary_large_image\" \/>\r\n<meta name=\"twitter:creator\" content=\"@atlas_for_men\" \/>\r\n<meta name=\"twitter:site\" content=\"@atlas_for_men\" \/>\r\n<meta name=\"twitter:label1\" content=\"Written by\" \/>\n\t<meta name=\"twitter:data1\" content=\"Hanna Rizzo\" \/>\n\t<meta name=\"twitter:label2\" content=\"Est. reading time\" \/>\n\t<meta name=\"twitter:data2\" content=\"10 minutes\" \/>\r\n<script type=\"application\/ld+json\" class=\"yoast-schema-graph\">{\"@context\":\"https:\/\/schema.org\",\"@graph\":[{\"@type\":\"Article\",\"@id\":\"https:\/\/preprodmvc.atlasformen.fr\/blog\/explorer\/france\/destination-septembre-france\/#article\",\"isPartOf\":{\"@id\":\"https:\/\/preprodmvc.atlasformen.fr\/blog\/explorer\/france\/destination-septembre-france\/\"},\"author\":{\"name\":\"Hanna Rizzo\",\"@id\":\"https:\/\/www.atlasformen.fr\/blog\/#\/schema\/person\/093990babf323556d1ed802728d3ef74\"},\"headline\":\"Top 5 des destinations pour prolonger l\u2019\u00e9t\u00e9\",\"datePublished\":\"2025-09-11T13:05:53+00:00\",\"dateModified\":\"2025-09-11T13:06:58+00:00\",\"mainEntityOfPage\":{\"@id\":\"https:\/\/preprodmvc.atlasformen.fr\/blog\/explorer\/france\/destination-septembre-france\/\"},\"wordCount\":2061,\"commentCount\":0,\"publisher\":{\"@id\":\"https:\/\/www.atlasformen.fr\/blog\/#organization\"},\"image\":{\"@id\":\"https:\/\/preprodmvc.atlasformen.fr\/blog\/explorer\/france\/destination-septembre-france\/#primaryimage\"},\"thumbnailUrl\":\"https:\/\/media.atlasformen.com\/blogmedia\/uploads\/2025\/09\/destinations-pour-prolonger-lete.jpg\",\"keywords\":[\"Explorer\",\"France\"],\"articleSection\":[\"En France\",\"Explorer\"],\"inLanguage\":\"en-US\",\"potentialAction\":[{\"@type\":\"CommentAction\",\"name\":\"Comment\",\"target\":[\"https:\/\/preprodmvc.atlasformen.fr\/blog\/explorer\/france\/destination-septembre-france\/#respond\"]}]},{\"@type\":\"WebPage\",\"@id\":\"https:\/\/preprodmvc.atlasformen.fr\/blog\/explorer\/france\/destination-septembre-france\/\",\"url\":\"https:\/\/preprodmvc.atlasformen.fr\/blog\/explorer\/france\/destination-septembre-france\/\",\"name\":\"Top 5 des destinations pour prolonger l\u2019\u00e9t\u00e9 | Atlas For Men\",\"isPartOf\":{\"@id\":\"https:\/\/www.atlasformen.fr\/blog\/#website\"},\"primaryImageOfPage\":{\"@id\":\"https:\/\/preprodmvc.atlasformen.fr\/blog\/explorer\/france\/destination-septembre-france\/#primaryimage\"},\"image\":{\"@id\":\"https:\/\/preprodmvc.atlasformen.fr\/blog\/explorer\/france\/destination-septembre-france\/#primaryimage\"},\"thumbnailUrl\":\"https:\/\/media.atlasformen.com\/blogmedia\/uploads\/2025\/09\/destinations-pour-prolonger-lete.jpg\",\"datePublished\":\"2025-09-11T13:05:53+00:00\",\"dateModified\":\"2025-09-11T13:06:58+00:00\",\"description\":\"Envie de prolonger l'\u00e9t\u00e9 ? D\u00e9couvrez notre top 5 des destinations en France pour s'\u00e9vader et profiter du mois de septembre !\",\"breadcrumb\":{\"@id\":\"https:\/\/preprodmvc.atlasformen.fr\/blog\/explorer\/france\/destination-septembre-france\/#breadcrumb\"},\"inLanguage\":\"en-US\",\"potentialAction\":[{\"@type\":\"ReadAction\",\"target\":[\"https:\/\/preprodmvc.atlasformen.fr\/blog\/explorer\/france\/destination-septembre-france\/\"]}]},{\"@type\":\"ImageObject\",\"inLanguage\":\"en-US\",\"@id\":\"https:\/\/preprodmvc.atlasformen.fr\/blog\/explorer\/france\/destination-septembre-france\/#primaryimage\",\"url\":\"https:\/\/media.atlasformen.com\/blogmedia\/uploads\/2025\/09\/destinations-pour-prolonger-lete.jpg\",\"contentUrl\":\"https:\/\/media.atlasformen.com\/blogmedia\/uploads\/2025\/09\/destinations-pour-prolonger-lete.jpg\",\"width\":809,\"height\":610,\"caption\":\"destination france septembre\"},{\"@type\":\"BreadcrumbList\",\"@id\":\"https:\/\/preprodmvc.atlasformen.fr\/blog\/explorer\/france\/destination-septembre-france\/#breadcrumb\",\"itemListElement\":[{\"@type\":\"ListItem\",\"position\":1,\"name\":\"Vivez l\u2019aventure\",\"item\":\"https:\/\/www.atlasformen.fr\/blog\/\"},{\"@type\":\"ListItem\",\"position\":2,\"name\":\"Explorer\",\"item\":\"https:\/\/www.atlasformen.fr\/blog\/categorie\/explorer\/\"},{\"@type\":\"ListItem\",\"position\":3,\"name\":\"En France\",\"item\":\"https:\/\/www.atlasformen.fr\/blog\/categorie\/explorer\/france\/\"},{\"@type\":\"ListItem\",\"position\":4,\"name\":\"Top 5 des destinations pour prolonger l\u2019\u00e9t\u00e9\"}]},{\"@type\":\"WebSite\",\"@id\":\"https:\/\/www.atlasformen.fr\/blog\/#website\",\"url\":\"https:\/\/www.atlasformen.fr\/blog\/\",\"name\":\"Atlas For Men Blog\",\"description\":\"Atlas For Men Blog\",\"publisher\":{\"@id\":\"https:\/\/www.atlasformen.fr\/blog\/#organization\"},\"potentialAction\":[{\"@type\":\"SearchAction\",\"target\":{\"@type\":\"EntryPoint\",\"urlTemplate\":\"https:\/\/www.atlasformen.fr\/blog\/?s={search_term_string}\"},\"query-input\":{\"@type\":\"PropertyValueSpecification\",\"valueRequired\":true,\"valueName\":\"search_term_string\"}}],\"inLanguage\":\"en-US\"},{\"@type\":\"Organization\",\"@id\":\"https:\/\/www.atlasformen.fr\/blog\/#organization\",\"name\":\"Atlas For Men\",\"url\":\"https:\/\/www.atlasformen.fr\/blog\/\",\"logo\":{\"@type\":\"ImageObject\",\"inLanguage\":\"en-US\",\"@id\":\"https:\/\/www.atlasformen.fr\/blog\/#\/schema\/logo\/image\/\",\"url\":\"https:\/\/media.atlasformen.com\/blogmedia\/uploads\/2018\/11\/logo_1-1.png\",\"contentUrl\":\"https:\/\/media.atlasformen.com\/blogmedia\/uploads\/2018\/11\/logo_1-1.png\",\"width\":200,\"height\":111,\"caption\":\"Atlas For Men\"},\"image\":{\"@id\":\"https:\/\/www.atlasformen.fr\/blog\/#\/schema\/logo\/image\/\"},\"sameAs\":[\"https:\/\/www.facebook.com\/AtlasForMen\/\",\"https:\/\/x.com\/atlas_for_men\",\"https:\/\/www.instagram.com\/atlasformen\/\",\"https:\/\/www.pinterest.fr\/atlasformen\/\",\"https:\/\/www.youtube.com\/user\/AtlasForMenFrance\"]},{\"@type\":\"Person\",\"@id\":\"https:\/\/www.atlasformen.fr\/blog\/#\/schema\/person\/093990babf323556d1ed802728d3ef74\",\"name\":\"Hanna Rizzo\",\"image\":{\"@type\":\"ImageObject\",\"inLanguage\":\"en-US\",\"@id\":\"https:\/\/www.atlasformen.fr\/blog\/#\/schema\/person\/image\/\",\"url\":\"https:\/\/secure.gravatar.com\/avatar\/10b697751e22bae3f6b9c2ccf41005fbe4723719d0563218643bfe02861139cf?s=96&d=mm&r=g\",\"contentUrl\":\"https:\/\/secure.gravatar.com\/avatar\/10b697751e22bae3f6b9c2ccf41005fbe4723719d0563218643bfe02861139cf?s=96&d=mm&r=g\",\"caption\":\"Hanna Rizzo\"},\"url\":\"https:\/\/www.atlasformen.fr\/blog\/author\/hrizzo\/\"}]}<\/script>\r\n<!-- \/ Yoast SEO plugin. -->","yoast_head_json":{"title":"Top 5 des destinations pour prolonger l\u2019\u00e9t\u00e9 | Atlas For Men","description":"Envie de prolonger l'\u00e9t\u00e9 ? D\u00e9couvrez notre top 5 des destinations en France pour s'\u00e9vader et profiter du mois de septembre !","robots":{"index,follow,archive":"index,follow,archive"},"canonical":"https:\/\/preprodmvc.atlasformen.fr\/blog\/explorer\/france\/destination-septembre-france\/","og_locale":"en_US","og_type":"article","og_title":"Top 5 des destinations pour prolonger l\u2019\u00e9t\u00e9 | Atlas For Men","og_description":"Envie de prolonger l'\u00e9t\u00e9 ? D\u00e9couvrez notre top 5 des destinations en France pour s'\u00e9vader et profiter du mois de septembre !","og_url":"https:\/\/preprodmvc.atlasformen.fr\/blog\/explorer\/france\/destination-septembre-france\/","og_site_name":"Atlas For Men Blog","article_publisher":"https:\/\/www.facebook.com\/AtlasForMen\/","article_published_time":"2025-09-11T13:05:53+00:00","article_modified_time":"2025-09-11T13:06:58+00:00","og_image":[{"width":809,"height":610,"url":"https:\/\/media.atlasformen.com\/blogmedia\/uploads\/2025\/09\/destinations-pour-prolonger-lete.jpg","type":"image\/jpeg"}],"author":"Hanna Rizzo","twitter_card":"summary_large_image","twitter_creator":"@atlas_for_men","twitter_site":"@atlas_for_men","twitter_misc":{"Written by":"Hanna Rizzo","Est. reading time":"10 minutes"},"schema":{"@context":"https:\/\/schema.org","@graph":[{"@type":"Article","@id":"https:\/\/preprodmvc.atlasformen.fr\/blog\/explorer\/france\/destination-septembre-france\/#article","isPartOf":{"@id":"https:\/\/preprodmvc.atlasformen.fr\/blog\/explorer\/france\/destination-septembre-france\/"},"author":{"name":"Hanna Rizzo","@id":"https:\/\/www.atlasformen.fr\/blog\/#\/schema\/person\/093990babf323556d1ed802728d3ef74"},"headline":"Top 5 des destinations pour prolonger l\u2019\u00e9t\u00e9","datePublished":"2025-09-11T13:05:53+00:00","dateModified":"2025-09-11T13:06:58+00:00","mainEntityOfPage":{"@id":"https:\/\/preprodmvc.atlasformen.fr\/blog\/explorer\/france\/destination-septembre-france\/"},"wordCount":2061,"commentCount":0,"publisher":{"@id":"https:\/\/www.atlasformen.fr\/blog\/#organization"},"image":{"@id":"https:\/\/preprodmvc.atlasformen.fr\/blog\/explorer\/france\/destination-septembre-france\/#primaryimage"},"thumbnailUrl":"https:\/\/media.atlasformen.com\/blogmedia\/uploads\/2025\/09\/destinations-pour-prolonger-lete.jpg","keywords":["Explorer","France"],"articleSection":["En France","Explorer"],"inLanguage":"en-US","potentialAction":[{"@type":"CommentAction","name":"Comment","target":["https:\/\/preprodmvc.atlasformen.fr\/blog\/explorer\/france\/destination-septembre-france\/#respond"]}]},{"@type":"WebPage","@id":"https:\/\/preprodmvc.atlasformen.fr\/blog\/explorer\/france\/destination-septembre-france\/","url":"https:\/\/preprodmvc.atlasformen.fr\/blog\/explorer\/france\/destination-septembre-france\/","name":"Top 5 des destinations pour prolonger l\u2019\u00e9t\u00e9 | Atlas For Men","isPartOf":{"@id":"https:\/\/www.atlasformen.fr\/blog\/#website"},"primaryImageOfPage":{"@id":"https:\/\/preprodmvc.atlasformen.fr\/blog\/explorer\/france\/destination-septembre-france\/#primaryimage"},"image":{"@id":"https:\/\/preprodmvc.atlasformen.fr\/blog\/explorer\/france\/destination-septembre-france\/#primaryimage"},"thumbnailUrl":"https:\/\/media.atlasformen.com\/blogmedia\/uploads\/2025\/09\/destinations-pour-prolonger-lete.jpg","datePublished":"2025-09-11T13:05:53+00:00","dateModified":"2025-09-11T13:06:58+00:00","description":"Envie de prolonger l'\u00e9t\u00e9 ? D\u00e9couvrez notre top 5 des destinations en France pour s'\u00e9vader et profiter du mois de septembre !","breadcrumb":{"@id":"https:\/\/preprodmvc.atlasformen.fr\/blog\/explorer\/france\/destination-septembre-france\/#breadcrumb"},"inLanguage":"en-US","potentialAction":[{"@type":"ReadAction","target":["https:\/\/preprodmvc.atlasformen.fr\/blog\/explorer\/france\/destination-septembre-france\/"]}]},{"@type":"ImageObject","inLanguage":"en-US","@id":"https:\/\/preprodmvc.atlasformen.fr\/blog\/explorer\/france\/destination-septembre-france\/#primaryimage","url":"https:\/\/media.atlasformen.com\/blogmedia\/uploads\/2025\/09\/destinations-pour-prolonger-lete.jpg","contentUrl":"https:\/\/media.atlasformen.com\/blogmedia\/uploads\/2025\/09\/destinations-pour-prolonger-lete.jpg","width":809,"height":610,"caption":"destination france septembre"},{"@type":"BreadcrumbList","@id":"https:\/\/preprodmvc.atlasformen.fr\/blog\/explorer\/france\/destination-septembre-france\/#breadcrumb","itemListElement":[{"@type":"ListItem","position":1,"name":"Vivez l\u2019aventure","item":"https:\/\/www.atlasformen.fr\/blog\/"},{"@type":"ListItem","position":2,"name":"Explorer","item":"https:\/\/www.atlasformen.fr\/blog\/categorie\/explorer\/"},{"@type":"ListItem","position":3,"name":"En France","item":"https:\/\/www.atlasformen.fr\/blog\/categorie\/explorer\/france\/"},{"@type":"ListItem","position":4,"name":"Top 5 des destinations pour prolonger l\u2019\u00e9t\u00e9"}]},{"@type":"WebSite","@id":"https:\/\/www.atlasformen.fr\/blog\/#website","url":"https:\/\/www.atlasformen.fr\/blog\/","name":"Atlas For Men Blog","description":"Atlas For Men Blog","publisher":{"@id":"https:\/\/www.atlasformen.fr\/blog\/#organization"},"potentialAction":[{"@type":"SearchAction","target":{"@type":"EntryPoint","urlTemplate":"https:\/\/www.atlasformen.fr\/blog\/?s={search_term_string}"},"query-input":{"@type":"PropertyValueSpecification","valueRequired":true,"valueName":"search_term_string"}}],"inLanguage":"en-US"},{"@type":"Organization","@id":"https:\/\/www.atlasformen.fr\/blog\/#organization","name":"Atlas For Men","url":"https:\/\/www.atlasformen.fr\/blog\/","logo":{"@type":"ImageObject","inLanguage":"en-US","@id":"https:\/\/www.atlasformen.fr\/blog\/#\/schema\/logo\/image\/","url":"https:\/\/media.atlasformen.com\/blogmedia\/uploads\/2018\/11\/logo_1-1.png","contentUrl":"https:\/\/media.atlasformen.com\/blogmedia\/uploads\/2018\/11\/logo_1-1.png","width":200,"height":111,"caption":"Atlas For Men"},"image":{"@id":"https:\/\/www.atlasformen.fr\/blog\/#\/schema\/logo\/image\/"},"sameAs":["https:\/\/www.facebook.com\/AtlasForMen\/","https:\/\/x.com\/atlas_for_men","https:\/\/www.instagram.com\/atlasformen\/","https:\/\/www.pinterest.fr\/atlasformen\/","https:\/\/www.youtube.com\/user\/AtlasForMenFrance"]},{"@type":"Person","@id":"https:\/\/www.atlasformen.fr\/blog\/#\/schema\/person\/093990babf323556d1ed802728d3ef74","name":"Hanna Rizzo","image":{"@type":"ImageObject","inLanguage":"en-US","@id":"https:\/\/www.atlasformen.fr\/blog\/#\/schema\/person\/image\/","url":"https:\/\/secure.gravatar.com\/avatar\/10b697751e22bae3f6b9c2ccf41005fbe4723719d0563218643bfe02861139cf?s=96&d=mm&r=g","contentUrl":"https:\/\/secure.gravatar.com\/avatar\/10b697751e22bae3f6b9c2ccf41005fbe4723719d0563218643bfe02861139cf?s=96&d=mm&r=g","caption":"Hanna Rizzo"},"url":"https:\/\/www.atlasformen.fr\/blog\/author\/hrizzo\/"}]}},"_links":{"self":[{"href":"https:\/\/www.atlasformen.fr\/blog\/wp-json\/wp\/v2\/posts\/25876","targetHints":{"allow":["GET"]}}],"collection":[{"href":"https:\/\/www.atlasformen.fr\/blog\/wp-json\/wp\/v2\/posts"}],"about":[{"href":"https:\/\/www.atlasformen.fr\/blog\/wp-json\/wp\/v2\/types\/post"}],"author":[{"embeddable":true,"href":"https:\/\/www.atlasformen.fr\/blog\/wp-json\/wp\/v2\/users\/12"}],"replies":[{"embeddable":true,"href":"https:\/\/www.atlasformen.fr\/blog\/wp-json\/wp\/v2\/comments?post=25876"}],"version-history":[{"count":24,"href":"https:\/\/www.atlasformen.fr\/blog\/wp-json\/wp\/v2\/posts\/25876\/revisions"}],"predecessor-version":[{"id":25947,"href":"https:\/\/www.atlasformen.fr\/blog\/wp-json\/wp\/v2\/posts\/25876\/revisions\/25947"}],"wp:featuredmedia":[{"embeddable":true,"href":"https:\/\/www.atlasformen.fr\/blog\/wp-json\/wp\/v2\/media\/25884"}],"wp:attachment":[{"href":"https:\/\/www.atlasformen.fr\/blog\/wp-json\/wp\/v2\/media?parent=25876"}],"wp:term":[{"taxonomy":"category","embeddable":true,"href":"https:\/\/www.atlasformen.fr\/blog\/wp-json\/wp\/v2\/categories?post=25876"},{"taxonomy":"post_tag","embeddable":true,"href":"https:\/\/www.atlasformen.fr\/blog\/wp-json\/wp\/v2\/tags?post=25876"}],"curies":[{"name":"wp","href":"https:\/\/api.w.org\/{rel}","templated":true}]}}