{"id":25950,"date":"2025-09-17T14:01:58","date_gmt":"2025-09-17T12:01:58","guid":{"rendered":"https:\/\/preprodmvc.atlasformen.fr\/blog\/?p=25950"},"modified":"2025-09-17T14:07:51","modified_gmt":"2025-09-17T12:07:51","slug":"yoga-debuter-conseils","status":"publish","type":"post","link":"https:\/\/www.atlasformen.fr\/blog\/bouger\/randonnee\/yoga-debuter-conseils\/","title":{"rendered":"Yoga : nos conseils pour d\u00e9buter"},"content":{"rendered":"\t\t<div data-elementor-type=\"wp-post\" data-elementor-id=\"25950\" class=\"elementor elementor-25950\">\n\t\t\t\t\t\t<section class=\"elementor-section elementor-top-section elementor-element elementor-element-4a27ca0 elementor-section-boxed elementor-section-height-default elementor-section-height-default\" data-id=\"4a27ca0\" data-element_type=\"section\">\n\t\t\t\t\t\t<div class=\"elementor-container elementor-column-gap-default\">\n\t\t\t\t\t<div class=\"elementor-column elementor-col-100 elementor-top-column elementor-element elementor-element-c2a3b10\" data-id=\"c2a3b10\" data-element_type=\"column\">\n\t\t\t<div class=\"elementor-widget-wrap elementor-element-populated\">\n\t\t\t\t\t\t<div class=\"elementor-element elementor-element-f998009 elementor-widget elementor-widget-text-editor\" data-id=\"f998009\" data-element_type=\"widget\" data-widget_type=\"text-editor.default\">\n\t\t\t\t<div class=\"elementor-widget-container\">\n\t\t\t\t\t\t\t\t\t<p><em>Profond\u00e9ment ancr\u00e9 dans les traditions orientales, le yoga est parfois entour\u00e9 d\u2019id\u00e9es re\u00e7ues. Certains l\u2019imaginent r\u00e9serv\u00e9 aux initi\u00e9s ou aux contorsionnistes, alors qu\u2019il s\u2019adresse en r\u00e9alit\u00e9 \u00e0 toutes et tous, quels que soient l\u2019\u00e2ge, la condition physique ou le niveau d\u2019exp\u00e9rience. Accessible et adaptable, le yoga peut devenir un v\u00e9ritable alli\u00e9 pour retrouver de l\u2019\u00e9nergie, r\u00e9duire le stress ou simplement prendre soin de soi. Envie de vous lancer ? D\u00e9couvrez les styles de yoga qui vous correspondent, les effets positifs sur le corps et l\u2019esprit, et les meilleures fa\u00e7ons de commencer sans pression.<\/em><\/p>\t\t\t\t\t\t\t\t<\/div>\n\t\t\t\t<\/div>\n\t\t\t\t<div class=\"elementor-element elementor-element-7ed61c8 elementor-widget elementor-widget-heading\" data-id=\"7ed61c8\" data-element_type=\"widget\" data-widget_type=\"heading.default\">\n\t\t\t\t<div class=\"elementor-widget-container\">\n\t\t\t\t\t<h2 class=\"elementor-heading-title elementor-size-default\">Quels sont les bienfaits du yoga ?<\/h2>\t\t\t\t<\/div>\n\t\t\t\t<\/div>\n\t\t\t\t<div class=\"elementor-element elementor-element-572a7a5 elementor-widget elementor-widget-text-editor\" data-id=\"572a7a5\" data-element_type=\"widget\" data-widget_type=\"text-editor.default\">\n\t\t\t\t<div class=\"elementor-widget-container\">\n\t\t\t\t\t\t\t\t\t<p>Derri\u00e8re l\u2019image souvent id\u00e9alis\u00e9e du yoga \u2014 celle de postures gracieuses et de respirations ma\u00eetris\u00e9es \u2014 se cache une <strong>discipline compl\u00e8te<\/strong>, qui agit en profondeur sur le corps comme sur l\u2019esprit. D\u00e8s les premi\u00e8res s\u00e9ances, m\u00eame les plus simples, on commence \u00e0 percevoir des effets tangibles, parfois subtils mais toujours significatifs.<\/p><p>L\u2019un des premiers b\u00e9n\u00e9fices concerne la\u00a0<strong>posture<\/strong>. En sollicitant les muscles stabilisateurs \u2014 notamment ceux du dos, de la sangle abdominale et du plancher pelvien \u2014 le yoga contribue \u00e0 <strong>redresser la colonne vert\u00e9brale<\/strong>, \u00e0 <strong>rel\u00e2cher les tensions<\/strong> accumul\u00e9es dans les \u00e9paules ou les lombaires, et \u00e0 <strong>r\u00e9\u00e9quilibrer l\u2019alignement <\/strong>global <strong>du corps<\/strong>. Ce travail postural, souvent n\u00e9glig\u00e9 dans les activit\u00e9s quotidiennes, <strong>am\u00e9liore<\/strong> non seulement l\u2019allure mais aussi la <strong>respiration <\/strong>et la <strong>circulation<\/strong>.<\/p>\t\t\t\t\t\t\t\t<\/div>\n\t\t\t\t<\/div>\n\t\t\t\t\t<\/div>\n\t\t<\/div>\n\t\t\t\t\t<\/div>\n\t\t<\/section>\n\t\t\t\t<section class=\"elementor-section elementor-top-section elementor-element elementor-element-98585c2 elementor-section-boxed elementor-section-height-default elementor-section-height-default\" data-id=\"98585c2\" data-element_type=\"section\">\n\t\t\t\t\t\t<div class=\"elementor-container elementor-column-gap-default\">\n\t\t\t\t\t<div class=\"elementor-column elementor-col-50 elementor-top-column elementor-element elementor-element-80d661c\" data-id=\"80d661c\" data-element_type=\"column\">\n\t\t\t<div class=\"elementor-widget-wrap elementor-element-populated\">\n\t\t\t\t\t\t<div class=\"elementor-element elementor-element-1a5afa4 elementor-widget elementor-widget-text-editor\" data-id=\"1a5afa4\" data-element_type=\"widget\" data-widget_type=\"text-editor.default\">\n\t\t\t\t<div class=\"elementor-widget-container\">\n\t\t\t\t\t\t\t\t\t<p>Sur le plan mental, la pratique r\u00e9guli\u00e8re favorise la <strong>concentration<\/strong>. En se reconnectant \u00e0 sa respiration, \u00e0 ses appuis et \u00e0 ses sensations internes, on apprend \u00e0 canaliser l\u2019attention, \u00e0 r\u00e9duire les distractions et \u00e0 cultiver une forme de pr\u00e9sence attentive. Cette capacit\u00e9 \u00e0 se recentrer devient pr\u00e9cieuse dans les moments de stress ou de dispersion mentale.<\/p><p>Justement, le yoga est reconnu pour son\u00a0effet <strong>apaisant<\/strong> sur le syst\u00e8me nerveux. Les encha\u00eenements fluides, associ\u00e9s \u00e0 des techniques de respiration consciente (<em>pranayama<\/em>), activent le syst\u00e8me parasympathique, responsable du repos et de la r\u00e9cup\u00e9ration. Cela se traduit par une diminution du rythme cardiaque, une <strong>baisse <\/strong>du <strong>niveau de cortisol<\/strong> (l\u2019hormone du stress), et une sensation g\u00e9n\u00e9rale de <strong>calme<\/strong> et de rel\u00e2chement.<\/p>\t\t\t\t\t\t\t\t<\/div>\n\t\t\t\t<\/div>\n\t\t\t\t\t<\/div>\n\t\t<\/div>\n\t\t\t\t<div class=\"elementor-column elementor-col-50 elementor-top-column elementor-element elementor-element-9d91682\" data-id=\"9d91682\" data-element_type=\"column\">\n\t\t\t<div class=\"elementor-widget-wrap elementor-element-populated\">\n\t\t\t\t\t\t<div class=\"elementor-element elementor-element-05bb3bf elementor-widget elementor-widget-image\" data-id=\"05bb3bf\" data-element_type=\"widget\" data-widget_type=\"image.default\">\n\t\t\t\t<div class=\"elementor-widget-container\">\n\t\t\t\t\t\t\t\t\t\t\t\t\t\t\t<img  fetchpriority=\"high\" decoding=\"async\" width=\"749\" height=\"1024\"  src=\"data:image\/gif;base64,R0lGODlhAQABAIAAAAAAAP\/\/\/yH5BAEAAAAALAAAAAABAAEAAAIBRAA7\" data-lazy-src=\"https:\/\/media.atlasformen.com\/blogmedia\/uploads\/2025\/09\/Posture-yoga-apaisante-749x1024.jpg\"  class=\"attachment-large size-large wp-image-25987\" alt=\"Posture yoga apaisante\" srcset=\"https:\/\/media.atlasformen.com\/blogmedia\/uploads\/2025\/09\/Posture-yoga-apaisante-749x1024.jpg 749w, https:\/\/media.atlasformen.com\/blogmedia\/uploads\/2025\/09\/Posture-yoga-apaisante-219x300.jpg 219w, https:\/\/media.atlasformen.com\/blogmedia\/uploads\/2025\/09\/Posture-yoga-apaisante-768x1050.jpg 768w, https:\/\/media.atlasformen.com\/blogmedia\/uploads\/2025\/09\/Posture-yoga-apaisante-18x24.jpg 18w, https:\/\/media.atlasformen.com\/blogmedia\/uploads\/2025\/09\/Posture-yoga-apaisante-26x36.jpg 26w, https:\/\/media.atlasformen.com\/blogmedia\/uploads\/2025\/09\/Posture-yoga-apaisante-35x48.jpg 35w, https:\/\/media.atlasformen.com\/blogmedia\/uploads\/2025\/09\/Posture-yoga-apaisante.jpg 1024w\" sizes=\"(max-width: 749px) 100vw, 749px\" \/><noscript><img  fetchpriority=\"high\" decoding=\"async\" width=\"749\" height=\"1024\"  src=\"https:\/\/media.atlasformen.com\/blogmedia\/uploads\/2025\/09\/Posture-yoga-apaisante-749x1024.jpg\"  class=\"attachment-large size-large wp-image-25987\" alt=\"Posture yoga apaisante\" srcset=\"https:\/\/media.atlasformen.com\/blogmedia\/uploads\/2025\/09\/Posture-yoga-apaisante-749x1024.jpg 749w, https:\/\/media.atlasformen.com\/blogmedia\/uploads\/2025\/09\/Posture-yoga-apaisante-219x300.jpg 219w, https:\/\/media.atlasformen.com\/blogmedia\/uploads\/2025\/09\/Posture-yoga-apaisante-768x1050.jpg 768w, https:\/\/media.atlasformen.com\/blogmedia\/uploads\/2025\/09\/Posture-yoga-apaisante-18x24.jpg 18w, https:\/\/media.atlasformen.com\/blogmedia\/uploads\/2025\/09\/Posture-yoga-apaisante-26x36.jpg 26w, https:\/\/media.atlasformen.com\/blogmedia\/uploads\/2025\/09\/Posture-yoga-apaisante-35x48.jpg 35w, https:\/\/media.atlasformen.com\/blogmedia\/uploads\/2025\/09\/Posture-yoga-apaisante.jpg 1024w\" sizes=\"(max-width: 749px) 100vw, 749px\" \/><\/noscript>\t\t\t\t\t\t\t\t\t\t\t\t\t\t\t<\/div>\n\t\t\t\t<\/div>\n\t\t\t\t\t<\/div>\n\t\t<\/div>\n\t\t\t\t\t<\/div>\n\t\t<\/section>\n\t\t\t\t<section class=\"elementor-section elementor-top-section elementor-element elementor-element-0f515ec elementor-section-boxed elementor-section-height-default elementor-section-height-default\" data-id=\"0f515ec\" data-element_type=\"section\">\n\t\t\t\t\t\t<div class=\"elementor-container elementor-column-gap-default\">\n\t\t\t\t\t<div class=\"elementor-column elementor-col-100 elementor-top-column elementor-element elementor-element-e350ea9\" data-id=\"e350ea9\" data-element_type=\"column\">\n\t\t\t<div class=\"elementor-widget-wrap elementor-element-populated\">\n\t\t\t\t\t\t<div class=\"elementor-element elementor-element-5b3bcf5 elementor-widget elementor-widget-text-editor\" data-id=\"5b3bcf5\" data-element_type=\"widget\" data-widget_type=\"text-editor.default\">\n\t\t\t\t<div class=\"elementor-widget-container\">\n\t\t\t\t\t\t\t\t\t<p>Enfin, le yoga agit sur la\u00a0<strong>confiance en soi<\/strong>. Chaque posture tenue, chaque progr\u00e8s ressenti \u2014 aussi minime soit-il \u2014 devient une source de satisfaction personnelle. En cultivant la patience, l\u2019\u00e9coute de soi et la bienveillance envers ses propres limites, on renforce l\u2019estime de soi de mani\u00e8re durable.<\/p><p>Le yoga ne se limite donc pas \u00e0 une activit\u00e9 physique : c\u2019est une <strong>pratique holistique<\/strong>, qui transforme en profondeur et dont les effets positifs s\u2019\u00e9tendent bien au-del\u00e0 du tapis.<\/p>\t\t\t\t\t\t\t\t<\/div>\n\t\t\t\t<\/div>\n\t\t\t\t<div class=\"elementor-element elementor-element-6c3cb7bd elementor-widget elementor-widget-shortcode\" data-id=\"6c3cb7bd\" data-element_type=\"widget\" data-widget_type=\"shortcode.default\">\n\t\t\t\t<div class=\"elementor-widget-container\">\n\t\t\t\t\t\t\t<div class=\"elementor-shortcode\"><div class=\"afmProductSlider-Container\"><div class=\"afmProductSlider-arrows-container clearfix\"><div class=\"afmArrow-prev\"><\/div><div class=\"afmArrow-next\"><\/div><\/div><div class=\"afmProductSlider \"><div class=\"afmProduct\"><a class=\"clearfix\" href=\"\/products\/homme\/vetements\/tee-shirts\/tee-shirts-manches-courtes\/le-lot-de-3-tee-shirts-flammes-sporting\/r1147.aspx\" target=\"_blank\" ><div class=\"afmProductImageContainer\"><img  decoding=\"async\" alt=\"ProductTest01\"  src=\"data:image\/gif;base64,R0lGODlhAQABAIAAAAAAAP\/\/\/yH5BAEAAAAALAAAAAABAAEAAAIBRAA7\" data-lazy-src=\"https:\/\/media.atlasformen.com\/webmedia\/1080by1242\/e4\/98\/17\/e4981766aa101ce354004674b7bf77f7.jpg?w=356\" \/><noscript><img  decoding=\"async\" alt=\"ProductTest01\"  src=\"https:\/\/media.atlasformen.com\/webmedia\/1080by1242\/e4\/98\/17\/e4981766aa101ce354004674b7bf77f7.jpg?w=356\" \/><\/noscript><\/div><div class=\"afmProductInformationContainer\"><div class=\"afmProduct-items-title\"><span>Le Lot de 3 Tee-Shirts Flamm\u00e9s Sporting<\/span><\/div><div class=\"afmProduct-items-tag\"><\/div><div class=\"afmProduct-items-price-container col-md-12\"><span id=\"spanDiscount\" class=\"afm-ProductItemPromo\"><span class=\"afm-discount\"><strong id=\"strongOff\"><span id=\"spanLess\" class=\"less\">-<\/span><span class=\"amount\" id=\"spanPercentage\">62<\/span><span class=\"percent\">%<\/span><\/strong><\/span><\/span><span class=\"afm-ProductItemPrice afm-PLPPrice\">16\u20ac99<span id=\"spanPriceBefore\" class=\"afm-ProductItemPriceBase\">45\u20ac90<\/span><\/span><\/div><div class=\"afmProduct-items-cart\"><div class=\"afmProduct-BuyNow-Button\">J'AJOUTE AU PANIER<\/div><\/div><div class=\"afmProduct-items-sku\"> <\/div><\/div><\/a><\/div><div class=\"afmProduct\"><a class=\"clearfix\" href=\"\/products\/homme\/vetements\/tee-shirts\/tee-shirts-manches-courtes\/le-lot-de-3-tee-shirts-atlas-sport\/r0150.aspx\" target=\"_blank\" ><div class=\"afmProductImageContainer\"><img  decoding=\"async\" alt=\"ProductTest01\"  src=\"data:image\/gif;base64,R0lGODlhAQABAIAAAAAAAP\/\/\/yH5BAEAAAAALAAAAAABAAEAAAIBRAA7\" data-lazy-src=\"https:\/\/media.atlasformen.com\/webmedia\/1080by1242\/22\/a3\/8b\/22a38b48cb0f5eef56e5befa2edaf24f.jpg?w=356\" \/><noscript><img  decoding=\"async\" alt=\"ProductTest01\"  src=\"https:\/\/media.atlasformen.com\/webmedia\/1080by1242\/22\/a3\/8b\/22a38b48cb0f5eef56e5befa2edaf24f.jpg?w=356\" \/><\/noscript><\/div><div class=\"afmProductInformationContainer\"><div class=\"afmProduct-items-title\"><span>Le Lot de 3 Tee-Shirts Atlas\u00ae Sport<\/span><\/div><div class=\"afmProduct-items-tag\"><\/div><div class=\"afmProduct-items-price-container col-md-12\"><span id=\"spanDiscount\" class=\"afm-ProductItemPromo\"><span class=\"afm-discount\"><strong id=\"strongOff\"><span id=\"spanLess\" class=\"less\">-<\/span><span class=\"amount\" id=\"spanPercentage\">62<\/span><span class=\"percent\">%<\/span><\/strong><\/span><\/span><span class=\"afm-ProductItemPrice afm-PLPPrice\">16\u20ac99<span id=\"spanPriceBefore\" class=\"afm-ProductItemPriceBase\">45\u20ac90<\/span><\/span><\/div><div class=\"afmProduct-items-cart\"><div class=\"afmProduct-BuyNow-Button\">J'AJOUTE AU PANIER<\/div><\/div><div class=\"afmProduct-items-sku\"> <\/div><\/div><\/a><\/div><div class=\"afmProduct\"><a class=\"clearfix\" href=\"\/products\/homme\/vetements\/tee-shirts\/tee-shirts-manches-courtes\/le-lot-de-3-tee-shirts-sport-x-trem\/g1171.aspx\" target=\"_blank\" ><div class=\"afmProductImageContainer\"><img  decoding=\"async\" alt=\"ProductTest01\"  src=\"data:image\/gif;base64,R0lGODlhAQABAIAAAAAAAP\/\/\/yH5BAEAAAAALAAAAAABAAEAAAIBRAA7\" data-lazy-src=\"https:\/\/media.atlasformen.com\/webmedia\/1080by1242\/4b\/1c\/2f\/4b1c2f70b47226891a4eaec8f6474f28.jpg?w=356\" \/><noscript><img  decoding=\"async\" alt=\"ProductTest01\"  src=\"https:\/\/media.atlasformen.com\/webmedia\/1080by1242\/4b\/1c\/2f\/4b1c2f70b47226891a4eaec8f6474f28.jpg?w=356\" \/><\/noscript><\/div><div class=\"afmProductInformationContainer\"><div class=\"afmProduct-items-title\"><span>Le Lot de 3 Tee-Shirts Sport X-Trem<\/span><\/div><div class=\"afmProduct-items-tag\"><\/div><div class=\"afmProduct-items-price-container col-md-12\"><span id=\"spanDiscount\" class=\"afm-ProductItemPromo\"><span class=\"afm-discount\"><strong id=\"strongOff\"><span id=\"spanLess\" class=\"less\">-<\/span><span class=\"amount\" id=\"spanPercentage\">56<\/span><span class=\"percent\">%<\/span><\/strong><\/span><\/span><span class=\"afm-ProductItemPrice afm-PLPPrice\">16\u20ac99<span id=\"spanPriceBefore\" class=\"afm-ProductItemPriceBase\">39\u20ac00<\/span><\/span><\/div><div class=\"afmProduct-items-cart\"><div class=\"afmProduct-BuyNow-Button\">J'AJOUTE AU PANIER<\/div><\/div><div class=\"afmProduct-items-sku\"> <\/div><\/div><\/a><\/div><div class=\"afmProduct\"><a class=\"clearfix\" href=\"\/products\/homme\/vetements\/tee-shirts\/tee-shirts-manches-courtes\/le-lot-de-3-tee-shirts-sport-graphiques\/q8142.aspx\" target=\"_blank\" ><div class=\"afmProductImageContainer\"><img  decoding=\"async\" alt=\"ProductTest01\"  src=\"data:image\/gif;base64,R0lGODlhAQABAIAAAAAAAP\/\/\/yH5BAEAAAAALAAAAAABAAEAAAIBRAA7\" data-lazy-src=\"https:\/\/media.atlasformen.com\/webmedia\/1080by1242\/3c\/8b\/dd\/3c8bdd435a1e6962115fd7c7bbc05f2a.jpg?w=356\" \/><noscript><img  decoding=\"async\" alt=\"ProductTest01\"  src=\"https:\/\/media.atlasformen.com\/webmedia\/1080by1242\/3c\/8b\/dd\/3c8bdd435a1e6962115fd7c7bbc05f2a.jpg?w=356\" \/><\/noscript><\/div><div class=\"afmProductInformationContainer\"><div class=\"afmProduct-items-title\"><span> Le Lot de 3 Tee-Shirts Sport Graphiques<\/span><\/div><div class=\"afmProduct-items-tag\"><\/div><div class=\"afmProduct-items-price-container col-md-12\"><span id=\"spanDiscount\" class=\"afm-ProductItemPromo\"><span class=\"afm-discount\"><strong id=\"strongOff\"><span id=\"spanLess\" class=\"less\">-<\/span><span class=\"amount\" id=\"spanPercentage\">58<\/span><span class=\"percent\">%<\/span><\/strong><\/span><\/span><span class=\"afm-ProductItemPrice afm-PLPPrice\">18\u20ac99<span id=\"spanPriceBefore\" class=\"afm-ProductItemPriceBase\">45\u20ac90<\/span><\/span><\/div><div class=\"afmProduct-items-cart\"><div class=\"afmProduct-BuyNow-Button\">J'AJOUTE AU PANIER<\/div><\/div><div class=\"afmProduct-items-sku\"> <\/div><\/div><\/a><\/div><div class=\"afmProduct\"><a class=\"clearfix\" href=\"\/products\/homme\/vetements\/tee-shirts\/tee-shirts-manches-courtes\/le-lot-de-3-tee-shirts-sport\/q9119.aspx\" target=\"_blank\" ><div class=\"afmProductImageContainer\"><img  decoding=\"async\" alt=\"ProductTest01\"  src=\"data:image\/gif;base64,R0lGODlhAQABAIAAAAAAAP\/\/\/yH5BAEAAAAALAAAAAABAAEAAAIBRAA7\" data-lazy-src=\"https:\/\/media.atlasformen.com\/webmedia\/1080by1242\/81\/40\/b5\/8140b5f9772ae6ac24ea6be1a1855073.jpg?w=356\" \/><noscript><img  decoding=\"async\" alt=\"ProductTest01\"  src=\"https:\/\/media.atlasformen.com\/webmedia\/1080by1242\/81\/40\/b5\/8140b5f9772ae6ac24ea6be1a1855073.jpg?w=356\" \/><\/noscript><\/div><div class=\"afmProductInformationContainer\"><div class=\"afmProduct-items-title\"><span>Le Lot de 3 Tee-Shirts Sport<\/span><\/div><div class=\"afmProduct-items-tag\"><\/div><div class=\"afmProduct-items-price-container col-md-12\"><span id=\"spanDiscount\" class=\"afm-ProductItemPromo\"><span class=\"afm-discount\"><strong id=\"strongOff\"><span id=\"spanLess\" class=\"less\">-<\/span><span class=\"amount\" id=\"spanPercentage\">58<\/span><span class=\"percent\">%<\/span><\/strong><\/span><\/span><span class=\"afm-ProductItemPrice afm-PLPPrice\">18\u20ac99<span id=\"spanPriceBefore\" class=\"afm-ProductItemPriceBase\">45\u20ac90<\/span><\/span><\/div><div class=\"afmProduct-items-cart\"><div class=\"afmProduct-BuyNow-Button\">J'AJOUTE AU PANIER<\/div><\/div><div class=\"afmProduct-items-sku\"> <\/div><\/div><\/a><\/div><div class=\"afmProduct\"><a class=\"clearfix\" href=\"\/products\/homme\/vetements\/tee-shirts\/tee-shirts-manches-courtes\/le-lot-de-3-tee-shirts-sport\/p5149.aspx\" target=\"_blank\" ><div class=\"afmProductImageContainer\"><img  decoding=\"async\" alt=\"ProductTest01\"  src=\"data:image\/gif;base64,R0lGODlhAQABAIAAAAAAAP\/\/\/yH5BAEAAAAALAAAAAABAAEAAAIBRAA7\" data-lazy-src=\"https:\/\/media.atlasformen.com\/webmedia\/1080by1242\/21\/60\/47\/2160474f206520d4cc9761a2a4babd46.jpg?w=356\" \/><noscript><img  decoding=\"async\" alt=\"ProductTest01\"  src=\"https:\/\/media.atlasformen.com\/webmedia\/1080by1242\/21\/60\/47\/2160474f206520d4cc9761a2a4babd46.jpg?w=356\" \/><\/noscript><\/div><div class=\"afmProductInformationContainer\"><div class=\"afmProduct-items-title\"><span>Le Lot de 3 Tee-Shirts Sport<\/span><\/div><div class=\"afmProduct-items-tag\"><\/div><div class=\"afmProduct-items-price-container col-md-12\"><span id=\"spanDiscount\" class=\"afm-ProductItemPromo\"><span class=\"afm-discount\"><strong id=\"strongOff\"><span id=\"spanLess\" class=\"less\">-<\/span><span class=\"amount\" id=\"spanPercentage\">58<\/span><span class=\"percent\">%<\/span><\/strong><\/span><\/span><span class=\"afm-ProductItemPrice afm-PLPPrice\">18\u20ac99<span id=\"spanPriceBefore\" class=\"afm-ProductItemPriceBase\">45\u20ac90<\/span><\/span><\/div><div class=\"afmProduct-items-cart\"><div class=\"afmProduct-BuyNow-Button\">J'AJOUTE AU PANIER<\/div><\/div><div class=\"afmProduct-items-sku\"> <\/div><\/div><\/a><\/div><div class=\"afmProduct\"><a class=\"clearfix\" href=\"\/products\/homme\/vetements\/tee-shirts\/tee-shirts-de-sport\/t-shirt-sport-hommes-bleu-marine-spiro\/1014055.aspx\" target=\"_blank\" ><div class=\"afmProductImageContainer\"><img  decoding=\"async\" alt=\"ProductTest01\"  src=\"data:image\/gif;base64,R0lGODlhAQABAIAAAAAAAP\/\/\/yH5BAEAAAAALAAAAAABAAEAAAIBRAA7\" data-lazy-src=\"https:\/\/media.atlasformen.com\/webmedia\/1080by1242\/6B\/E5\/3B\/6BE53B9C8E0C2ED39D68B792542E8D0127FFE376AF16054269395E4DFFAD73AB.jpg?w=356\" \/><noscript><img  decoding=\"async\" alt=\"ProductTest01\"  src=\"https:\/\/media.atlasformen.com\/webmedia\/1080by1242\/6B\/E5\/3B\/6BE53B9C8E0C2ED39D68B792542E8D0127FFE376AF16054269395E4DFFAD73AB.jpg?w=356\" \/><\/noscript><\/div><div class=\"afmProductInformationContainer\"><div class=\"afmProduct-items-title\"><span>T-shirt Sport Hommes Bleu Marine Spiro<\/span><\/div><div class=\"afmProduct-items-tag\"><\/div><div class=\"afmProduct-items-price-container col-md-12\"><span id=\"spanDiscount\" class=\"afm-ProductItemPromo\"><span class=\"afm-discount\"><strong id=\"strongOff\"><span id=\"spanLess\" class=\"less\">-<\/span><span class=\"amount\" id=\"spanPercentage\">21<\/span><span class=\"percent\">%<\/span><\/strong><\/span><\/span><span class=\"afm-ProductItemPrice afm-PLPPrice\">24\u20ac99<span id=\"spanPriceBefore\" class=\"afm-ProductItemPriceBase\">31\u20ac90<\/span><\/span><\/div><div class=\"afmProduct-items-cart\"><div class=\"afmProduct-BuyNow-Button\">J'AJOUTE AU PANIER<\/div><\/div><div class=\"afmProduct-items-sku\"> <\/div><\/div><\/a><\/div><div class=\"afmProduct\"><a class=\"clearfix\" href=\"\/products\/homme\/vetements\/tee-shirts\/tee-shirts-de-sport\/t-shirt-noir-homme-adidas-gk\/1183232.aspx\" target=\"_blank\" ><div class=\"afmProductImageContainer\"><img  decoding=\"async\" alt=\"ProductTest01\"  src=\"data:image\/gif;base64,R0lGODlhAQABAIAAAAAAAP\/\/\/yH5BAEAAAAALAAAAAABAAEAAAIBRAA7\" data-lazy-src=\"https:\/\/media.atlasformen.com\/webmedia\/1080by1242\/F6\/7B\/50\/F67B506C9B559D68352CA07F741CF1A29B670D953D8D5B8A17E7C66D996DCFAD.jpg?w=356\" \/><noscript><img  decoding=\"async\" alt=\"ProductTest01\"  src=\"https:\/\/media.atlasformen.com\/webmedia\/1080by1242\/F6\/7B\/50\/F67B506C9B559D68352CA07F741CF1A29B670D953D8D5B8A17E7C66D996DCFAD.jpg?w=356\" \/><\/noscript><\/div><div class=\"afmProductInformationContainer\"><div class=\"afmProduct-items-title\"><span>T-Shirt noir homme adidas gk<\/span><\/div><div class=\"afmProduct-items-tag\"><\/div><div class=\"afmProduct-items-price-container col-md-12\"><span id=\"spanDiscount\" class=\"afm-ProductItemPromo\"><span class=\"afm-discount\"><strong id=\"strongOff\"><span id=\"spanLess\" class=\"less\">-<\/span><span class=\"amount\" id=\"spanPercentage\">21<\/span><span class=\"percent\">%<\/span><\/strong><\/span><\/span><span class=\"afm-ProductItemPrice afm-PLPPrice\">17\u20ac99<span id=\"spanPriceBefore\" class=\"afm-ProductItemPriceBase\">23\u20ac00<\/span><\/span><\/div><div class=\"afmProduct-items-cart\"><div class=\"afmProduct-BuyNow-Button\">J'AJOUTE AU PANIER<\/div><\/div><div class=\"afmProduct-items-sku\"> <\/div><\/div><\/a><\/div><\/div><\/div>\n<\/div>\n\t\t\t\t\t\t<\/div>\n\t\t\t\t<\/div>\n\t\t\t\t<div class=\"elementor-element elementor-element-dc942d6 elementor-widget elementor-widget-heading\" data-id=\"dc942d6\" data-element_type=\"widget\" data-widget_type=\"heading.default\">\n\t\t\t\t<div class=\"elementor-widget-container\">\n\t\t\t\t\t<h2 class=\"elementor-heading-title elementor-size-default\">\u00c0 chacun son rythme, \u00e0 tout \u00e2ge<\/h2>\t\t\t\t<\/div>\n\t\t\t\t<\/div>\n\t\t\t\t<div class=\"elementor-element elementor-element-9791f60 elementor-widget elementor-widget-text-editor\" data-id=\"9791f60\" data-element_type=\"widget\" data-widget_type=\"text-editor.default\">\n\t\t\t\t<div class=\"elementor-widget-container\">\n\t\t\t\t\t\t\t\t\t<p>Contrairement \u00e0 une id\u00e9e re\u00e7ue,<b> <\/b>il n\u2019est <b>pas n\u00e9cessaire d\u2019\u00eatre souple <\/b>pour commencer le yoga. C\u2019est la pratique elle-m\u00eame qui, progressivement,\u00a0d\u00e9veloppe la <strong>mobilit\u00e9 articulaire<\/strong> et l\u2019<strong>\u00e9lasticit\u00e9 musculaire<\/strong>. En respectant les limites de chacun, les postures permettent d\u2019\u00e9tirer les cha\u00eenes musculaires en douceur, d\u2019am\u00e9liorer l\u2019amplitude des mouvements et de <strong>pr\u00e9venir les raideurs<\/strong> li\u00e9es \u00e0 la s\u00e9dentarit\u00e9 ou \u00e0 l\u2019\u00e2ge.<\/p><p>L\u2019un des grands principes du yoga \u2014 et sans doute l\u2019un de ses plus pr\u00e9cieux \u2014 est l\u2019absence totale d\u2019obligation de performance. \u00c0 la diff\u00e9rence de nombreuses disciplines sportives, il n\u2019existe ni chrono, ni classement, ni objectif \u00e0 atteindre. Le yoga n\u2019est pas une comp\u00e9tition, mais une<strong> exploration personnelle<\/strong>, o\u00f9 chaque posture, chaque respiration, chaque s\u00e9ance devient une opportunit\u00e9 de mieux se conna\u00eetre.<\/p>\t\t\t\t\t\t\t\t<\/div>\n\t\t\t\t<\/div>\n\t\t\t\t\t<\/div>\n\t\t<\/div>\n\t\t\t\t\t<\/div>\n\t\t<\/section>\n\t\t\t\t<section class=\"elementor-section elementor-top-section elementor-element elementor-element-185aa9b elementor-section-boxed elementor-section-height-default elementor-section-height-default\" data-id=\"185aa9b\" data-element_type=\"section\">\n\t\t\t\t\t\t<div class=\"elementor-container elementor-column-gap-default\">\n\t\t\t\t\t<div class=\"elementor-column elementor-col-50 elementor-top-column elementor-element elementor-element-cc6ebc8\" data-id=\"cc6ebc8\" data-element_type=\"column\">\n\t\t\t<div class=\"elementor-widget-wrap elementor-element-populated\">\n\t\t\t\t\t\t<div class=\"elementor-element elementor-element-e7ddfa8 elementor-widget elementor-widget-image\" data-id=\"e7ddfa8\" data-element_type=\"widget\" data-widget_type=\"image.default\">\n\t\t\t\t<div class=\"elementor-widget-container\">\n\t\t\t\t\t\t\t\t\t\t\t\t\t\t\t<img  decoding=\"async\" width=\"749\" height=\"1024\"  src=\"data:image\/gif;base64,R0lGODlhAQABAIAAAAAAAP\/\/\/yH5BAEAAAAALAAAAAABAAEAAAIBRAA7\" data-lazy-src=\"https:\/\/media.atlasformen.com\/blogmedia\/uploads\/2025\/09\/Yoga-couple-senior-749x1024.jpg\"  class=\"attachment-large size-large wp-image-25980\" alt=\"Yoga couple senior\" srcset=\"https:\/\/media.atlasformen.com\/blogmedia\/uploads\/2025\/09\/Yoga-couple-senior-749x1024.jpg 749w, https:\/\/media.atlasformen.com\/blogmedia\/uploads\/2025\/09\/Yoga-couple-senior-219x300.jpg 219w, https:\/\/media.atlasformen.com\/blogmedia\/uploads\/2025\/09\/Yoga-couple-senior-768x1050.jpg 768w, https:\/\/media.atlasformen.com\/blogmedia\/uploads\/2025\/09\/Yoga-couple-senior-18x24.jpg 18w, https:\/\/media.atlasformen.com\/blogmedia\/uploads\/2025\/09\/Yoga-couple-senior-26x36.jpg 26w, https:\/\/media.atlasformen.com\/blogmedia\/uploads\/2025\/09\/Yoga-couple-senior-35x48.jpg 35w, https:\/\/media.atlasformen.com\/blogmedia\/uploads\/2025\/09\/Yoga-couple-senior.jpg 1024w\" sizes=\"(max-width: 749px) 100vw, 749px\" \/><noscript><img  decoding=\"async\" width=\"749\" height=\"1024\"  src=\"https:\/\/media.atlasformen.com\/blogmedia\/uploads\/2025\/09\/Yoga-couple-senior-749x1024.jpg\"  class=\"attachment-large size-large wp-image-25980\" alt=\"Yoga couple senior\" srcset=\"https:\/\/media.atlasformen.com\/blogmedia\/uploads\/2025\/09\/Yoga-couple-senior-749x1024.jpg 749w, https:\/\/media.atlasformen.com\/blogmedia\/uploads\/2025\/09\/Yoga-couple-senior-219x300.jpg 219w, https:\/\/media.atlasformen.com\/blogmedia\/uploads\/2025\/09\/Yoga-couple-senior-768x1050.jpg 768w, https:\/\/media.atlasformen.com\/blogmedia\/uploads\/2025\/09\/Yoga-couple-senior-18x24.jpg 18w, https:\/\/media.atlasformen.com\/blogmedia\/uploads\/2025\/09\/Yoga-couple-senior-26x36.jpg 26w, https:\/\/media.atlasformen.com\/blogmedia\/uploads\/2025\/09\/Yoga-couple-senior-35x48.jpg 35w, https:\/\/media.atlasformen.com\/blogmedia\/uploads\/2025\/09\/Yoga-couple-senior.jpg 1024w\" sizes=\"(max-width: 749px) 100vw, 749px\" \/><\/noscript>\t\t\t\t\t\t\t\t\t\t\t\t\t\t\t<\/div>\n\t\t\t\t<\/div>\n\t\t\t\t\t<\/div>\n\t\t<\/div>\n\t\t\t\t<div class=\"elementor-column elementor-col-50 elementor-top-column elementor-element elementor-element-f742c5d\" data-id=\"f742c5d\" data-element_type=\"column\">\n\t\t\t<div class=\"elementor-widget-wrap elementor-element-populated\">\n\t\t\t\t\t\t<div class=\"elementor-element elementor-element-5c3b421 elementor-widget elementor-widget-text-editor\" data-id=\"5c3b421\" data-element_type=\"widget\" data-widget_type=\"text-editor.default\">\n\t\t\t\t<div class=\"elementor-widget-container\">\n\t\t\t\t\t\t\t\t\t<p>Cette <strong>approche inclusive<\/strong> permet \u00e0 chacun de commencer \u00e0 son rythme<strong>, quel que soit son \u00e2ge ou sa condition physique<\/strong>. \u00c0 20 ans, on peut s\u2019y initier pour canaliser son \u00e9nergie, <strong>am\u00e9liorer sa concentration<\/strong> ou accompagner une pratique sportive. \u00c0 40 ans, le yoga peut devenir un outil pour <strong>g\u00e9rer le stress<\/strong>, pr\u00e9venir les douleurs li\u00e9es \u00e0 la posture assise prolong\u00e9e ou retrouver de la souplesse. \u00c0 70 ans, il peut aider \u00e0 maintenir la mobilit\u00e9 articulaire, \u00e0 <strong>renforcer l\u2019\u00e9quilibre<\/strong> et \u00e0 pr\u00e9server l\u2019autonomie.<\/p><p>Les <b>styles de yoga<\/b> eux-m\u00eames offrent une grande<strong> vari\u00e9t\u00e9 d\u2019intensit\u00e9s <\/strong>et de<strong> rythmes.<\/strong>\u00a0<\/p>\t\t\t\t\t\t\t\t<\/div>\n\t\t\t\t<\/div>\n\t\t\t\t\t<\/div>\n\t\t<\/div>\n\t\t\t\t\t<\/div>\n\t\t<\/section>\n\t\t\t\t<section class=\"elementor-section elementor-top-section elementor-element elementor-element-ced7510 elementor-section-boxed elementor-section-height-default elementor-section-height-default\" data-id=\"ced7510\" data-element_type=\"section\">\n\t\t\t\t\t\t<div class=\"elementor-container elementor-column-gap-default\">\n\t\t\t\t\t<div class=\"elementor-column elementor-col-100 elementor-top-column elementor-element elementor-element-b53d344\" data-id=\"b53d344\" data-element_type=\"column\">\n\t\t\t<div class=\"elementor-widget-wrap elementor-element-populated\">\n\t\t\t\t\t\t<div class=\"elementor-element elementor-element-4ac68a4 elementor-widget elementor-widget-text-editor\" data-id=\"4ac68a4\" data-element_type=\"widget\" data-widget_type=\"text-editor.default\">\n\t\t\t\t<div class=\"elementor-widget-container\">\n\t\t\t\t\t\t\t\t\t<p>Par exemple, une personne souffrant de <strong>douleurs lombaires chroniques<\/strong> pourra se tourner vers le <strong>yin yoga<\/strong>, qui propose des postures tenues longtemps, avec un travail profond sur les tissus conjonctifs et une sollicitation minimale des muscles.\u00a0<\/p><p>\u00c0 l\u2019inverse, quelqu\u2019un <strong>en qu\u00eate de mouvement <\/strong>et de<strong> fluidit\u00e9<\/strong> pourra pr\u00e9f\u00e9rer le\u00a0<strong>vinyasa yoga<\/strong>, o\u00f9 les postures s\u2019encha\u00eenent dans un rythme soutenu, favorisant la coordination et le renforcement musculaire.<\/p><p>Le yoga est \u00e9galement utilis\u00e9 <strong>en compl\u00e9ment de parcours th\u00e9rapeutiques<\/strong>. Des personnes en convalescence apr\u00e8s une blessure ou une op\u00e9ration peuvent pratiquer des formes douces comme le\u00a0<strong>hatha yoga<\/strong>, avec des adaptations sp\u00e9cifiques (usage de blocs, coussins, sangles) pour respecter les limites du corps. D\u2019autres, confront\u00e9es \u00e0 des <strong>troubles anxieux<\/strong> ou \u00e0 des \u00e9pisodes de fatigue mentale, trouvent dans le yoga un espace de recentrage, gr\u00e2ce aux <strong>exercices de respiration<\/strong> (pranayama), aux <strong>m\u00e9ditations guid\u00e9es<\/strong> ou aux postures restauratives.<\/p><p>Ce qui rend le yoga si universel, c\u2019est sa capacit\u00e9 \u00e0 s\u2019adapter \u00e0 vous, et non l\u2019inverse. Il n\u2019impose rien, mais propose des outils que chacun peut s\u2019approprier selon ses besoins, ses envies et son \u00e9volution. Que vous soyez sportif ou s\u00e9dentaire, souple ou raide, jeune ou senior, le yoga vous accueille l\u00e0 o\u00f9 vous \u00eates \u2014 et vous accompagne l\u00e0 o\u00f9 vous voulez aller.<\/p>\t\t\t\t\t\t\t\t<\/div>\n\t\t\t\t<\/div>\n\t\t\t\t<div class=\"elementor-element elementor-element-3c3f715 elementor-widget elementor-widget-heading\" data-id=\"3c3f715\" data-element_type=\"widget\" data-widget_type=\"heading.default\">\n\t\t\t\t<div class=\"elementor-widget-container\">\n\t\t\t\t\t<h2 class=\"elementor-heading-title elementor-size-default\">Quel style de yoga choisir pour d\u00e9buter ?<\/h2>\t\t\t\t<\/div>\n\t\t\t\t<\/div>\n\t\t\t\t<div class=\"elementor-element elementor-element-622cd4e elementor-widget elementor-widget-text-editor\" data-id=\"622cd4e\" data-element_type=\"widget\" data-widget_type=\"text-editor.default\">\n\t\t\t\t<div class=\"elementor-widget-container\">\n\t\t\t\t\t\t\t\t\t<p>Le yoga n\u2019est pas une discipline unique : c\u2019est un univers riche, compos\u00e9 de multiples styles, chacun avec sa propre philosophie, son rythme et ses objectifs. Lorsqu\u2019on d\u00e9bute, il peut \u00eatre difficile de s\u2019y retrouver. Pourtant, bien choisir son style d\u00e8s le d\u00e9part permet de vivre une exp\u00e9rience plus adapt\u00e9e, plus agr\u00e9able, et surtout plus durable.<\/p><p>Le\u00a0<strong>hatha yoga<\/strong>\u00a0est souvent recommand\u00e9 pour commencer. C\u2019est une forme<strong> traditionnelle<\/strong>, accessible \u00e0 tous, qui repose sur des <strong>postures simples (<em>asanas<\/em>) <\/strong>tenues dans la dur\u00e9e, accompagn\u00e9es d\u2019un travail sur la<b> respiration (<em>pranayama<\/em>)<\/b>. L\u2019objectif est de cr\u00e9er un \u00e9quilibre entre le corps et l\u2019esprit, en d\u00e9veloppant la conscience corporelle et la stabilit\u00e9. Une s\u00e9ance de hatha peut inclure des \u00e9tirements doux, des postures debout ou assises, et des moments de relaxation. C\u2019est id\u00e9al pour <strong>apprendre les bases sans se brusquer<\/strong>.<\/p>\t\t\t\t\t\t\t\t<\/div>\n\t\t\t\t<\/div>\n\t\t\t\t<div class=\"elementor-element elementor-element-495f2db elementor-widget elementor-widget-image\" data-id=\"495f2db\" data-element_type=\"widget\" data-widget_type=\"image.default\">\n\t\t\t\t<div class=\"elementor-widget-container\">\n\t\t\t\t\t\t\t\t\t\t\t\t\t\t\t<img  decoding=\"async\" width=\"809\" height=\"572\"  src=\"data:image\/gif;base64,R0lGODlhAQABAIAAAAAAAP\/\/\/yH5BAEAAAAALAAAAAABAAEAAAIBRAA7\" data-lazy-src=\"https:\/\/media.atlasformen.com\/blogmedia\/uploads\/2025\/09\/Posture-de-yoga-simple-1-1024x724.jpg\"  class=\"attachment-large size-large wp-image-25979\" alt=\"Posture de yoga simple\" srcset=\"https:\/\/media.atlasformen.com\/blogmedia\/uploads\/2025\/09\/Posture-de-yoga-simple-1-1024x724.jpg 1024w, https:\/\/media.atlasformen.com\/blogmedia\/uploads\/2025\/09\/Posture-de-yoga-simple-1-300x212.jpg 300w, https:\/\/media.atlasformen.com\/blogmedia\/uploads\/2025\/09\/Posture-de-yoga-simple-1-768x543.jpg 768w, https:\/\/media.atlasformen.com\/blogmedia\/uploads\/2025\/09\/Posture-de-yoga-simple-1-1536x1086.jpg 1536w, https:\/\/media.atlasformen.com\/blogmedia\/uploads\/2025\/09\/Posture-de-yoga-simple-1-24x17.jpg 24w, https:\/\/media.atlasformen.com\/blogmedia\/uploads\/2025\/09\/Posture-de-yoga-simple-1-36x25.jpg 36w, https:\/\/media.atlasformen.com\/blogmedia\/uploads\/2025\/09\/Posture-de-yoga-simple-1-48x34.jpg 48w, https:\/\/media.atlasformen.com\/blogmedia\/uploads\/2025\/09\/Posture-de-yoga-simple-1.jpg 2000w\" sizes=\"(max-width: 809px) 100vw, 809px\" \/><noscript><img  decoding=\"async\" width=\"809\" height=\"572\"  src=\"https:\/\/media.atlasformen.com\/blogmedia\/uploads\/2025\/09\/Posture-de-yoga-simple-1-1024x724.jpg\"  class=\"attachment-large size-large wp-image-25979\" alt=\"Posture de yoga simple\" srcset=\"https:\/\/media.atlasformen.com\/blogmedia\/uploads\/2025\/09\/Posture-de-yoga-simple-1-1024x724.jpg 1024w, https:\/\/media.atlasformen.com\/blogmedia\/uploads\/2025\/09\/Posture-de-yoga-simple-1-300x212.jpg 300w, https:\/\/media.atlasformen.com\/blogmedia\/uploads\/2025\/09\/Posture-de-yoga-simple-1-768x543.jpg 768w, https:\/\/media.atlasformen.com\/blogmedia\/uploads\/2025\/09\/Posture-de-yoga-simple-1-1536x1086.jpg 1536w, https:\/\/media.atlasformen.com\/blogmedia\/uploads\/2025\/09\/Posture-de-yoga-simple-1-24x17.jpg 24w, https:\/\/media.atlasformen.com\/blogmedia\/uploads\/2025\/09\/Posture-de-yoga-simple-1-36x25.jpg 36w, https:\/\/media.atlasformen.com\/blogmedia\/uploads\/2025\/09\/Posture-de-yoga-simple-1-48x34.jpg 48w, https:\/\/media.atlasformen.com\/blogmedia\/uploads\/2025\/09\/Posture-de-yoga-simple-1.jpg 2000w\" sizes=\"(max-width: 809px) 100vw, 809px\" \/><\/noscript>\t\t\t\t\t\t\t\t\t\t\t\t\t\t\t<\/div>\n\t\t\t\t<\/div>\n\t\t\t\t<div class=\"elementor-element elementor-element-f01b028 elementor-widget elementor-widget-text-editor\" data-id=\"f01b028\" data-element_type=\"widget\" data-widget_type=\"text-editor.default\">\n\t\t\t\t<div class=\"elementor-widget-container\">\n\t\t\t\t\t\t\t\t\t<p>Le\u00a0<strong>vinyasa yoga<\/strong>, plus dynamique, s\u2019adresse \u00e0 celles et ceux qui aiment bouger. Les postures s\u2019encha\u00eenent dans un flux continu, souvent synchronis\u00e9 avec la respiration. Ce style d\u00e9veloppe la coordination, l\u2019<strong>endurance<\/strong> et la <strong>tonicit\u00e9 musculaire<\/strong>. Il peut \u00eatre plus <strong>intense physiquement<\/strong>, mais reste accessible si l\u2019on choisit un niveau d\u00e9butant. Une s\u00e9ance typique inclura des salutations au soleil, des transitions fluides et un rythme soutenu, parfait pour <strong>rel\u00e2cher les tensions tout en se d\u00e9pensant<\/strong>.<\/p><p>Le\u00a0<strong>yin yoga<\/strong>, \u00e0 l\u2019oppos\u00e9, est une <strong>pratique lente <\/strong>et <strong>introspective<\/strong>. Les postures sont tenues plusieurs minutes, souvent au sol, avec un rel\u00e2chement musculaire complet. L\u2019objectif est d\u2019agir sur les tissus profonds \u2014 fascias, ligaments, articulations \u2014 et de favoriser la <strong>d\u00e9tente mentale<\/strong>. C\u2019est une excellente option pour les<strong> personnes stress\u00e9es<\/strong>, fatigu\u00e9es ou en qu\u00eate de calme int\u00e9rieur. Le yin yoga peut aussi compl\u00e9ter une pratique plus active, en apportant un \u00e9quilibre r\u00e9g\u00e9n\u00e9rant.<\/p><p>Le\u00a0<strong>restorative yoga<\/strong>\u00a0pousse encore plus loin la notion de relaxation. Ici, le corps est enti\u00e8rement soutenu par des accessoires (coussins, couvertures, blocs), et les postures sont con\u00e7ues pour induire un<b> \u00e9tat de repos profond<\/b>. C\u2019est une <strong>pratique th\u00e9rapeutique<\/strong>, souvent utilis\u00e9e en cas de fatigue chronique, de convalescence ou de troubles du sommeil. Elle permet de l\u00e2cher prise physiquement et \u00e9motionnellement, sans effort.<\/p>\t\t\t\t\t\t\t\t<\/div>\n\t\t\t\t<\/div>\n\t\t\t\t\t<\/div>\n\t\t<\/div>\n\t\t\t\t\t<\/div>\n\t\t<\/section>\n\t\t\t\t<section class=\"elementor-section elementor-top-section elementor-element elementor-element-b2876a8 elementor-section-boxed elementor-section-height-default elementor-section-height-default\" data-id=\"b2876a8\" data-element_type=\"section\">\n\t\t\t\t\t\t<div class=\"elementor-container elementor-column-gap-default\">\n\t\t\t\t\t<div class=\"elementor-column elementor-col-50 elementor-top-column elementor-element elementor-element-001afc8\" data-id=\"001afc8\" data-element_type=\"column\">\n\t\t\t<div class=\"elementor-widget-wrap elementor-element-populated\">\n\t\t\t\t\t\t<div class=\"elementor-element elementor-element-b66f08e elementor-widget elementor-widget-text-editor\" data-id=\"b66f08e\" data-element_type=\"widget\" data-widget_type=\"text-editor.default\">\n\t\t\t\t<div class=\"elementor-widget-container\">\n\t\t\t\t\t\t\t\t\t<p>D\u2019autres styles comme <strong>l\u2019ashtanga<\/strong>\u00a0(structur\u00e9 et exigeant), le\u00a0<strong>kundalini<\/strong>\u00a0(ax\u00e9 sur l\u2019\u00e9nergie et la spiritualit\u00e9), ou <strong>l\u2019iyengar<\/strong>\u00a0(pr\u00e9cis et rigoureux) sont passionnants, mais peuvent \u00eatre <strong>plus techniques <\/strong>ou <strong>intenses<\/strong>. Il est souvent pr\u00e9f\u00e9rable de les d\u00e9couvrir une fois que les bases sont pos\u00e9es et que l\u2019on conna\u00eet mieux ses pr\u00e9f\u00e9rences.<\/p><p>L\u2019id\u00e9al pour d\u00e9buter reste d\u2019<strong>explorer<\/strong> <strong>plusieurs approches<\/strong>, en testant diff\u00e9rents cours ou formats (en ligne, en studio, en plein air). Chaque style offre une exp\u00e9rience unique, et c\u2019est en pratiquant que l\u2019on d\u00e9couvre celui qui r\u00e9sonne le mieux avec son corps, son rythme et ses besoins du moment.<\/p>\t\t\t\t\t\t\t\t<\/div>\n\t\t\t\t<\/div>\n\t\t\t\t\t<\/div>\n\t\t<\/div>\n\t\t\t\t<div class=\"elementor-column elementor-col-50 elementor-top-column elementor-element elementor-element-c251ada\" data-id=\"c251ada\" data-element_type=\"column\">\n\t\t\t<div class=\"elementor-widget-wrap elementor-element-populated\">\n\t\t\t\t\t\t<div class=\"elementor-element elementor-element-566a64d elementor-widget elementor-widget-image\" data-id=\"566a64d\" data-element_type=\"widget\" data-widget_type=\"image.default\">\n\t\t\t\t<div class=\"elementor-widget-container\">\n\t\t\t\t\t\t\t\t\t\t\t\t\t\t\t<img  loading=\"lazy\" decoding=\"async\" width=\"749\" height=\"1024\"  src=\"data:image\/gif;base64,R0lGODlhAQABAIAAAAAAAP\/\/\/yH5BAEAAAAALAAAAAABAAEAAAIBRAA7\" data-lazy-src=\"https:\/\/media.atlasformen.com\/blogmedia\/uploads\/2025\/09\/Posture-de-yoga-Ashtanga-749x1024.jpg\"  class=\"attachment-large size-large wp-image-25988\" alt=\"\" srcset=\"https:\/\/media.atlasformen.com\/blogmedia\/uploads\/2025\/09\/Posture-de-yoga-Ashtanga-749x1024.jpg 749w, https:\/\/media.atlasformen.com\/blogmedia\/uploads\/2025\/09\/Posture-de-yoga-Ashtanga-219x300.jpg 219w, https:\/\/media.atlasformen.com\/blogmedia\/uploads\/2025\/09\/Posture-de-yoga-Ashtanga-768x1050.jpg 768w, https:\/\/media.atlasformen.com\/blogmedia\/uploads\/2025\/09\/Posture-de-yoga-Ashtanga-18x24.jpg 18w, https:\/\/media.atlasformen.com\/blogmedia\/uploads\/2025\/09\/Posture-de-yoga-Ashtanga-26x36.jpg 26w, https:\/\/media.atlasformen.com\/blogmedia\/uploads\/2025\/09\/Posture-de-yoga-Ashtanga-35x48.jpg 35w, https:\/\/media.atlasformen.com\/blogmedia\/uploads\/2025\/09\/Posture-de-yoga-Ashtanga.jpg 1024w\" sizes=\"(max-width: 749px) 100vw, 749px\" \/><noscript><img  loading=\"lazy\" decoding=\"async\" width=\"749\" height=\"1024\"  src=\"https:\/\/media.atlasformen.com\/blogmedia\/uploads\/2025\/09\/Posture-de-yoga-Ashtanga-749x1024.jpg\"  class=\"attachment-large size-large wp-image-25988\" alt=\"\" srcset=\"https:\/\/media.atlasformen.com\/blogmedia\/uploads\/2025\/09\/Posture-de-yoga-Ashtanga-749x1024.jpg 749w, https:\/\/media.atlasformen.com\/blogmedia\/uploads\/2025\/09\/Posture-de-yoga-Ashtanga-219x300.jpg 219w, https:\/\/media.atlasformen.com\/blogmedia\/uploads\/2025\/09\/Posture-de-yoga-Ashtanga-768x1050.jpg 768w, https:\/\/media.atlasformen.com\/blogmedia\/uploads\/2025\/09\/Posture-de-yoga-Ashtanga-18x24.jpg 18w, https:\/\/media.atlasformen.com\/blogmedia\/uploads\/2025\/09\/Posture-de-yoga-Ashtanga-26x36.jpg 26w, https:\/\/media.atlasformen.com\/blogmedia\/uploads\/2025\/09\/Posture-de-yoga-Ashtanga-35x48.jpg 35w, https:\/\/media.atlasformen.com\/blogmedia\/uploads\/2025\/09\/Posture-de-yoga-Ashtanga.jpg 1024w\" sizes=\"(max-width: 749px) 100vw, 749px\" \/><\/noscript>\t\t\t\t\t\t\t\t\t\t\t\t\t\t\t<\/div>\n\t\t\t\t<\/div>\n\t\t\t\t\t<\/div>\n\t\t<\/div>\n\t\t\t\t\t<\/div>\n\t\t<\/section>\n\t\t\t\t<section class=\"elementor-section elementor-top-section elementor-element elementor-element-1b7627d elementor-section-boxed elementor-section-height-default elementor-section-height-default\" data-id=\"1b7627d\" data-element_type=\"section\">\n\t\t\t\t\t\t<div class=\"elementor-container elementor-column-gap-default\">\n\t\t\t\t\t<div class=\"elementor-column elementor-col-100 elementor-top-column elementor-element elementor-element-8f38f56\" data-id=\"8f38f56\" data-element_type=\"column\">\n\t\t\t<div class=\"elementor-widget-wrap elementor-element-populated\">\n\t\t\t\t\t\t<div class=\"elementor-element elementor-element-9318ff4 elementor-widget elementor-widget-heading\" data-id=\"9318ff4\" data-element_type=\"widget\" data-widget_type=\"heading.default\">\n\t\t\t\t<div class=\"elementor-widget-container\">\n\t\t\t\t\t<h2 class=\"elementor-heading-title elementor-size-default\">Quel format choisir pour d\u00e9buter ?<\/h2>\t\t\t\t<\/div>\n\t\t\t\t<\/div>\n\t\t\t\t<div class=\"elementor-element elementor-element-e0fb105 elementor-widget elementor-widget-text-editor\" data-id=\"e0fb105\" data-element_type=\"widget\" data-widget_type=\"text-editor.default\">\n\t\t\t\t<div class=\"elementor-widget-container\">\n\t\t\t\t\t\t\t\t\t<p>Se lancer dans le yoga ne n\u00e9cessite ni transformation radicale, ni engagement contraignant. Aujourd\u2019hui, il existe une multitude de formats accessibles, chacun avec ses avantages, pour permettre \u00e0 chacun de commencer \u00e0 son rythme, <strong>selon ses pr\u00e9f\u00e9rences <\/strong>et son<strong> mode de vie.<\/strong><\/p><p>Vous avez besoin de <b>flexibilit\u00e9 <\/b>et d\u2019<strong>autonomie<\/strong>\u00a0? Vous pouvez tester les <strong>cours en ligne<\/strong>. Les plateformes de yoga en ligne, des cha\u00eenes YouTube sp\u00e9cialis\u00e9es, offrent une grande libert\u00e9 : on pratique quand on veut, o\u00f9 l\u2019on veut, et souvent gratuitement ou \u00e0 petit prix. C\u2019est id\u00e9al pour les personnes qui souhaitent tester diff\u00e9rents styles, suivre des s\u00e9ances courtes (10 \u00e0 30 minutes), ou int\u00e9grer le yoga dans une routine quotidienne sans contrainte. Certains sites proposent des programmes progressifs pour d\u00e9butants, avec des vid\u00e9os guid\u00e9es et des conseils pour bien s\u2019installer.<\/p>\t\t\t\t\t\t\t\t<\/div>\n\t\t\t\t<\/div>\n\t\t\t\t\t<\/div>\n\t\t<\/div>\n\t\t\t\t\t<\/div>\n\t\t<\/section>\n\t\t\t\t<section class=\"elementor-section elementor-top-section elementor-element elementor-element-000ce61 elementor-section-boxed elementor-section-height-default elementor-section-height-default\" data-id=\"000ce61\" data-element_type=\"section\">\n\t\t\t\t\t\t<div class=\"elementor-container elementor-column-gap-default\">\n\t\t\t\t\t<div class=\"elementor-column elementor-col-50 elementor-top-column elementor-element elementor-element-ac87c6b\" data-id=\"ac87c6b\" data-element_type=\"column\">\n\t\t\t<div class=\"elementor-widget-wrap elementor-element-populated\">\n\t\t\t\t\t\t<div class=\"elementor-element elementor-element-bfda1ea elementor-widget elementor-widget-image\" data-id=\"bfda1ea\" data-element_type=\"widget\" data-widget_type=\"image.default\">\n\t\t\t\t<div class=\"elementor-widget-container\">\n\t\t\t\t\t\t\t\t\t\t\t\t\t\t\t<img  loading=\"lazy\" decoding=\"async\" width=\"749\" height=\"1024\"  src=\"data:image\/gif;base64,R0lGODlhAQABAIAAAAAAAP\/\/\/yH5BAEAAAAALAAAAAABAAEAAAIBRAA7\" data-lazy-src=\"https:\/\/media.atlasformen.com\/blogmedia\/uploads\/2025\/09\/Yoga-ligne-749x1024.jpg\"  class=\"attachment-large size-large wp-image-25986\" alt=\"Yoga en ligne\" srcset=\"https:\/\/media.atlasformen.com\/blogmedia\/uploads\/2025\/09\/Yoga-ligne-749x1024.jpg 749w, https:\/\/media.atlasformen.com\/blogmedia\/uploads\/2025\/09\/Yoga-ligne-219x300.jpg 219w, https:\/\/media.atlasformen.com\/blogmedia\/uploads\/2025\/09\/Yoga-ligne-768x1050.jpg 768w, https:\/\/media.atlasformen.com\/blogmedia\/uploads\/2025\/09\/Yoga-ligne-18x24.jpg 18w, https:\/\/media.atlasformen.com\/blogmedia\/uploads\/2025\/09\/Yoga-ligne-26x36.jpg 26w, https:\/\/media.atlasformen.com\/blogmedia\/uploads\/2025\/09\/Yoga-ligne-35x48.jpg 35w, https:\/\/media.atlasformen.com\/blogmedia\/uploads\/2025\/09\/Yoga-ligne.jpg 1024w\" sizes=\"(max-width: 749px) 100vw, 749px\" \/><noscript><img  loading=\"lazy\" decoding=\"async\" width=\"749\" height=\"1024\"  src=\"https:\/\/media.atlasformen.com\/blogmedia\/uploads\/2025\/09\/Yoga-ligne-749x1024.jpg\"  class=\"attachment-large size-large wp-image-25986\" alt=\"Yoga en ligne\" srcset=\"https:\/\/media.atlasformen.com\/blogmedia\/uploads\/2025\/09\/Yoga-ligne-749x1024.jpg 749w, https:\/\/media.atlasformen.com\/blogmedia\/uploads\/2025\/09\/Yoga-ligne-219x300.jpg 219w, https:\/\/media.atlasformen.com\/blogmedia\/uploads\/2025\/09\/Yoga-ligne-768x1050.jpg 768w, https:\/\/media.atlasformen.com\/blogmedia\/uploads\/2025\/09\/Yoga-ligne-18x24.jpg 18w, https:\/\/media.atlasformen.com\/blogmedia\/uploads\/2025\/09\/Yoga-ligne-26x36.jpg 26w, https:\/\/media.atlasformen.com\/blogmedia\/uploads\/2025\/09\/Yoga-ligne-35x48.jpg 35w, https:\/\/media.atlasformen.com\/blogmedia\/uploads\/2025\/09\/Yoga-ligne.jpg 1024w\" sizes=\"(max-width: 749px) 100vw, 749px\" \/><\/noscript>\t\t\t\t\t\t\t\t\t\t\t\t\t\t\t<\/div>\n\t\t\t\t<\/div>\n\t\t\t\t\t<\/div>\n\t\t<\/div>\n\t\t\t\t<div class=\"elementor-column elementor-col-50 elementor-top-column elementor-element elementor-element-8346efa\" data-id=\"8346efa\" data-element_type=\"column\">\n\t\t\t<div class=\"elementor-widget-wrap elementor-element-populated\">\n\t\t\t\t\t\t<div class=\"elementor-element elementor-element-b1a7dee elementor-widget elementor-widget-text-editor\" data-id=\"b1a7dee\" data-element_type=\"widget\" data-widget_type=\"text-editor.default\">\n\t\t\t\t<div class=\"elementor-widget-container\">\n\t\t\t\t\t\t\t\t\t<p>Vous pr\u00e9f\u00e9rez la <strong>r\u00e9gularit\u00e9<\/strong> et appr\u00e9ci\u00e9 <strong>\u00eatre guid\u00e9<\/strong>\u00a0? Vous pr\u00e9f\u00e9rerez peut-\u00eatre les <strong>applications mobiles<\/strong>, qui permettent de personnaliser sa pratique selon son niveau, ses objectifs (souplesse, relaxation, renforcement\u2026) et m\u00eame le temps disponible. Elles offrent souvent des rappels, des suivis de progression et des s\u00e9ances adapt\u00e9es aux d\u00e9butants. C\u2019est une solution pratique pour garder le cap et cr\u00e9er une habitude, m\u00eame avec un emploi du temps charg\u00e9.<\/p><p>Proposant un <strong>encadrement<\/strong> et une atmosph\u00e8re conviviale, les<b> studios<\/b> de quartier permettent de profiter de l\u2019exp\u00e9rience d\u2019un cours en pr\u00e9sentiel.<\/p>\t\t\t\t\t\t\t\t<\/div>\n\t\t\t\t<\/div>\n\t\t\t\t\t<\/div>\n\t\t<\/div>\n\t\t\t\t\t<\/div>\n\t\t<\/section>\n\t\t\t\t<section class=\"elementor-section elementor-top-section elementor-element elementor-element-638d950 elementor-section-boxed elementor-section-height-default elementor-section-height-default\" data-id=\"638d950\" data-element_type=\"section\">\n\t\t\t\t\t\t<div class=\"elementor-container elementor-column-gap-default\">\n\t\t\t\t\t<div class=\"elementor-column elementor-col-100 elementor-top-column elementor-element elementor-element-da34be0\" data-id=\"da34be0\" data-element_type=\"column\">\n\t\t\t<div class=\"elementor-widget-wrap elementor-element-populated\">\n\t\t\t\t\t\t<div class=\"elementor-element elementor-element-18489cf elementor-widget elementor-widget-text-editor\" data-id=\"18489cf\" data-element_type=\"widget\" data-widget_type=\"text-editor.default\">\n\t\t\t\t<div class=\"elementor-widget-container\">\n\t\t\t\t\t\t\t\t\t<p>Les s\u00e9ances sont encadr\u00e9es par des professeurs certifi\u00e9s, capables d\u2019ajuster les postures, de corriger les alignements et de r\u00e9pondre aux questions. L\u2019ambiance est souvent bienveillante, et les groupes sont de taille r\u00e9duite, ce qui facilite l\u2019apprentissage. C\u2019est aussi une belle occasion de cr\u00e9er du lien et de s\u2019ancrer dans une routine hebdomadaire.<\/p><p>Les <strong>cours en plein air<\/strong>, enfin, permettent de pratiquer dans la <strong>nature<\/strong>. De plus en plus de villes et d\u2019associations proposent des s\u00e9ances de yoga en ext\u00e9rieur, dans les parcs ou sur les plages. Respirer \u00e0 plein poumons, sentir le sol sous ses pieds, pratiquer sous les arbres ou face au ciel : c\u2019est une <strong>exp\u00e9rience sensorielle unique<\/strong>, qui renforce la connexion \u00e0 soi et \u00e0 l\u2019environnement. Ces cours sont souvent ouverts \u00e0 tous niveaux et permettent de pratiquer dans une atmosph\u00e8re d\u00e9tendue et inspirante.<\/p><p>Quel que soit le format choisi, l\u2019essentiel est de se sentir \u00e0 l\u2019aise, libre d\u2019explorer et de progresser sans pression. Le yoga commence d\u00e8s qu\u2019on d\u00e9roule son tapis \u2014 et parfois m\u00eame avant.<\/p>\t\t\t\t\t\t\t\t<\/div>\n\t\t\t\t<\/div>\n\t\t\t\t<div class=\"elementor-element elementor-element-e5dbac3 elementor-widget elementor-widget-shortcode\" data-id=\"e5dbac3\" data-element_type=\"widget\" data-widget_type=\"shortcode.default\">\n\t\t\t\t<div class=\"elementor-widget-container\">\n\t\t\t\t\t\t\t<div class=\"elementor-shortcode\"><div class=\"afmProductSlider-Container\"><div class=\"afmProductSlider-arrows-container clearfix\"><div class=\"afmArrow-prev\"><\/div><div class=\"afmArrow-next\"><\/div><\/div><div class=\"afmProductSlider \"><div class=\"afmProduct\"><a class=\"clearfix\" href=\"\/products\/femme\/vetements\/tops-et-debardeurs\/le-lot-de-2-debardeurs-stretch-dentelle\/zv510.aspx\" target=\"_blank\" ><div class=\"afmProductImageContainer\"><img  decoding=\"async\" alt=\"ProductTest01\"  src=\"data:image\/gif;base64,R0lGODlhAQABAIAAAAAAAP\/\/\/yH5BAEAAAAALAAAAAABAAEAAAIBRAA7\" data-lazy-src=\"https:\/\/media.atlasformen.com\/webmedia\/1080by1242\/02\/3f\/68\/023f681a84b4bf8e27d9d260e445e4f5.jpg?w=356\" \/><noscript><img  decoding=\"async\" alt=\"ProductTest01\"  src=\"https:\/\/media.atlasformen.com\/webmedia\/1080by1242\/02\/3f\/68\/023f681a84b4bf8e27d9d260e445e4f5.jpg?w=356\" \/><\/noscript><\/div><div class=\"afmProductInformationContainer\"><div class=\"afmProduct-items-title\"><span>Le Lot de 2 D\u00e9bardeurs Stretch Dentelle<\/span><\/div><div class=\"afmProduct-items-tag\"><\/div><div class=\"afmProduct-items-price-container col-md-12\"><span id=\"spanDiscount\" class=\"afm-ProductItemPromo\"><span class=\"afm-discount\"><strong id=\"strongOff\"><span id=\"spanLess\" class=\"less\">-<\/span><span class=\"amount\" id=\"spanPercentage\">53<\/span><span class=\"percent\">%<\/span><\/strong><\/span><\/span><span class=\"afm-ProductItemPrice afm-PLPPrice\">13\u20ac99<span id=\"spanPriceBefore\" class=\"afm-ProductItemPriceBase\">29\u20ac90<\/span><\/span><\/div><div class=\"afmProduct-items-cart\"><div class=\"afmProduct-BuyNow-Button\">J'AJOUTE AU PANIER<\/div><\/div><div class=\"afmProduct-items-sku\"> <\/div><\/div><\/a><\/div><div class=\"afmProduct\"><a class=\"clearfix\" href=\"\/products\/femme\/vetements\/tops-et-debardeurs\/lot-de-2-debardeurs-a-dentelle\/zv303.aspx\" target=\"_blank\" ><div class=\"afmProductImageContainer\"><img  decoding=\"async\" alt=\"ProductTest01\"  src=\"data:image\/gif;base64,R0lGODlhAQABAIAAAAAAAP\/\/\/yH5BAEAAAAALAAAAAABAAEAAAIBRAA7\" data-lazy-src=\"https:\/\/media.atlasformen.com\/webmedia\/1080by1242\/c0\/b8\/2e\/c0b82e0b688cdf3d0f284d4dc86efb82.jpg?w=356\" \/><noscript><img  decoding=\"async\" alt=\"ProductTest01\"  src=\"https:\/\/media.atlasformen.com\/webmedia\/1080by1242\/c0\/b8\/2e\/c0b82e0b688cdf3d0f284d4dc86efb82.jpg?w=356\" \/><\/noscript><\/div><div class=\"afmProductInformationContainer\"><div class=\"afmProduct-items-title\"><span>Lot de 2 D\u00e9bardeurs \u00e0 Dentelle<\/span><\/div><div class=\"afmProduct-items-tag\"><\/div><div class=\"afmProduct-items-price-container col-md-12\"><span id=\"spanDiscount\" class=\"afm-ProductItemPromo\"><span class=\"afm-discount\"><strong id=\"strongOff\"><span id=\"spanLess\" class=\"less\">-<\/span><span class=\"amount\" id=\"spanPercentage\">49<\/span><span class=\"percent\">%<\/span><\/strong><\/span><\/span><span class=\"afm-ProductItemPrice afm-PLPPrice\">14\u20ac99<span id=\"spanPriceBefore\" class=\"afm-ProductItemPriceBase\">29\u20ac90<\/span><\/span><\/div><div class=\"afmProduct-items-cart\"><div class=\"afmProduct-BuyNow-Button\">J'AJOUTE AU PANIER<\/div><\/div><div class=\"afmProduct-items-sku\"> <\/div><\/div><\/a><\/div><div class=\"afmProduct\"><a class=\"clearfix\" href=\"\/products\/femme\/vetements\/tops-et-debardeurs\/debardeur-vert-femme-vero-moda-menny\/1183645.aspx\" target=\"_blank\" ><div class=\"afmProductImageContainer\"><img  decoding=\"async\" alt=\"ProductTest01\"  src=\"data:image\/gif;base64,R0lGODlhAQABAIAAAAAAAP\/\/\/yH5BAEAAAAALAAAAAABAAEAAAIBRAA7\" data-lazy-src=\"https:\/\/media.atlasformen.com\/webmedia\/1080by1242\/7D\/A8\/9E\/7DA89E248B331E0F1CD891A59374D2A9C4EC079A659EF2AAF895899163DDB167.jpg?w=356\" \/><noscript><img  decoding=\"async\" alt=\"ProductTest01\"  src=\"https:\/\/media.atlasformen.com\/webmedia\/1080by1242\/7D\/A8\/9E\/7DA89E248B331E0F1CD891A59374D2A9C4EC079A659EF2AAF895899163DDB167.jpg?w=356\" \/><\/noscript><\/div><div class=\"afmProductInformationContainer\"><div class=\"afmProduct-items-title\"><span>D\u00e9bardeur vert femme vero moda menny<\/span><\/div><div class=\"afmProduct-items-tag\"><\/div><div class=\"afmProduct-items-price-container col-md-12\"><span id=\"spanDiscount\" class=\"afm-ProductItemPromo\"><span class=\"afm-discount\"><strong id=\"strongOff\"><span id=\"spanLess\" class=\"less\">-<\/span><span class=\"amount\" id=\"spanPercentage\">45<\/span><span class=\"percent\">%<\/span><\/strong><\/span><\/span><span class=\"afm-ProductItemPrice afm-PLPPrice\">11\u20ac99<span id=\"spanPriceBefore\" class=\"afm-ProductItemPriceBase\">21\u20ac99<\/span><\/span><\/div><div class=\"afmProduct-items-cart\"><div class=\"afmProduct-BuyNow-Button\">J'AJOUTE AU PANIER<\/div><\/div><div class=\"afmProduct-items-sku\"> <\/div><\/div><\/a><\/div><div class=\"afmProduct\"><a class=\"clearfix\" href=\"\/products\/femme\/vetements\/tops-et-debardeurs\/debardeur-rose-femme-vero-moda-ga\/1183850.aspx\" target=\"_blank\" ><div class=\"afmProductImageContainer\"><img  decoding=\"async\" alt=\"ProductTest01\"  src=\"data:image\/gif;base64,R0lGODlhAQABAIAAAAAAAP\/\/\/yH5BAEAAAAALAAAAAABAAEAAAIBRAA7\" data-lazy-src=\"https:\/\/media.atlasformen.com\/webmedia\/1080by1242\/0C\/A0\/D6\/0CA0D68488BE2488E8460DFF529E9F579F0FA1B6FBBEE855A34AEB90ABD8DD40.jpg?w=356\" \/><noscript><img  decoding=\"async\" alt=\"ProductTest01\"  src=\"https:\/\/media.atlasformen.com\/webmedia\/1080by1242\/0C\/A0\/D6\/0CA0D68488BE2488E8460DFF529E9F579F0FA1B6FBBEE855A34AEB90ABD8DD40.jpg?w=356\" \/><\/noscript><\/div><div class=\"afmProductInformationContainer\"><div class=\"afmProduct-items-title\"><span>D\u00e9bardeur rose femme vero moda ga<\/span><\/div><div class=\"afmProduct-items-tag\"><\/div><div class=\"afmProduct-items-price-container col-md-12\"><span id=\"spanDiscount\" class=\"afm-ProductItemPromo\"><span class=\"afm-discount\"><strong id=\"strongOff\"><span id=\"spanLess\" class=\"less\">-<\/span><span class=\"amount\" id=\"spanPercentage\">46<\/span><span class=\"percent\">%<\/span><\/strong><\/span><\/span><span class=\"afm-ProductItemPrice afm-PLPPrice\">15\u20ac99<span id=\"spanPriceBefore\" class=\"afm-ProductItemPriceBase\">29\u20ac99<\/span><\/span><\/div><div class=\"afmProduct-items-cart\"><div class=\"afmProduct-BuyNow-Button\">J'AJOUTE AU PANIER<\/div><\/div><div class=\"afmProduct-items-sku\"> <\/div><\/div><\/a><\/div><div class=\"afmProduct\"><a class=\"clearfix\" href=\"\/products\/femme\/vetements\/tops-et-debardeurs\/debardeur-jaune-femme-von-dutch-zip\/1030690.aspx\" target=\"_blank\" ><div class=\"afmProductImageContainer\"><img  decoding=\"async\" alt=\"ProductTest01\"  src=\"data:image\/gif;base64,R0lGODlhAQABAIAAAAAAAP\/\/\/yH5BAEAAAAALAAAAAABAAEAAAIBRAA7\" data-lazy-src=\"https:\/\/media.atlasformen.com\/webmedia\/1080by1242\/70\/6D\/5B\/706D5B51321D09C2AC25A5184BEF11E6117A40EB018F6E58CD376DDEB01EE4C0.jpg?w=356\" \/><noscript><img  decoding=\"async\" alt=\"ProductTest01\"  src=\"https:\/\/media.atlasformen.com\/webmedia\/1080by1242\/70\/6D\/5B\/706D5B51321D09C2AC25A5184BEF11E6117A40EB018F6E58CD376DDEB01EE4C0.jpg?w=356\" \/><\/noscript><\/div><div class=\"afmProductInformationContainer\"><div class=\"afmProduct-items-title\"><span>D\u00e9bardeur jaune femme von dutch zip<\/span><\/div><div class=\"afmProduct-items-tag\"><\/div><div class=\"afmProduct-items-price-container col-md-12\"><span id=\"spanDiscount\" class=\"afm-ProductItemPromo\"><span class=\"afm-discount\"><strong id=\"strongOff\"><span id=\"spanLess\" class=\"less\">-<\/span><span class=\"amount\" id=\"spanPercentage\">39<\/span><span class=\"percent\">%<\/span><\/strong><\/span><\/span><span class=\"afm-ProductItemPrice afm-PLPPrice\">17\u20ac99<span id=\"spanPriceBefore\" class=\"afm-ProductItemPriceBase\">29\u20ac90<\/span><\/span><\/div><div class=\"afmProduct-items-cart\"><div class=\"afmProduct-BuyNow-Button\">J'AJOUTE AU PANIER<\/div><\/div><div class=\"afmProduct-items-sku\"> <\/div><\/div><\/a><\/div><div class=\"afmProduct\"><a class=\"clearfix\" href=\"\/products\/femme\/vetements\/tops-et-debardeurs\/debardeur-bleu-femme-superdry-ruched\/1116291.aspx\" target=\"_blank\" ><div class=\"afmProductImageContainer\"><img  decoding=\"async\" alt=\"ProductTest01\"  src=\"data:image\/gif;base64,R0lGODlhAQABAIAAAAAAAP\/\/\/yH5BAEAAAAALAAAAAABAAEAAAIBRAA7\" data-lazy-src=\"https:\/\/media.atlasformen.com\/webmedia\/1080by1242\/64\/26\/3E\/64263E58D1361A811AC5F0697966BC49794AC327E27D4F5CF8FE63F48CECAD0B.jpg?w=356\" \/><noscript><img  decoding=\"async\" alt=\"ProductTest01\"  src=\"https:\/\/media.atlasformen.com\/webmedia\/1080by1242\/64\/26\/3E\/64263E58D1361A811AC5F0697966BC49794AC327E27D4F5CF8FE63F48CECAD0B.jpg?w=356\" \/><\/noscript><\/div><div class=\"afmProductInformationContainer\"><div class=\"afmProduct-items-title\"><span>D\u00e9bardeur bleu femme superdry ruched<\/span><\/div><div class=\"afmProduct-items-tag\"><\/div><div class=\"afmProduct-items-price-container col-md-12\"><span id=\"spanDiscount\" class=\"afm-ProductItemPromo\"><span class=\"afm-discount\"><strong id=\"strongOff\"><span id=\"spanLess\" class=\"less\">-<\/span><span class=\"amount\" id=\"spanPercentage\">33<\/span><span class=\"percent\">%<\/span><\/strong><\/span><\/span><span class=\"afm-ProductItemPrice afm-PLPPrice\">17\u20ac99<span id=\"spanPriceBefore\" class=\"afm-ProductItemPriceBase\">26\u20ac99<\/span><\/span><\/div><div class=\"afmProduct-items-cart\"><div class=\"afmProduct-BuyNow-Button\">J'AJOUTE AU PANIER<\/div><\/div><div class=\"afmProduct-items-sku\"> <\/div><\/div><\/a><\/div><div class=\"afmProduct\"><a class=\"clearfix\" href=\"\/products\/femme\/vetements\/tops-et-debardeurs\/mayflower-declic2-debardeur-raye-en-coton-pour-femme-au-confort-stretch-naturel\/1139474.aspx\" target=\"_blank\" ><div class=\"afmProductImageContainer\"><img  decoding=\"async\" alt=\"ProductTest01\"  src=\"data:image\/gif;base64,R0lGODlhAQABAIAAAAAAAP\/\/\/yH5BAEAAAAALAAAAAABAAEAAAIBRAA7\" data-lazy-src=\"https:\/\/media.atlasformen.com\/webmedia\/1080by1242\/26\/A0\/0A\/26A00A350CF124C96800AF8219ED01F1E473EB326692436C0EE0F1B7D96B7F27.jpg?w=356\" \/><noscript><img  decoding=\"async\" alt=\"ProductTest01\"  src=\"https:\/\/media.atlasformen.com\/webmedia\/1080by1242\/26\/A0\/0A\/26A00A350CF124C96800AF8219ED01F1E473EB326692436C0EE0F1B7D96B7F27.jpg?w=356\" \/><\/noscript><\/div><div class=\"afmProductInformationContainer\"><div class=\"afmProduct-items-title\"><span>MAYFLOWER DECLIC2 : D\u00e9bardeur ray\u00e9 en coton pour femme au confort stretch naturel<\/span><\/div><div class=\"afmProduct-items-tag\"><\/div><div class=\"afmProduct-items-price-container col-md-12\"><span id=\"spanDiscount\" class=\"afm-ProductItemPromo\"><span class=\"afm-discount\"><strong id=\"strongOff\"><span id=\"spanLess\" class=\"less\">-<\/span><span class=\"amount\" id=\"spanPercentage\">30<\/span><span class=\"percent\">%<\/span><\/strong><\/span><\/span><span class=\"afm-ProductItemPrice afm-PLPPrice\">21\u20ac63<span id=\"spanPriceBefore\" class=\"afm-ProductItemPriceBase\">30\u20ac90<\/span><\/span><\/div><div class=\"afmProduct-items-cart\"><div class=\"afmProduct-BuyNow-Button\">J'AJOUTE AU PANIER<\/div><\/div><div class=\"afmProduct-items-sku\"> <\/div><\/div><\/a><\/div><div class=\"afmProduct\"><a class=\"clearfix\" href=\"\/products\/femme\/vetements\/tops-et-debardeurs\/top-fines-bretelles-mayflower-lamy-multicolore-la-douceur-du-coton-naturel-pour-illuminer-vos-looks-dete\/1139530.aspx\" target=\"_blank\" ><div class=\"afmProductImageContainer\"><img  decoding=\"async\" alt=\"ProductTest01\"  src=\"data:image\/gif;base64,R0lGODlhAQABAIAAAAAAAP\/\/\/yH5BAEAAAAALAAAAAABAAEAAAIBRAA7\" data-lazy-src=\"https:\/\/media.atlasformen.com\/webmedia\/1080by1242\/13\/A3\/17\/13A31785CE0F2D4F1D17E1F145CC569FC22C63D5657FE94F9CC283C121137E1E.jpg?w=356\" \/><noscript><img  decoding=\"async\" alt=\"ProductTest01\"  src=\"https:\/\/media.atlasformen.com\/webmedia\/1080by1242\/13\/A3\/17\/13A31785CE0F2D4F1D17E1F145CC569FC22C63D5657FE94F9CC283C121137E1E.jpg?w=356\" \/><\/noscript><\/div><div class=\"afmProductInformationContainer\"><div class=\"afmProduct-items-title\"><span>Top fines bretelles MAYFLOWER LAMY multicolore : la douceur du coton naturel pour illuminer vos looks d'\u00e9t\u00e9<\/span><\/div><div class=\"afmProduct-items-tag\"><\/div><div class=\"afmProduct-items-price-container col-md-12\"><span id=\"spanDiscount\" class=\"afm-ProductItemPromo\"><span class=\"afm-discount\"><strong id=\"strongOff\"><span id=\"spanLess\" class=\"less\">-<\/span><span class=\"amount\" id=\"spanPercentage\">38<\/span><span class=\"percent\">%<\/span><\/strong><\/span><\/span><span class=\"afm-ProductItemPrice afm-PLPPrice\">18\u20ac34<span id=\"spanPriceBefore\" class=\"afm-ProductItemPriceBase\">29\u20ac90<\/span><\/span><\/div><div class=\"afmProduct-items-cart\"><div class=\"afmProduct-BuyNow-Button\">J'AJOUTE AU PANIER<\/div><\/div><div class=\"afmProduct-items-sku\"> <\/div><\/div><\/a><\/div><\/div><\/div>\n<\/div>\n\t\t\t\t\t\t<\/div>\n\t\t\t\t<\/div>\n\t\t\t\t<div class=\"elementor-element elementor-element-0a66996 elementor-widget elementor-widget-heading\" data-id=\"0a66996\" data-element_type=\"widget\" data-widget_type=\"heading.default\">\n\t\t\t\t<div class=\"elementor-widget-container\">\n\t\t\t\t\t<h2 class=\"elementor-heading-title elementor-size-default\">Quel mat\u00e9riel pour d\u00e9buter en yoga ? <\/h2>\t\t\t\t<\/div>\n\t\t\t\t<\/div>\n\t\t\t\t<div class=\"elementor-element elementor-element-cb6df83 elementor-widget elementor-widget-text-editor\" data-id=\"cb6df83\" data-element_type=\"widget\" data-widget_type=\"text-editor.default\">\n\t\t\t\t<div class=\"elementor-widget-container\">\n\t\t\t\t\t\t\t\t\t<p>L\u2019un des grands avantages du yoga, c\u2019est qu\u2019il n\u00e9cessite <strong>tr\u00e8s peu de mat\u00e9riel pour commencer<\/strong>. Pas besoin d\u2019investir dans un \u00e9quipement co\u00fbteux ou encombrant : quelques \u00e9l\u00e9ments bien choisis suffisent \u00e0 cr\u00e9er un espace de pratique confortable, s\u00e9curisant et adapt\u00e9 \u00e0 vos besoins.<\/p><p>Le <strong>tapis de yoga<\/strong> est l\u2019\u00e9l\u00e9ment central de la pratique. Il doit \u00eatre\u00a0<strong>antid\u00e9rapant<\/strong>, pour \u00e9viter les glissements lors des postures debout ou des transitions dynamiques, et\u00a0<strong>suffisamment \u00e9pais<\/strong>\u00a0(entre 4 et 6 mm) pour prot\u00e9ger les articulations, notamment les genoux et les poignets. Les tapis en TPE ou en caoutchouc naturel offrent une bonne adh\u00e9rence et un confort optimal. Si vous pratiquez \u00e0 domicile, un tapis plus \u00e9pais peut \u00eatre agr\u00e9able ; en studio ou en ext\u00e9rieur, privil\u00e9giez un mod\u00e8le l\u00e9ger et facilement transportable.<\/p>\t\t\t\t\t\t\t\t<\/div>\n\t\t\t\t<\/div>\n\t\t\t\t<div class=\"elementor-element elementor-element-e092812 elementor-widget elementor-widget-image\" data-id=\"e092812\" data-element_type=\"widget\" data-widget_type=\"image.default\">\n\t\t\t\t<div class=\"elementor-widget-container\">\n\t\t\t\t\t\t\t\t\t\t\t\t\t\t\t<img  loading=\"lazy\" decoding=\"async\" width=\"809\" height=\"610\"  src=\"data:image\/gif;base64,R0lGODlhAQABAIAAAAAAAP\/\/\/yH5BAEAAAAALAAAAAABAAEAAAIBRAA7\" data-lazy-src=\"https:\/\/media.atlasformen.com\/blogmedia\/uploads\/2025\/09\/equipement-de-yoga.jpg\"  class=\"attachment-large size-large wp-image-25961\" alt=\"\" srcset=\"https:\/\/media.atlasformen.com\/blogmedia\/uploads\/2025\/09\/equipement-de-yoga.jpg 809w, https:\/\/media.atlasformen.com\/blogmedia\/uploads\/2025\/09\/equipement-de-yoga-300x226.jpg 300w, https:\/\/media.atlasformen.com\/blogmedia\/uploads\/2025\/09\/equipement-de-yoga-768x579.jpg 768w, https:\/\/media.atlasformen.com\/blogmedia\/uploads\/2025\/09\/equipement-de-yoga-24x18.jpg 24w, https:\/\/media.atlasformen.com\/blogmedia\/uploads\/2025\/09\/equipement-de-yoga-36x27.jpg 36w, https:\/\/media.atlasformen.com\/blogmedia\/uploads\/2025\/09\/equipement-de-yoga-48x36.jpg 48w\" sizes=\"(max-width: 809px) 100vw, 809px\" \/><noscript><img  loading=\"lazy\" decoding=\"async\" width=\"809\" height=\"610\"  src=\"https:\/\/media.atlasformen.com\/blogmedia\/uploads\/2025\/09\/equipement-de-yoga.jpg\"  class=\"attachment-large size-large wp-image-25961\" alt=\"\" srcset=\"https:\/\/media.atlasformen.com\/blogmedia\/uploads\/2025\/09\/equipement-de-yoga.jpg 809w, https:\/\/media.atlasformen.com\/blogmedia\/uploads\/2025\/09\/equipement-de-yoga-300x226.jpg 300w, https:\/\/media.atlasformen.com\/blogmedia\/uploads\/2025\/09\/equipement-de-yoga-768x579.jpg 768w, https:\/\/media.atlasformen.com\/blogmedia\/uploads\/2025\/09\/equipement-de-yoga-24x18.jpg 24w, https:\/\/media.atlasformen.com\/blogmedia\/uploads\/2025\/09\/equipement-de-yoga-36x27.jpg 36w, https:\/\/media.atlasformen.com\/blogmedia\/uploads\/2025\/09\/equipement-de-yoga-48x36.jpg 48w\" sizes=\"(max-width: 809px) 100vw, 809px\" \/><\/noscript>\t\t\t\t\t\t\t\t\t\t\t\t\t\t\t<\/div>\n\t\t\t\t<\/div>\n\t\t\t\t<div class=\"elementor-element elementor-element-335e0a5 elementor-widget elementor-widget-text-editor\" data-id=\"335e0a5\" data-element_type=\"widget\" data-widget_type=\"text-editor.default\">\n\t\t\t\t<div class=\"elementor-widget-container\">\n\t\t\t\t\t\t\t\t\t<p>La <strong>tenue id\u00e9ale<\/strong> pour le yoga est celle qui\u00a0accompagne les mouvements sans les entraver. Un legging ou un pantalon <strong>souple<\/strong>, associ\u00e9 \u00e0 un t-shirt ou une brassi\u00e8re bien ajust\u00e9e, permet de bouger librement tout en restant concentr\u00e9 sur sa pratique. Privil\u00e9giez les <strong>mati\u00e8res\u00a0respirantes<\/strong>\u00a0comme le coton bio ou les textiles techniques, qui \u00e9vacuent l\u2019humidit\u00e9 et \u00e9vitent les frottements. L\u2019objectif est de se sentir \u00e0 l\u2019aise, sans distraction li\u00e9e \u00e0 des v\u00eatements trop serr\u00e9s ou glissants.<\/p><p>Pour les d\u00e9butants, certains <strong>accessoires<\/strong> peuvent grandement faciliter l\u2019apprentissage et le confort. Les <strong>blocs<\/strong> de yoga, en mousse dense ou en li\u00e8ge, permettent de\u00a0rehausser le sol\u00a0dans les postures o\u00f9 la souplesse manque (comme la pince ou le triangle). Ils offrent un appui stable pour \u00e9viter les tensions inutiles. La <strong>sangle <\/strong>de yoga\u00a0aide \u00e0\u00a0prolonger l\u2019amplitude\u00a0dans les \u00e9tirements, notamment pour attraper les pieds ou maintenir une posture sans forcer. Un <strong>coussin,<\/strong> ou un <strong>bolster,<\/strong>\u00a0peut \u00eatre utile pour les postures assises prolong\u00e9es ou les s\u00e9ances de yin et de restorative yoga, en soutenant le dos ou les hanches.<\/p><p>Ces accessoires ne sont pas obligatoires, mais ils permettent d\u2019adapter la pratique \u00e0 votre corps, et non l\u2019inverse \u2014 ce qui est l\u2019un des principes fondamentaux du yoga.<\/p>\t\t\t\t\t\t\t\t<\/div>\n\t\t\t\t<\/div>\n\t\t\t\t<div class=\"elementor-element elementor-element-8aa5421 elementor-widget elementor-widget-heading\" data-id=\"8aa5421\" data-element_type=\"widget\" data-widget_type=\"heading.default\">\n\t\t\t\t<div class=\"elementor-widget-container\">\n\t\t\t\t\t<h2 class=\"elementor-heading-title elementor-size-default\">En bonus : 5 minutes de yoga quotidien pour commencer<\/h2>\t\t\t\t<\/div>\n\t\t\t\t<\/div>\n\t\t\t\t<div class=\"elementor-element elementor-element-56f104b elementor-widget elementor-widget-text-editor\" data-id=\"56f104b\" data-element_type=\"widget\" data-widget_type=\"text-editor.default\">\n\t\t\t\t<div class=\"elementor-widget-container\">\n\t\t\t\t\t\t\t\t\t<p>Cette petite routine de 5 minutes peut faire une r\u00e9elle diff\u00e9rence, que ce soit pour bien d\u00e9marrer la journ\u00e9e ou pour favoriser l\u2019endormissement. Cette s\u00e9quence <strong>simple<\/strong>, accessible \u00e0 <strong>tous les niveaux<\/strong>, <strong>sans mat\u00e9riel sp\u00e9cifique<\/strong>, peut ainsi se pratiquer le <strong>matin<\/strong> au r\u00e9veil, ou le <b>soir<\/b> avant de se coucher :<\/p><ol><li><strong>Respiration consciente (1 min)<\/strong><\/li><\/ol><p>Asseyez-vous confortablement, dos droit, mains sur les genoux. Inspirez profond\u00e9ment par le nez pendant 4 secondes, retenez l\u2019air 2 secondes, puis expirez lentement par la bouche pendant 6 secondes. R\u00e9p\u00e9tez ce cycle pendant une minute pour calmer le syst\u00e8me nerveux et vous ancrer dans le moment.<\/p><ol start=\"2\"><li><strong>\u00c9tirement lat\u00e9ral en position assise (1 min)<\/strong><\/li><\/ol><p>En tailleur ou jambes allong\u00e9es, levez le bras droit au-dessus de la t\u00eate et penchez-vous doucement vers la gauche. Gardez les fessiers bien ancr\u00e9s au sol. Respirez profond\u00e9ment. Revenez au centre, puis changez de c\u00f4t\u00e9. Cela ouvre les flancs et stimule la respiration.<\/p><ol start=\"3\"><li><strong>Posture du chat\/vache (1 min)<\/strong><\/li><\/ol><p>\u00c0 quatre pattes, alternez entre dos creus\u00e9 (vache) en inspirant, et dos arrondi (chat) en expirant. Ce mouvement fluide mobilise la colonne vert\u00e9brale, r\u00e9veille les muscles du dos et rel\u00e2che les tensions.<\/p><ol start=\"4\"><li><strong>Posture de l\u2019enfant (1 min)<\/strong><\/li><\/ol><p>Asseyez-vous sur vos talons, bras \u00e9tir\u00e9s devant vous, front pos\u00e9 au sol. Respirez profond\u00e9ment. Cette posture favorise le rel\u00e2chement du dos, des \u00e9paules et du mental.<\/p><ol start=\"5\"><li><strong>Torsion allong\u00e9e (1 min)<\/strong><\/li><\/ol><p>Allongez-vous sur le dos, genoux repli\u00e9s. Laissez tomber les jambes vers la droite, bras en croix, regard vers la gauche. Respirez lentement. Apr\u00e8s 30 secondes, changez de c\u00f4t\u00e9. Cette torsion douce d\u00e9tend la colonne et favorise la digestion.<\/p>\t\t\t\t\t\t\t\t<\/div>\n\t\t\t\t<\/div>\n\t\t\t\t<div class=\"elementor-element elementor-element-d7c893c elementor-widget elementor-widget-text-editor\" data-id=\"d7c893c\" data-element_type=\"widget\" data-widget_type=\"text-editor.default\">\n\t\t\t\t<div class=\"elementor-widget-container\">\n\t\t\t\t\t\t\t\t\t<p>Vous avez aim\u00e9 cet article ? Retrouvez d&#8217;autres conseils bien-\u00eatre ici: <span style=\"text-decoration: underline;\"><a href=\"https:\/\/www.atlasformen.fr\/blog\/bouger\/randonnee\/marche-bienfaits\/\" target=\"_blank\" rel=\"noopener\"><strong>La marche : quels bienfaits sur le corps et l\u2019esprit ?<\/strong><\/a><\/span> ou encore <a href=\"https:\/\/www.atlasformen.fr\/blog\/bouger\/randonnee\/psycho-rando-bienfaits\/\" target=\"_blank\" rel=\"noopener\"><span style=\"text-decoration: underline;\"><strong>Tout savoir sur la psycho-rando et ses bienfaits<\/strong><\/span><\/a>.<\/p>\t\t\t\t\t\t\t\t<\/div>\n\t\t\t\t<\/div>\n\t\t\t\t\t<\/div>\n\t\t<\/div>\n\t\t\t\t\t<\/div>\n\t\t<\/section>\n\t\t\t\t<section class=\"elementor-section elementor-top-section elementor-element elementor-element-60bf531 elementor-section-boxed elementor-section-height-default elementor-section-height-default\" data-id=\"60bf531\" data-element_type=\"section\">\n\t\t\t\t\t\t<div class=\"elementor-container elementor-column-gap-default\">\n\t\t\t\t\t<div class=\"elementor-column elementor-col-100 elementor-top-column elementor-element elementor-element-262d4bcf\" data-id=\"262d4bcf\" data-element_type=\"column\">\n\t\t\t<div class=\"elementor-widget-wrap elementor-element-populated\">\n\t\t\t\t\t\t<div class=\"elementor-element elementor-element-3eb23c10 elementor-widget elementor-widget-text-editor\" data-id=\"3eb23c10\" data-element_type=\"widget\" data-widget_type=\"text-editor.default\">\n\t\t\t\t<div class=\"elementor-widget-container\">\n\t\t\t\t\t\t\t\t\t<p><strong>Avez-vous d\u00e9j\u00e0 pratiqu\u00e9 le yoga ?<\/strong><\/p>\t\t\t\t\t\t\t\t<\/div>\n\t\t\t\t<\/div>\n\t\t\t\t\t<\/div>\n\t\t<\/div>\n\t\t\t\t\t<\/div>\n\t\t<\/section>\n\t\t\t\t<\/div>\n\t\t","protected":false},"excerpt":{"rendered":"<p>Profond\u00e9ment ancr\u00e9 dans les traditions orientales, le yoga est parfois entour\u00e9 d\u2019id\u00e9es re\u00e7ues. Certains l\u2019imaginent r\u00e9serv\u00e9 aux initi\u00e9s ou aux contorsionnistes, alors qu\u2019il s\u2019adresse en r\u00e9alit\u00e9 \u00e0 toutes et tous, quels que soient l\u2019\u00e2ge, la condition physique ou le niveau d\u2019exp\u00e9rience. Accessible et adaptable, le yoga peut devenir un v\u00e9ritable alli\u00e9 pour retrouver de l\u2019\u00e9nergie, &hellip;<\/p>\n","protected":false},"author":12,"featured_media":25974,"comment_status":"open","ping_status":"open","sticky":false,"template":"","format":"standard","meta":{"footnotes":""},"categories":[113,143],"tags":[165,185],"class_list":["post-25950","post","type-post","status-publish","format-standard","has-post-thumbnail","hentry","category-bouger","category-randonnee","tag-bouger","tag-randonnee"],"yoast_head":"<!-- This site is optimized with the Yoast SEO plugin v25.2 - https:\/\/yoast.com\/wordpress\/plugins\/seo\/ -->\r\n<title>Yoga : nos conseils pour d\u00e9buter | Atlas For Men<\/title>\r\n<meta name=\"description\" content=\"A la recherche d&#039;une nouvelle activit\u00e9 ? Le yoga est peut-\u00eatre fait pour vous ! D\u00e9couvrez tous nos conseils pour d\u00e9buter en toute s\u00e9r\u00e9nit\u00e9 !\" \/>\r\n<meta name=\"robots\" content=\"index,follow,archive\" \/>\r\n<link rel=\"canonical\" href=\"https:\/\/preprodmvc.atlasformen.fr\/blog\/bouger\/randonnee\/yoga-debuter-conseils\/\" \/>\r\n<meta property=\"og:locale\" content=\"en_US\" \/>\r\n<meta property=\"og:type\" content=\"article\" \/>\r\n<meta property=\"og:title\" content=\"Yoga : nos conseils pour d\u00e9buter | Atlas For Men\" \/>\r\n<meta property=\"og:description\" content=\"A la recherche d&#039;une nouvelle activit\u00e9 ? Le yoga est peut-\u00eatre fait pour vous ! D\u00e9couvrez tous nos conseils pour d\u00e9buter en toute s\u00e9r\u00e9nit\u00e9 !\" \/>\r\n<meta property=\"og:url\" content=\"https:\/\/preprodmvc.atlasformen.fr\/blog\/bouger\/randonnee\/yoga-debuter-conseils\/\" \/>\r\n<meta property=\"og:site_name\" content=\"Atlas For Men Blog\" \/>\r\n<meta property=\"article:publisher\" content=\"https:\/\/www.facebook.com\/AtlasForMen\/\" \/>\r\n<meta property=\"article:published_time\" content=\"2025-09-17T12:01:58+00:00\" \/>\r\n<meta property=\"article:modified_time\" content=\"2025-09-17T12:07:51+00:00\" \/>\r\n<meta property=\"og:image\" content=\"https:\/\/media.atlasformen.com\/blogmedia\/uploads\/2025\/09\/Design-sans-titre.jpg\" \/>\r\n\t<meta property=\"og:image:width\" content=\"2000\" \/>\r\n\t<meta property=\"og:image:height\" content=\"1414\" \/>\r\n\t<meta property=\"og:image:type\" content=\"image\/jpeg\" \/>\r\n<meta name=\"author\" content=\"Hanna Rizzo\" \/>\r\n<meta name=\"twitter:card\" content=\"summary_large_image\" \/>\r\n<meta name=\"twitter:creator\" content=\"@atlas_for_men\" \/>\r\n<meta name=\"twitter:site\" content=\"@atlas_for_men\" \/>\r\n<meta name=\"twitter:label1\" content=\"Written by\" \/>\n\t<meta name=\"twitter:data1\" content=\"Hanna Rizzo\" \/>\n\t<meta name=\"twitter:label2\" content=\"Est. reading time\" \/>\n\t<meta name=\"twitter:data2\" content=\"12 minutes\" \/>\r\n<script type=\"application\/ld+json\" class=\"yoast-schema-graph\">{\"@context\":\"https:\/\/schema.org\",\"@graph\":[{\"@type\":\"Article\",\"@id\":\"https:\/\/preprodmvc.atlasformen.fr\/blog\/bouger\/randonnee\/yoga-debuter-conseils\/#article\",\"isPartOf\":{\"@id\":\"https:\/\/preprodmvc.atlasformen.fr\/blog\/bouger\/randonnee\/yoga-debuter-conseils\/\"},\"author\":{\"name\":\"Hanna Rizzo\",\"@id\":\"https:\/\/www.atlasformen.fr\/blog\/#\/schema\/person\/093990babf323556d1ed802728d3ef74\"},\"headline\":\"Yoga : nos conseils pour d\u00e9buter\",\"datePublished\":\"2025-09-17T12:01:58+00:00\",\"dateModified\":\"2025-09-17T12:07:51+00:00\",\"mainEntityOfPage\":{\"@id\":\"https:\/\/preprodmvc.atlasformen.fr\/blog\/bouger\/randonnee\/yoga-debuter-conseils\/\"},\"wordCount\":2625,\"commentCount\":0,\"publisher\":{\"@id\":\"https:\/\/www.atlasformen.fr\/blog\/#organization\"},\"image\":{\"@id\":\"https:\/\/preprodmvc.atlasformen.fr\/blog\/bouger\/randonnee\/yoga-debuter-conseils\/#primaryimage\"},\"thumbnailUrl\":\"https:\/\/media.atlasformen.com\/blogmedia\/uploads\/2025\/09\/Design-sans-titre.jpg\",\"keywords\":[\"Bouger\",\"Randonn\u00e9e\"],\"articleSection\":[\"Bouger\",\"Randonn\u00e9e\"],\"inLanguage\":\"en-US\",\"potentialAction\":[{\"@type\":\"CommentAction\",\"name\":\"Comment\",\"target\":[\"https:\/\/preprodmvc.atlasformen.fr\/blog\/bouger\/randonnee\/yoga-debuter-conseils\/#respond\"]}]},{\"@type\":\"WebPage\",\"@id\":\"https:\/\/preprodmvc.atlasformen.fr\/blog\/bouger\/randonnee\/yoga-debuter-conseils\/\",\"url\":\"https:\/\/preprodmvc.atlasformen.fr\/blog\/bouger\/randonnee\/yoga-debuter-conseils\/\",\"name\":\"Yoga : nos conseils pour d\u00e9buter | Atlas For Men\",\"isPartOf\":{\"@id\":\"https:\/\/www.atlasformen.fr\/blog\/#website\"},\"primaryImageOfPage\":{\"@id\":\"https:\/\/preprodmvc.atlasformen.fr\/blog\/bouger\/randonnee\/yoga-debuter-conseils\/#primaryimage\"},\"image\":{\"@id\":\"https:\/\/preprodmvc.atlasformen.fr\/blog\/bouger\/randonnee\/yoga-debuter-conseils\/#primaryimage\"},\"thumbnailUrl\":\"https:\/\/media.atlasformen.com\/blogmedia\/uploads\/2025\/09\/Design-sans-titre.jpg\",\"datePublished\":\"2025-09-17T12:01:58+00:00\",\"dateModified\":\"2025-09-17T12:07:51+00:00\",\"description\":\"A la recherche d'une nouvelle activit\u00e9 ? Le yoga est peut-\u00eatre fait pour vous ! D\u00e9couvrez tous nos conseils pour d\u00e9buter en toute s\u00e9r\u00e9nit\u00e9 !\",\"breadcrumb\":{\"@id\":\"https:\/\/preprodmvc.atlasformen.fr\/blog\/bouger\/randonnee\/yoga-debuter-conseils\/#breadcrumb\"},\"inLanguage\":\"en-US\",\"potentialAction\":[{\"@type\":\"ReadAction\",\"target\":[\"https:\/\/preprodmvc.atlasformen.fr\/blog\/bouger\/randonnee\/yoga-debuter-conseils\/\"]}]},{\"@type\":\"ImageObject\",\"inLanguage\":\"en-US\",\"@id\":\"https:\/\/preprodmvc.atlasformen.fr\/blog\/bouger\/randonnee\/yoga-debuter-conseils\/#primaryimage\",\"url\":\"https:\/\/media.atlasformen.com\/blogmedia\/uploads\/2025\/09\/Design-sans-titre.jpg\",\"contentUrl\":\"https:\/\/media.atlasformen.com\/blogmedia\/uploads\/2025\/09\/Design-sans-titre.jpg\",\"width\":2000,\"height\":1414,\"caption\":\"Yoga rentr\u00e9e\"},{\"@type\":\"BreadcrumbList\",\"@id\":\"https:\/\/preprodmvc.atlasformen.fr\/blog\/bouger\/randonnee\/yoga-debuter-conseils\/#breadcrumb\",\"itemListElement\":[{\"@type\":\"ListItem\",\"position\":1,\"name\":\"Vivez l\u2019aventure\",\"item\":\"https:\/\/www.atlasformen.fr\/blog\/\"},{\"@type\":\"ListItem\",\"position\":2,\"name\":\"Bouger\",\"item\":\"https:\/\/www.atlasformen.fr\/blog\/categorie\/bouger\/\"},{\"@type\":\"ListItem\",\"position\":3,\"name\":\"Guide Randonn\u00e9e\",\"item\":\"https:\/\/www.atlasformen.fr\/blog\/categorie\/bouger\/randonnee\/\"},{\"@type\":\"ListItem\",\"position\":4,\"name\":\"Yoga : nos conseils pour d\u00e9buter\"}]},{\"@type\":\"WebSite\",\"@id\":\"https:\/\/www.atlasformen.fr\/blog\/#website\",\"url\":\"https:\/\/www.atlasformen.fr\/blog\/\",\"name\":\"Atlas For Men Blog\",\"description\":\"Atlas For Men Blog\",\"publisher\":{\"@id\":\"https:\/\/www.atlasformen.fr\/blog\/#organization\"},\"potentialAction\":[{\"@type\":\"SearchAction\",\"target\":{\"@type\":\"EntryPoint\",\"urlTemplate\":\"https:\/\/www.atlasformen.fr\/blog\/?s={search_term_string}\"},\"query-input\":{\"@type\":\"PropertyValueSpecification\",\"valueRequired\":true,\"valueName\":\"search_term_string\"}}],\"inLanguage\":\"en-US\"},{\"@type\":\"Organization\",\"@id\":\"https:\/\/www.atlasformen.fr\/blog\/#organization\",\"name\":\"Atlas For Men\",\"url\":\"https:\/\/www.atlasformen.fr\/blog\/\",\"logo\":{\"@type\":\"ImageObject\",\"inLanguage\":\"en-US\",\"@id\":\"https:\/\/www.atlasformen.fr\/blog\/#\/schema\/logo\/image\/\",\"url\":\"https:\/\/media.atlasformen.com\/blogmedia\/uploads\/2018\/11\/logo_1-1.png\",\"contentUrl\":\"https:\/\/media.atlasformen.com\/blogmedia\/uploads\/2018\/11\/logo_1-1.png\",\"width\":200,\"height\":111,\"caption\":\"Atlas For Men\"},\"image\":{\"@id\":\"https:\/\/www.atlasformen.fr\/blog\/#\/schema\/logo\/image\/\"},\"sameAs\":[\"https:\/\/www.facebook.com\/AtlasForMen\/\",\"https:\/\/x.com\/atlas_for_men\",\"https:\/\/www.instagram.com\/atlasformen\/\",\"https:\/\/www.pinterest.fr\/atlasformen\/\",\"https:\/\/www.youtube.com\/user\/AtlasForMenFrance\"]},{\"@type\":\"Person\",\"@id\":\"https:\/\/www.atlasformen.fr\/blog\/#\/schema\/person\/093990babf323556d1ed802728d3ef74\",\"name\":\"Hanna Rizzo\",\"image\":{\"@type\":\"ImageObject\",\"inLanguage\":\"en-US\",\"@id\":\"https:\/\/www.atlasformen.fr\/blog\/#\/schema\/person\/image\/\",\"url\":\"https:\/\/secure.gravatar.com\/avatar\/10b697751e22bae3f6b9c2ccf41005fbe4723719d0563218643bfe02861139cf?s=96&d=mm&r=g\",\"contentUrl\":\"https:\/\/secure.gravatar.com\/avatar\/10b697751e22bae3f6b9c2ccf41005fbe4723719d0563218643bfe02861139cf?s=96&d=mm&r=g\",\"caption\":\"Hanna Rizzo\"},\"url\":\"https:\/\/www.atlasformen.fr\/blog\/author\/hrizzo\/\"}]}<\/script>\r\n<!-- \/ Yoast SEO plugin. -->","yoast_head_json":{"title":"Yoga : nos conseils pour d\u00e9buter | Atlas For Men","description":"A la recherche d'une nouvelle activit\u00e9 ? Le yoga est peut-\u00eatre fait pour vous ! D\u00e9couvrez tous nos conseils pour d\u00e9buter en toute s\u00e9r\u00e9nit\u00e9 !","robots":{"index,follow,archive":"index,follow,archive"},"canonical":"https:\/\/preprodmvc.atlasformen.fr\/blog\/bouger\/randonnee\/yoga-debuter-conseils\/","og_locale":"en_US","og_type":"article","og_title":"Yoga : nos conseils pour d\u00e9buter | Atlas For Men","og_description":"A la recherche d'une nouvelle activit\u00e9 ? Le yoga est peut-\u00eatre fait pour vous ! D\u00e9couvrez tous nos conseils pour d\u00e9buter en toute s\u00e9r\u00e9nit\u00e9 !","og_url":"https:\/\/preprodmvc.atlasformen.fr\/blog\/bouger\/randonnee\/yoga-debuter-conseils\/","og_site_name":"Atlas For Men Blog","article_publisher":"https:\/\/www.facebook.com\/AtlasForMen\/","article_published_time":"2025-09-17T12:01:58+00:00","article_modified_time":"2025-09-17T12:07:51+00:00","og_image":[{"width":2000,"height":1414,"url":"https:\/\/media.atlasformen.com\/blogmedia\/uploads\/2025\/09\/Design-sans-titre.jpg","type":"image\/jpeg"}],"author":"Hanna Rizzo","twitter_card":"summary_large_image","twitter_creator":"@atlas_for_men","twitter_site":"@atlas_for_men","twitter_misc":{"Written by":"Hanna Rizzo","Est. reading time":"12 minutes"},"schema":{"@context":"https:\/\/schema.org","@graph":[{"@type":"Article","@id":"https:\/\/preprodmvc.atlasformen.fr\/blog\/bouger\/randonnee\/yoga-debuter-conseils\/#article","isPartOf":{"@id":"https:\/\/preprodmvc.atlasformen.fr\/blog\/bouger\/randonnee\/yoga-debuter-conseils\/"},"author":{"name":"Hanna Rizzo","@id":"https:\/\/www.atlasformen.fr\/blog\/#\/schema\/person\/093990babf323556d1ed802728d3ef74"},"headline":"Yoga : nos conseils pour d\u00e9buter","datePublished":"2025-09-17T12:01:58+00:00","dateModified":"2025-09-17T12:07:51+00:00","mainEntityOfPage":{"@id":"https:\/\/preprodmvc.atlasformen.fr\/blog\/bouger\/randonnee\/yoga-debuter-conseils\/"},"wordCount":2625,"commentCount":0,"publisher":{"@id":"https:\/\/www.atlasformen.fr\/blog\/#organization"},"image":{"@id":"https:\/\/preprodmvc.atlasformen.fr\/blog\/bouger\/randonnee\/yoga-debuter-conseils\/#primaryimage"},"thumbnailUrl":"https:\/\/media.atlasformen.com\/blogmedia\/uploads\/2025\/09\/Design-sans-titre.jpg","keywords":["Bouger","Randonn\u00e9e"],"articleSection":["Bouger","Randonn\u00e9e"],"inLanguage":"en-US","potentialAction":[{"@type":"CommentAction","name":"Comment","target":["https:\/\/preprodmvc.atlasformen.fr\/blog\/bouger\/randonnee\/yoga-debuter-conseils\/#respond"]}]},{"@type":"WebPage","@id":"https:\/\/preprodmvc.atlasformen.fr\/blog\/bouger\/randonnee\/yoga-debuter-conseils\/","url":"https:\/\/preprodmvc.atlasformen.fr\/blog\/bouger\/randonnee\/yoga-debuter-conseils\/","name":"Yoga : nos conseils pour d\u00e9buter | Atlas For Men","isPartOf":{"@id":"https:\/\/www.atlasformen.fr\/blog\/#website"},"primaryImageOfPage":{"@id":"https:\/\/preprodmvc.atlasformen.fr\/blog\/bouger\/randonnee\/yoga-debuter-conseils\/#primaryimage"},"image":{"@id":"https:\/\/preprodmvc.atlasformen.fr\/blog\/bouger\/randonnee\/yoga-debuter-conseils\/#primaryimage"},"thumbnailUrl":"https:\/\/media.atlasformen.com\/blogmedia\/uploads\/2025\/09\/Design-sans-titre.jpg","datePublished":"2025-09-17T12:01:58+00:00","dateModified":"2025-09-17T12:07:51+00:00","description":"A la recherche d'une nouvelle activit\u00e9 ? Le yoga est peut-\u00eatre fait pour vous ! D\u00e9couvrez tous nos conseils pour d\u00e9buter en toute s\u00e9r\u00e9nit\u00e9 !","breadcrumb":{"@id":"https:\/\/preprodmvc.atlasformen.fr\/blog\/bouger\/randonnee\/yoga-debuter-conseils\/#breadcrumb"},"inLanguage":"en-US","potentialAction":[{"@type":"ReadAction","target":["https:\/\/preprodmvc.atlasformen.fr\/blog\/bouger\/randonnee\/yoga-debuter-conseils\/"]}]},{"@type":"ImageObject","inLanguage":"en-US","@id":"https:\/\/preprodmvc.atlasformen.fr\/blog\/bouger\/randonnee\/yoga-debuter-conseils\/#primaryimage","url":"https:\/\/media.atlasformen.com\/blogmedia\/uploads\/2025\/09\/Design-sans-titre.jpg","contentUrl":"https:\/\/media.atlasformen.com\/blogmedia\/uploads\/2025\/09\/Design-sans-titre.jpg","width":2000,"height":1414,"caption":"Yoga rentr\u00e9e"},{"@type":"BreadcrumbList","@id":"https:\/\/preprodmvc.atlasformen.fr\/blog\/bouger\/randonnee\/yoga-debuter-conseils\/#breadcrumb","itemListElement":[{"@type":"ListItem","position":1,"name":"Vivez l\u2019aventure","item":"https:\/\/www.atlasformen.fr\/blog\/"},{"@type":"ListItem","position":2,"name":"Bouger","item":"https:\/\/www.atlasformen.fr\/blog\/categorie\/bouger\/"},{"@type":"ListItem","position":3,"name":"Guide Randonn\u00e9e","item":"https:\/\/www.atlasformen.fr\/blog\/categorie\/bouger\/randonnee\/"},{"@type":"ListItem","position":4,"name":"Yoga : nos conseils pour d\u00e9buter"}]},{"@type":"WebSite","@id":"https:\/\/www.atlasformen.fr\/blog\/#website","url":"https:\/\/www.atlasformen.fr\/blog\/","name":"Atlas For Men Blog","description":"Atlas For Men Blog","publisher":{"@id":"https:\/\/www.atlasformen.fr\/blog\/#organization"},"potentialAction":[{"@type":"SearchAction","target":{"@type":"EntryPoint","urlTemplate":"https:\/\/www.atlasformen.fr\/blog\/?s={search_term_string}"},"query-input":{"@type":"PropertyValueSpecification","valueRequired":true,"valueName":"search_term_string"}}],"inLanguage":"en-US"},{"@type":"Organization","@id":"https:\/\/www.atlasformen.fr\/blog\/#organization","name":"Atlas For Men","url":"https:\/\/www.atlasformen.fr\/blog\/","logo":{"@type":"ImageObject","inLanguage":"en-US","@id":"https:\/\/www.atlasformen.fr\/blog\/#\/schema\/logo\/image\/","url":"https:\/\/media.atlasformen.com\/blogmedia\/uploads\/2018\/11\/logo_1-1.png","contentUrl":"https:\/\/media.atlasformen.com\/blogmedia\/uploads\/2018\/11\/logo_1-1.png","width":200,"height":111,"caption":"Atlas For Men"},"image":{"@id":"https:\/\/www.atlasformen.fr\/blog\/#\/schema\/logo\/image\/"},"sameAs":["https:\/\/www.facebook.com\/AtlasForMen\/","https:\/\/x.com\/atlas_for_men","https:\/\/www.instagram.com\/atlasformen\/","https:\/\/www.pinterest.fr\/atlasformen\/","https:\/\/www.youtube.com\/user\/AtlasForMenFrance"]},{"@type":"Person","@id":"https:\/\/www.atlasformen.fr\/blog\/#\/schema\/person\/093990babf323556d1ed802728d3ef74","name":"Hanna Rizzo","image":{"@type":"ImageObject","inLanguage":"en-US","@id":"https:\/\/www.atlasformen.fr\/blog\/#\/schema\/person\/image\/","url":"https:\/\/secure.gravatar.com\/avatar\/10b697751e22bae3f6b9c2ccf41005fbe4723719d0563218643bfe02861139cf?s=96&d=mm&r=g","contentUrl":"https:\/\/secure.gravatar.com\/avatar\/10b697751e22bae3f6b9c2ccf41005fbe4723719d0563218643bfe02861139cf?s=96&d=mm&r=g","caption":"Hanna Rizzo"},"url":"https:\/\/www.atlasformen.fr\/blog\/author\/hrizzo\/"}]}},"_links":{"self":[{"href":"https:\/\/www.atlasformen.fr\/blog\/wp-json\/wp\/v2\/posts\/25950","targetHints":{"allow":["GET"]}}],"collection":[{"href":"https:\/\/www.atlasformen.fr\/blog\/wp-json\/wp\/v2\/posts"}],"about":[{"href":"https:\/\/www.atlasformen.fr\/blog\/wp-json\/wp\/v2\/types\/post"}],"author":[{"embeddable":true,"href":"https:\/\/www.atlasformen.fr\/blog\/wp-json\/wp\/v2\/users\/12"}],"replies":[{"embeddable":true,"href":"https:\/\/www.atlasformen.fr\/blog\/wp-json\/wp\/v2\/comments?post=25950"}],"version-history":[{"count":41,"href":"https:\/\/www.atlasformen.fr\/blog\/wp-json\/wp\/v2\/posts\/25950\/revisions"}],"predecessor-version":[{"id":26007,"href":"https:\/\/www.atlasformen.fr\/blog\/wp-json\/wp\/v2\/posts\/25950\/revisions\/26007"}],"wp:featuredmedia":[{"embeddable":true,"href":"https:\/\/www.atlasformen.fr\/blog\/wp-json\/wp\/v2\/media\/25974"}],"wp:attachment":[{"href":"https:\/\/www.atlasformen.fr\/blog\/wp-json\/wp\/v2\/media?parent=25950"}],"wp:term":[{"taxonomy":"category","embeddable":true,"href":"https:\/\/www.atlasformen.fr\/blog\/wp-json\/wp\/v2\/categories?post=25950"},{"taxonomy":"post_tag","embeddable":true,"href":"https:\/\/www.atlasformen.fr\/blog\/wp-json\/wp\/v2\/tags?post=25950"}],"curies":[{"name":"wp","href":"https:\/\/api.w.org\/{rel}","templated":true}]}}