{"id":26165,"date":"2026-08-07T10:00:00","date_gmt":"2026-08-07T08:00:00","guid":{"rendered":"https:\/\/preprodmvc.atlasformen.fr\/blog\/?p=26165"},"modified":"2026-07-21T16:17:21","modified_gmt":"2026-07-21T14:17:21","slug":"les-essentiels-pour-des-vacances-a-la-montagne","status":"publish","type":"post","link":"https:\/\/www.atlasformen.fr\/blog\/habiller\/les-essentiels-pour-des-vacances-a-la-montagne\/","title":{"rendered":"Les essentiels pour des vacances \u00e0 la montagne"},"content":{"rendered":"\t\t<div data-elementor-type=\"wp-post\" data-elementor-id=\"26165\" class=\"elementor elementor-26165\">\n\t\t\t\t\t\t<section class=\"elementor-section elementor-top-section elementor-element elementor-element-658f6a4 elementor-section-boxed elementor-section-height-default elementor-section-height-default\" data-id=\"658f6a4\" data-element_type=\"section\">\n\t\t\t\t\t\t<div class=\"elementor-container elementor-column-gap-default\">\n\t\t\t\t\t<div class=\"elementor-column elementor-col-100 elementor-top-column elementor-element elementor-element-5c4b6c4\" data-id=\"5c4b6c4\" data-element_type=\"column\">\n\t\t\t<div class=\"elementor-widget-wrap elementor-element-populated\">\n\t\t\t\t\t\t<div class=\"elementor-element elementor-element-e56aba8 elementor-widget elementor-widget-text-editor\" data-id=\"e56aba8\" data-element_type=\"widget\" data-widget_type=\"text-editor.default\">\n\t\t\t\t<div class=\"elementor-widget-container\">\n\t\t\t\t\t\t\t\t\t<style><span data-mce-type=\"bookmark\" style=\"display: inline-block; width: 0px; overflow: hidden; line-height: 0;\" class=\"mce_SELRES_start\">\ufeff<\/span><span data-mce-type=\"bookmark\" style=\"display: inline-block; width: 0px; overflow: hidden; line-height: 0;\" class=\"mce_SELRES_start\">\ufeff<\/span><span data-mce-type=\"bookmark\" style=\"display: inline-block; width: 0px; overflow: hidden; line-height: 0;\" class=\"mce_SELRES_start\">\ufeff<\/span><br \/>h2{margin:40px 0 20px;line-height:1.3}<br \/>h3{margin:30px 0 15px;line-height:1.3}<br \/>p{margin:0 0 16px;line-height:1.6}<br \/>ul{margin:0 0 20px;padding-left:24px;line-height:1.6}<br \/>li{margin:0 0 8px}<br \/>.afm-guide-montagne{font-size:16px;line-height:1.6}<br \/>.afm-guide-montagne a{color:#0056a3;text-decoration:underline}<br \/>.afm-conseil{margin:28px 0;padding:20px;border-left:4px solid #0056a3;background:#f5f7f9}<br \/>.afm-conseil p:last-child{margin-bottom:0}<br \/>.afm-checklist{margin:28px 0;padding:22px;background:#f7f7f7;border:1px solid #dedede}<br \/>.afm-checklist ul{margin-bottom:0}<br \/>.table-comparatif{width:100%;border-collapse:collapse;margin:28px 0;font-size:16px;line-height:1.5;border:1px solid #d9d9d9}<br \/>.table-comparatif caption{caption-side:top;font-weight:bold;font-size:18px;margin-bottom:12px;text-align:left}<br \/>.table-comparatif th{background-color:#f2f2f2;color:#222;font-weight:bold;text-align:left;padding:12px;border:1px solid #d9d9d9}<br \/>.table-comparatif td{padding:12px;border:1px solid #d9d9d9;vertical-align:top}<br \/>.table-comparatif tbody tr:nth-child(even){background-color:#fafafa}<br \/>.faq-montagne{margin:40px 0}<br \/>.faq-item{border-top:1px solid #d9d9d9;padding:20px 0}<br \/>.faq-item:last-child{border-bottom:1px solid #d9d9d9}<br \/>.faq-item h3{margin:0 0 12px}<br \/>.faq-item p{margin-bottom:0}<br \/><\/style>\n\n<article class=\"afm-guide-montagne\"><strong>Pour bien vous habiller \u00e0 la montagne, misez sur trois \u00e9l\u00e9ments essentiels\u00a0: des couches faciles \u00e0 superposer, un pantalon confortable et une veste adapt\u00e9e aux changements de m\u00e9t\u00e9o.<\/strong> Ajoutez des chaussures offrant une bonne adh\u00e9rence et quelques accessoires choisis selon la saison. Vous disposerez ainsi d\u2019une tenue pratique pour marcher, vous d\u00e9tendre en station ou profiter d\u2019une balade en famille.Fra\u00eecheur matinale, soleil en milieu de journ\u00e9e, vent soudain ou averse passag\u00e8re\u00a0: les conditions peuvent \u00e9voluer rapidement, surtout lorsque vous prenez de l\u2019altitude. Une <strong>tenue pour la montagne<\/strong> bien pens\u00e9e doit donc vous prot\u00e9ger sans vous g\u00eaner ni remplir inutilement votre valise.Privil\u00e9giez des v\u00eatements confortables, r\u00e9sistants et simples \u00e0 associer. Des <a href=\"\/sports-et-loisirs\/marche-et-randonnee\/vetements-de-randonnee-50150.aspx\"><strong>v\u00eatements outdoor<\/strong><\/a> respirants, une couche chaude et une protection contre les intemp\u00e9ries vous permettront d\u2019ajuster facilement votre \u00e9quipement tout au long de la journ\u00e9e.\n\n<img fetchpriority=\"high\" decoding=\"async\"  class=\"aligncenter size-full wp-image-11967\"  src=\"data:image\/gif;base64,R0lGODlhAQABAIAAAAAAAP\/\/\/yH5BAEAAAAALAAAAAABAAEAAAIBRAA7\" data-lazy-src=\"https:\/\/media.atlasformen.com\/blogmedia\/uploads\/2021\/01\/4-3.jpg\"  alt=\"surchemise outdoor\" width=\"809\" height=\"610\" \/><noscript><img decoding=\"async\"  class=\"aligncenter size-full wp-image-11967\"  src=\"https:\/\/media.atlasformen.com\/blogmedia\/uploads\/2021\/01\/4-3.jpg\"  alt=\"surchemise outdoor\" width=\"809\" height=\"610\" srcset=\"https:\/\/media.atlasformen.com\/blogmedia\/uploads\/2021\/01\/4-3.jpg 809w, https:\/\/media.atlasformen.com\/blogmedia\/uploads\/2021\/01\/4-3-300x226.jpg 300w, https:\/\/media.atlasformen.com\/blogmedia\/uploads\/2021\/01\/4-3-768x579.jpg 768w, https:\/\/media.atlasformen.com\/blogmedia\/uploads\/2021\/01\/4-3-24x18.jpg 24w, https:\/\/media.atlasformen.com\/blogmedia\/uploads\/2021\/01\/4-3-36x27.jpg 36w, https:\/\/media.atlasformen.com\/blogmedia\/uploads\/2021\/01\/4-3-48x36.jpg 48w\" sizes=\"(max-width: 809px) 100vw, 809px\" \/><\/noscript>\n\n&nbsp;\n<h2>Comment s\u2019habiller \u00e0 la montagne avec le syst\u00e8me des trois couches\u00a0?<\/h2>\nLe syst\u00e8me des trois couches constitue une solution simple pour adapter votre tenue \u00e0 la temp\u00e9rature, \u00e0 l\u2019effort et \u00e0 la m\u00e9t\u00e9o. Chaque v\u00eatement remplit une fonction pr\u00e9cise\u00a0: \u00e9vacuer l\u2019humidit\u00e9, conserver la chaleur ou prot\u00e9ger du vent et de la pluie.\n\nVous pouvez retirer une couche pendant une mont\u00e9e, puis la remettre lors d\u2019une pause ou lorsque le temps se rafra\u00eechit. Cette organisation \u00e9vite de d\u00e9pendre d\u2019un seul v\u00eatement tr\u00e8s \u00e9pais, souvent moins pratique d\u00e8s que vous commencez \u00e0 bouger.\n<h3>Une premi\u00e8re couche respirante pour rester au sec<\/h3>\nLa premi\u00e8re couche se porte directement contre la peau. Son r\u00f4le est d\u2019\u00e9vacuer l\u2019humidit\u00e9 produite pendant l\u2019effort afin de limiter la sensation de froid lorsque vous ralentissez.\n\nPour une marche active, choisissez un tee-shirt l\u00e9ger ou un sous-v\u00eatement respirant qui s\u00e8che rapidement. \u00c9vitez les hauts tr\u00e8s \u00e9pais qui retiennent la transpiration. Pour une promenade tranquille, un tee-shirt confortable peut suffire, \u00e0 condition de pr\u00e9voir une couche chaude dans votre sac.\n<h3>Une couche chaude pour conserver une temp\u00e9rature agr\u00e9able<\/h3>\nLa deuxi\u00e8me couche aide \u00e0 retenir la chaleur corporelle. Une <a href=\"\/homme\/vetements\/vestes\/vestes-polaire-10304.aspx\"><strong>veste polaire<\/strong><\/a> est particuli\u00e8rement pratique\u00a0: l\u00e9g\u00e8re, douce et facile \u00e0 enfiler, elle accompagne aussi bien le d\u00e9part d\u2019une randonn\u00e9e qu\u2019une pause en altitude ou une soir\u00e9e plus fra\u00eeche.\n\nChoisissez une coupe qui vous laisse bouger librement et qui peut \u00eatre port\u00e9e au-dessus d\u2019un tee-shirt sans serrer. Une coupe droite ou l\u00e9g\u00e8rement ample offre g\u00e9n\u00e9ralement un bon compromis entre confort, chaleur et facilit\u00e9 de superposition.\n<h3>Une veste de protection contre le vent et la pluie<\/h3>\nLa troisi\u00e8me couche vous prot\u00e8ge des intemp\u00e9ries. Une <a href=\"\/homme\/vetements\/coupe-vents-10250.aspx\"><strong>veste imperm\u00e9able<\/strong><\/a> ou d\u00e9perlante permet de faire face au vent, aux petites averses et aux variations soudaines de temp\u00e9rature.\n\nV\u00e9rifiez qu\u2019elle peut \u00eatre port\u00e9e au-dessus de votre polaire sans limiter vos mouvements. Une capuche r\u00e9glable, des poignets ajustables et des poches accessibles sont \u00e9galement utiles lors d\u2019une sortie.\n<div class=\"afm-conseil\">\n\n<strong>Conseil Atlas For Men\u00a0:<\/strong> gardez toujours votre veste \u00e0 port\u00e9e de main, m\u00eame lorsque le soleil est annonc\u00e9. En montagne, une protection l\u00e9g\u00e8re peut rapidement devenir indispensable.\n\n<\/div>\n<h2>Quelle tenue choisir selon la saison et la m\u00e9t\u00e9o\u00a0?<\/h2>\nLa saison donne une premi\u00e8re indication, mais elle ne suffit pas \u00e0 d\u00e9terminer votre \u00e9quipement. L\u2019altitude, le vent, la dur\u00e9e de la sortie et l\u2019intensit\u00e9 de l\u2019effort influencent \u00e9galement le choix de vos v\u00eatements.\n\nUne promenade dans une vall\u00e9e abrit\u00e9e ne demande pas la m\u00eame protection qu\u2019une randonn\u00e9e sur un sentier expos\u00e9. Consultez les pr\u00e9visions locales et pr\u00e9voyez toujours une solution pour vous couvrir davantage.\n<h3>Quelle tenue porter \u00e0 la montagne en \u00e9t\u00e9\u00a0?<\/h3>\nEn \u00e9t\u00e9, optez pour des v\u00eatements l\u00e9gers et respirants. Un tee-shirt \u00e0 manches courtes, un pantalon l\u00e9ger ou un bermuda peuvent convenir pour une balade par temps stable.\n\nGardez n\u00e9anmoins une polaire fine et une veste protectrice dans votre sac. En altitude, l\u2019air peut devenir frais d\u00e8s que le soleil dispara\u00eet ou que le vent se l\u00e8ve.\n\nCompl\u00e9tez votre \u00e9quipement avec une casquette ou un chapeau, des lunettes de soleil, une protection solaire et une gourde facilement accessible. Le rayonnement reste important, m\u00eame lorsque la temp\u00e9rature para\u00eet mod\u00e9r\u00e9e.\n<h3>Comment s\u2019\u00e9quiper au printemps et en automne\u00a0?<\/h3>\nAu printemps et en automne, les \u00e9carts de temp\u00e9rature sont souvent plus marqu\u00e9s. Le matin peut \u00eatre frais, tandis que l\u2019apr\u00e8s-midi devient plus doux. Le syst\u00e8me des trois couches prend alors tout son sens.\n\nCommencez avec une polaire et une veste, puis retirez-les progressivement lorsque vous avez chaud. Un pantalon couvrant prot\u00e8ge les jambes du vent, de l\u2019humidit\u00e9 et de la v\u00e9g\u00e9tation.\n\nEn cas de pluie annonc\u00e9e, ajoutez un v\u00eatement de rechange l\u00e9ger et une paire de chaussettes suppl\u00e9mentaire. Ces \u00e9l\u00e9ments prennent peu de place et am\u00e9liorent nettement le confort apr\u00e8s une averse.\n\n<img decoding=\"async\"  class=\"aligncenter size-full wp-image-24710\"  src=\"data:image\/gif;base64,R0lGODlhAQABAIAAAAAAAP\/\/\/yH5BAEAAAAALAAAAAABAAEAAAIBRAA7\" data-lazy-src=\"https:\/\/media.atlasformen.com\/blogmedia\/uploads\/2025\/04\/randonner-montagne-carte.png\"  alt=\"itin\u00e9raire carte montagne\" width=\"809\" height=\"610\" \/><noscript><img loading=\"lazy\" decoding=\"async\"  class=\"aligncenter size-full wp-image-24710\"  src=\"https:\/\/media.atlasformen.com\/blogmedia\/uploads\/2025\/04\/randonner-montagne-carte.png\"  alt=\"itin\u00e9raire carte montagne\" width=\"809\" height=\"610\" srcset=\"https:\/\/media.atlasformen.com\/blogmedia\/uploads\/2025\/04\/randonner-montagne-carte.png 809w, https:\/\/media.atlasformen.com\/blogmedia\/uploads\/2025\/04\/randonner-montagne-carte-300x226.png 300w, https:\/\/media.atlasformen.com\/blogmedia\/uploads\/2025\/04\/randonner-montagne-carte-768x579.png 768w, https:\/\/media.atlasformen.com\/blogmedia\/uploads\/2025\/04\/randonner-montagne-carte-24x18.png 24w, https:\/\/media.atlasformen.com\/blogmedia\/uploads\/2025\/04\/randonner-montagne-carte-36x27.png 36w, https:\/\/media.atlasformen.com\/blogmedia\/uploads\/2025\/04\/randonner-montagne-carte-48x36.png 48w\" sizes=\"(max-width: 809px) 100vw, 809px\" \/><\/noscript>\n<h3>Quels v\u00eatements pr\u00e9voir lorsqu\u2019il fait froid\u00a0?<\/h3>\nLorsque les temp\u00e9ratures baissent, privil\u00e9giez plusieurs couches fines plut\u00f4t qu\u2019un seul v\u00eatement tr\u00e8s \u00e9pais. Cette solution permet de mieux r\u00e9guler la chaleur pendant la marche.\n\nUne premi\u00e8re couche respirante, une polaire chaude et une veste protectrice forment une base efficace. Ajoutez un bonnet, des gants et des chaussettes suffisamment chaudes pour prot\u00e9ger les extr\u00e9mit\u00e9s.\n\n\u00c9vitez toutefois de trop vous couvrir d\u00e8s le d\u00e9part. Vous risqueriez de transpirer rapidement, puis de vous refroidir pendant une pause.\n<h2>Comment choisir sa tenue selon l\u2019activit\u00e9 pr\u00e9vue\u00a0?<\/h2>\nLa meilleure <strong>tenue de montagne<\/strong> d\u00e9pend aussi de votre programme. Une promenade d\u2019une heure, une randonn\u00e9e \u00e0 la journ\u00e9e et un s\u00e9jour tranquille en chalet ne n\u00e9cessitent pas le m\u00eame niveau d\u2019\u00e9quipement.\n<h3>Pour une balade facile ou une sortie en famille<\/h3>\nPour marcher sur un chemin peu difficile, misez avant tout sur le confort. Un pantalon souple, un tee-shirt respirant et une polaire l\u00e9g\u00e8re suffisent souvent par temps sec.\n\nAjoutez une veste coupe-vent ou imperm\u00e9able dans le sac. Lors d\u2019une sortie en famille, gardez la couche chaude facilement accessible, car les pauses peuvent \u00eatre nombreuses et le corps se refroidit plus vite lorsque l\u2019on reste immobile.\n<h3>Pour une randonn\u00e9e \u00e0 la journ\u00e9e<\/h3>\nUne randonn\u00e9e demande un \u00e9quipement plus complet. Choisissez un <a href=\"\/homme\/vetements\/pantalons\/pantalons-de-randonnee-10857.aspx\"><strong>pantalon de randonn\u00e9e<\/strong><\/a> r\u00e9sistant et suffisamment souple pour accompagner les mouvements.\n\nPour le haut du corps, pr\u00e9voyez une premi\u00e8re couche respirante, une polaire et une veste de protection. Ajoutez une casquette, une gourde, une collation et un v\u00eatement de rechange dans votre sac.\n\nLes mod\u00e8les dot\u00e9s de poches pratiques permettent de garder un t\u00e9l\u00e9phone, un mouchoir ou une petite carte \u00e0 port\u00e9e de main sans surcharger le sac \u00e0 dos.\n<h3>Pour un s\u00e9jour d\u00e9tente en altitude<\/h3>\nPour alterner promenades, visites et moments de d\u00e9tente, choisissez des pi\u00e8ces polyvalentes. Un pantalon confortable, une chemise ou un tee-shirt facile \u00e0 porter et une veste chaude peuvent vous accompagner aussi bien en journ\u00e9e qu\u2019en soir\u00e9e.\n\nLes v\u00eatements outdoor ne sont pas r\u00e9serv\u00e9s aux parcours sportifs. Leur r\u00e9sistance, leur confort et leur facilit\u00e9 d\u2019entretien sont \u00e9galement appr\u00e9ciables pour un s\u00e9jour en chalet, un repas en terrasse ou une balade autour d\u2019un lac.\n<table class=\"table-comparatif\"><caption>Quelle tenue pr\u00e9voir selon votre activit\u00e9 en montagne\u00a0?<\/caption>\n<thead>\n<tr>\n<th>Situation<\/th>\n<th>V\u00eatements recommand\u00e9s<\/th>\n<th>Conseil pratique<\/th>\n<\/tr>\n<\/thead>\n<tbody>\n<tr>\n<td>Balade tranquille<\/td>\n<td>Tee-shirt respirant, pantalon souple et polaire l\u00e9g\u00e8re<\/td>\n<td>Gardez une veste coupe-vent dans le sac.<\/td>\n<\/tr>\n<tr>\n<td>Randonn\u00e9e \u00e0 la journ\u00e9e<\/td>\n<td>Trois couches et pantalon de randonn\u00e9e<\/td>\n<td>Pr\u00e9voyez de l\u2019eau, une collation et un v\u00eatement de rechange.<\/td>\n<\/tr>\n<tr>\n<td>Temps frais ou variable<\/td>\n<td>Polaire chaude et veste imperm\u00e9able<\/td>\n<td>Ajoutez un bonnet ou des gants selon l\u2019altitude.<\/td>\n<\/tr>\n<tr>\n<td>S\u00e9jour d\u00e9tente<\/td>\n<td>V\u00eatements polyvalents et faciles \u00e0 associer<\/td>\n<td>Choisissez des pi\u00e8ces confortables pour la journ\u00e9e comme pour la soir\u00e9e.<\/td>\n<\/tr>\n<\/tbody>\n<\/table>\n<h2>Quels v\u00eatements et accessoires emporter dans sa valise\u00a0?<\/h2>\nPour pr\u00e9parer votre valise pour la montagne, privil\u00e9giez des pi\u00e8ces compl\u00e9mentaires plut\u00f4t qu\u2019un grand nombre de v\u00eatements. Chaque \u00e9l\u00e9ment doit pouvoir \u00eatre port\u00e9 dans plusieurs situations.\n<h3>Un pantalon confortable et r\u00e9sistant<\/h3>\nLe pantalon prot\u00e8ge les jambes des frottements, de la v\u00e9g\u00e9tation et des variations de temp\u00e9rature. Pour marcher, choisissez une coupe qui ne serre ni la taille ni les genoux.\n\nLes mati\u00e8res souples ou l\u00e9g\u00e8rement extensibles facilitent les mont\u00e9es et les passages irr\u00e9guliers. Lorsqu\u2019il fait chaud, un mod\u00e8le l\u00e9ger et respirant apporte davantage de confort.\n\n<img loading=\"lazy\" decoding=\"async\"  class=\"aligncenter size-large wp-image-7825\"  src=\"data:image\/gif;base64,R0lGODlhAQABAIAAAAAAAP\/\/\/yH5BAEAAAAALAAAAAABAAEAAAIBRAA7\" data-lazy-src=\"https:\/\/media.atlasformen.com\/blogmedia\/uploads\/2019\/10\/chaussures-sport-et-dtente-1-886x1024.jpg\"  alt=\"\" width=\"809\" height=\"935\" \/><noscript><img loading=\"lazy\" decoding=\"async\"  class=\"aligncenter size-large wp-image-7825\"  src=\"https:\/\/media.atlasformen.com\/blogmedia\/uploads\/2019\/10\/chaussures-sport-et-dtente-1-886x1024.jpg\"  alt=\"\" width=\"809\" height=\"935\" srcset=\"https:\/\/media.atlasformen.com\/blogmedia\/uploads\/2019\/10\/chaussures-sport-et-dtente-1-886x1024.jpg 886w, https:\/\/media.atlasformen.com\/blogmedia\/uploads\/2019\/10\/chaussures-sport-et-dtente-1-260x300.jpg 260w, https:\/\/media.atlasformen.com\/blogmedia\/uploads\/2019\/10\/chaussures-sport-et-dtente-1-768x888.jpg 768w, https:\/\/media.atlasformen.com\/blogmedia\/uploads\/2019\/10\/chaussures-sport-et-dtente-1-21x24.jpg 21w, https:\/\/media.atlasformen.com\/blogmedia\/uploads\/2019\/10\/chaussures-sport-et-dtente-1-31x36.jpg 31w, https:\/\/media.atlasformen.com\/blogmedia\/uploads\/2019\/10\/chaussures-sport-et-dtente-1-42x48.jpg 42w, https:\/\/media.atlasformen.com\/blogmedia\/uploads\/2019\/10\/chaussures-sport-et-dtente-1.jpg 1650w\" sizes=\"(max-width: 809px) 100vw, 809px\" \/><\/noscript>\n<h3>Des chaussures adapt\u00e9es au terrain<\/h3>\nLes <a href=\"\/homme\/chaussures\/chaussures-de-randonnee-15300.aspx\"><strong>chaussures de randonn\u00e9e<\/strong><\/a> assurent l\u2019adh\u00e9rence et la stabilit\u00e9 sur les sentiers. Pour un parcours facile, des chaussures l\u00e9g\u00e8res dot\u00e9es d\u2019une semelle crant\u00e9e peuvent suffire.\n\nPour un terrain long, humide ou caillouteux, choisissez un mod\u00e8le offrant davantage de maintien. Portez vos chaussures avant le d\u00e9part afin de v\u00e9rifier leur confort et de limiter le risque d\u2019ampoules.\n<h3>Des chaussettes adapt\u00e9es \u00e0 la marche<\/h3>\nLes chaussettes jouent un r\u00f4le important dans le confort du pied. Choisissez une \u00e9paisseur adapt\u00e9e aux chaussures et suffisante pour limiter les frottements sans comprimer.\n\nUne paire de rechange reste utile lors d\u2019une journ\u00e9e longue ou par temps humide.\n<h3>Un sac \u00e0 dos pratique<\/h3>\nUn <a href=\"\/sports-et-loisirs\/marche-et-randonnee\/accessoires-de-randonnee\/sacs-a-dos-de-randonnee-50051.aspx\"><strong>sac \u00e0 dos<\/strong><\/a> de taille raisonnable suffit pour une sortie \u00e0 la journ\u00e9e. R\u00e9partissez le poids de mani\u00e8re \u00e9quilibr\u00e9e et placez les objets les plus utilis\u00e9s \u00e0 port\u00e9e de main.\n\nVous pouvez y glisser une veste, une polaire, de l\u2019eau, une collation, une protection solaire et une petite trousse de premiers soins. \u00c9vitez de le remplir avec des v\u00eatements inutiles\u00a0: une tenue modulable permet de voyager plus l\u00e9ger.\n\n<\/article><article class=\"afm-guide-montagne\">\n<h2>Quelles mati\u00e8res privil\u00e9gier pour les v\u00eatements de montagne\u00a0?<\/h2>\nLa mati\u00e8re influence la respirabilit\u00e9, la chaleur, la r\u00e9sistance et la facilit\u00e9 d\u2019entretien. Pour une activit\u00e9 soutenue, privil\u00e9giez les tissus l\u00e9gers qui \u00e9vacuent l\u2019humidit\u00e9 et s\u00e8chent rapidement.\n\nIls \u00e9vitent de conserver un v\u00eatement mouill\u00e9 apr\u00e8s une mont\u00e9e, une averse ou un effort prolong\u00e9.\n<h3>Les mati\u00e8res respirantes pour la premi\u00e8re couche<\/h3>\nUne mati\u00e8re respirante aide \u00e0 transf\u00e9rer l\u2019humidit\u00e9 vers l\u2019ext\u00e9rieur. Elle est particuli\u00e8rement adapt\u00e9e aux tee-shirts et aux sous-v\u00eatements port\u00e9s directement contre la peau.\n\nLe coton peut convenir pour une promenade tranquille ou une journ\u00e9e de d\u00e9tente. En revanche, il absorbe l\u2019humidit\u00e9 et s\u00e8che plus lentement. Pour une randonn\u00e9e active, mieux vaut donc \u00e9viter de l\u2019utiliser comme premi\u00e8re couche.\n<h3>La polaire pour conserver la chaleur<\/h3>\nLa polaire reste une valeur s\u00fbre pour la couche interm\u00e9diaire. Elle apporte une chaleur agr\u00e9able tout en restant l\u00e9g\u00e8re et facile \u00e0 entretenir.\n\nElle se glisse ais\u00e9ment sous une veste et peut \u00eatre retir\u00e9e rapidement lorsque la temp\u00e9rature remonte.\n<h3>Imperm\u00e9able ou d\u00e9perlant\u00a0: quelle diff\u00e9rence\u00a0?<\/h3>\nUn v\u00eatement d\u00e9perlant fait glisser les petites gouttes \u00e0 sa surface et convient pour une averse courte. Il n\u2019offre toutefois pas toujours une protection suffisante en cas de pluie prolong\u00e9e.\n\nUne veste imperm\u00e9able est plus adapt\u00e9e lorsque les pr\u00e9cipitations deviennent soutenues. Pour une randonn\u00e9e \u00e0 la journ\u00e9e ou une sortie en altitude, elle constitue g\u00e9n\u00e9ralement le choix le plus rassurant.\n<div class=\"afm-conseil\">\n\n<strong>\u00c0 retenir\u00a0:<\/strong> reliez toujours les caract\u00e9ristiques techniques \u00e0 votre usage. Une mati\u00e8re respirante vous aide \u00e0 rester au sec, une polaire conserve la chaleur et une veste imperm\u00e9able prot\u00e8ge durablement de la pluie.\n\n<\/div>\n<h2>Comment adapter ses v\u00eatements \u00e0 l\u2019altitude\u00a0?<\/h2>\nPlus vous montez, plus l\u2019air peut devenir frais et venteux. Une journ\u00e9e ensoleill\u00e9e dans la vall\u00e9e peut se transformer en sortie beaucoup plus fra\u00eeche sur un sentier expos\u00e9.\n\nIl n\u2019est pas n\u00e9cessaire de pr\u00e9voir un \u00e9quipement complexe pour chaque niveau d\u2019altitude. Gardez simplement une couche chaude et une veste de protection dans votre sac, puis adaptez votre tenue au fur et \u00e0 mesure.\n<h3>Pour une sortie dans la vall\u00e9e ou \u00e0 basse altitude<\/h3>\nSur un sentier peu \u00e9lev\u00e9, adaptez votre \u00e9quipement \u00e0 la m\u00e9t\u00e9o locale et \u00e0 la dur\u00e9e de la sortie. Un tee-shirt respirant, un pantalon confortable et une veste l\u00e9g\u00e8re suffisent souvent.\n\nPr\u00e9voyez n\u00e9anmoins une polaire si vous comptez rester dehors jusqu\u2019en fin de journ\u00e9e.\n<h3>Pour une randonn\u00e9e entre 1\u00a0000 et 2\u00a0000 m\u00e8tres<\/h3>\n\u00c0 cette altitude, le vent et la fra\u00eecheur se font g\u00e9n\u00e9ralement davantage sentir. Pr\u00e9voyez les trois couches, m\u00eame si vous ne les portez pas toutes au d\u00e9part.\n\nUne polaire fine et une veste imperm\u00e9able prennent peu de place et vous \u00e9vitent de vous retrouver mal prot\u00e9g\u00e9 lors d\u2019un changement de temps.\n\n<img loading=\"lazy\" decoding=\"async\"   src=\"data:image\/gif;base64,R0lGODlhAQABAIAAAAAAAP\/\/\/yH5BAEAAAAALAAAAAABAAEAAAIBRAA7\" data-lazy-src=\"https:\/\/media.atlasformen.com\/blogmedia\/uploads\/2022\/09\/randonnee-2.jpg\"  alt=\"randonnee\" width=\"1024\" height=\"1400\" class=\"aligncenter size-full wp-image-16928\" \/><noscript><img loading=\"lazy\" decoding=\"async\"   src=\"https:\/\/media.atlasformen.com\/blogmedia\/uploads\/2022\/09\/randonnee-2.jpg\"  alt=\"randonnee\" width=\"1024\" height=\"1400\" class=\"aligncenter size-full wp-image-16928\" srcset=\"https:\/\/media.atlasformen.com\/blogmedia\/uploads\/2022\/09\/randonnee-2.jpg 1024w, https:\/\/media.atlasformen.com\/blogmedia\/uploads\/2022\/09\/randonnee-2-219x300.jpg 219w, https:\/\/media.atlasformen.com\/blogmedia\/uploads\/2022\/09\/randonnee-2-749x1024.jpg 749w, https:\/\/media.atlasformen.com\/blogmedia\/uploads\/2022\/09\/randonnee-2-768x1050.jpg 768w, https:\/\/media.atlasformen.com\/blogmedia\/uploads\/2022\/09\/randonnee-2-18x24.jpg 18w, https:\/\/media.atlasformen.com\/blogmedia\/uploads\/2022\/09\/randonnee-2-26x36.jpg 26w, https:\/\/media.atlasformen.com\/blogmedia\/uploads\/2022\/09\/randonnee-2-35x48.jpg 35w\" sizes=\"(max-width: 1024px) 100vw, 1024px\" \/><\/noscript>\n\n<h3>Pour une sortie plus \u00e9lev\u00e9e ou tr\u00e8s expos\u00e9e<\/h3>\nPr\u00e9parez votre \u00e9quipement avec davantage de soin. Selon la saison, ajoutez un bonnet l\u00e9ger, des gants et une couche chaude suppl\u00e9mentaire.\n\nConsultez les pr\u00e9visions locales avant le d\u00e9part et restez attentif \u00e0 l\u2019\u00e9volution du ciel. En cas de m\u00e9t\u00e9o d\u00e9favorable, mieux vaut modifier votre itin\u00e9raire ou reporter la sortie.\n<h2>Quelles erreurs \u00e9viter pour bien s\u2019habiller \u00e0 la montagne\u00a0?<\/h2>\n<h3>Partir avec un seul v\u00eatement tr\u00e8s \u00e9pais<\/h3>\nUn v\u00eatement tr\u00e8s chaud peut sembler agr\u00e9able au d\u00e9part, mais devenir rapidement encombrant pendant l\u2019effort. Plusieurs couches fines permettent d\u2019ajuster plus facilement votre tenue.\n<h3>Confondre v\u00eatement d\u00e9perlant et veste imperm\u00e9able<\/h3>\nUne finition d\u00e9perlante convient \u00e0 une pluie l\u00e9g\u00e8re et passag\u00e8re. Pour une sortie longue ou lorsque des averses sont annonc\u00e9es, une protection imperm\u00e9able est pr\u00e9f\u00e9rable.\n<h3>Porter des v\u00eatements trop serr\u00e9s<\/h3>\nUne tenue trop ajust\u00e9e limite les mouvements et devient inconfortable lorsque vous superposez plusieurs couches. V\u00e9rifiez que vous pouvez lever les bras, vous accroupir et marcher sans g\u00eane.\n<h3>Tester ses chaussures le jour du d\u00e9part<\/h3>\nDes chaussures neuves peuvent provoquer des frottements ou des ampoules. Portez-les plusieurs fois avant vos vacances, avec les chaussettes pr\u00e9vues pour vos sorties.\n<h3>Oublier les accessoires utiles<\/h3>\nUne casquette, un bonnet, des lunettes ou une paire de gants prennent peu de place, mais apportent une protection appr\u00e9ciable. N\u2019oubliez pas non plus une gourde et une protection solaire, m\u00eame lorsqu\u2019il fait frais.\n<h2>Checklist\u00a0: les essentiels pour des vacances \u00e0 la montagne<\/h2>\nAvant de fermer votre valise ou de pr\u00e9parer votre sac, v\u00e9rifiez que vous disposez des \u00e9l\u00e9ments adapt\u00e9s \u00e0 la saison et aux activit\u00e9s pr\u00e9vues.\n<div class=\"afm-checklist\">\n<ul>\n \t<li>un tee-shirt ou un sous-v\u00eatement respirant\u00a0;<\/li>\n \t<li>une veste polaire ou une couche chaude\u00a0;<\/li>\n \t<li>une veste imperm\u00e9able ou coupe-vent\u00a0;<\/li>\n \t<li>un pantalon de randonn\u00e9e confortable\u00a0;<\/li>\n \t<li>des chaussures adapt\u00e9es au terrain\u00a0;<\/li>\n \t<li>des chaussettes confortables et une paire de rechange\u00a0;<\/li>\n \t<li>une casquette, un bonnet ou des gants selon la saison\u00a0;<\/li>\n \t<li>des lunettes de soleil et une protection solaire\u00a0;<\/li>\n \t<li>une gourde et une collation\u00a0;<\/li>\n \t<li>un sac \u00e0 dos permettant de ranger les couches retir\u00e9es.<\/li>\n<\/ul>\n<\/div>\nCette liste peut \u00eatre all\u00e9g\u00e9e pour une promenade courte ou compl\u00e9t\u00e9e pour une randonn\u00e9e plus longue. L\u2019essentiel est de disposer de v\u00eatements modulables, confortables et adapt\u00e9s aux conditions r\u00e9elles.\n<h2>Des v\u00eatements outdoor pratiques pour profiter de la montagne<\/h2>\nPour vos vacances \u00e0 la montagne, choisissez des v\u00eatements qui associent confort, r\u00e9sistance et facilit\u00e9 d\u2019entretien. Des pi\u00e8ces simples \u00e0 superposer et \u00e0 assortir vous permettront de composer plusieurs tenues sans surcharger votre valise.\n\nLes collections outdoor Atlas For Men proposent des vestes, des polaires, des pantalons et des accessoires pens\u00e9s pour accompagner les activit\u00e9s en pleine nature comme les moments de d\u00e9tente.\n\nQue vous pr\u00e9pariez une randonn\u00e9e, une balade en famille ou quelques jours en altitude, commencez par le syst\u00e8me des trois couches. Ajoutez un pantalon souple, des chaussures adapt\u00e9es et les accessoires utiles \u00e0 la saison. Vous pourrez ainsi profiter de votre s\u00e9jour avec une tenue confortable, polyvalente et facile \u00e0 ajuster.\n\n<section class=\"faq-montagne\">\n<h2>FAQ sur la tenue \u00e0 porter \u00e0 la montagne<\/h2>\n<div class=\"faq-item\">\n<h3>Quelle tenue porter \u00e0 la montagne en \u00e9t\u00e9\u00a0?<\/h3>\nPrivil\u00e9giez un tee-shirt respirant, un pantalon l\u00e9ger ou un bermuda et des chaussures adapt\u00e9es. Gardez une polaire fine et une veste imperm\u00e9able dans votre sac, car la temp\u00e9rature peut baisser rapidement en altitude.\n\n<\/div>\n<div class=\"faq-item\">\n<h3>Pourquoi utiliser le syst\u00e8me des trois couches\u00a0?<\/h3>\nIl permet d\u2019ajuster facilement votre tenue \u00e0 l\u2019effort, \u00e0 la temp\u00e9rature et aux conditions m\u00e9t\u00e9o. Vous pouvez retirer une couche pendant la marche et la remettre lors d\u2019une pause ou lorsque le vent se l\u00e8ve.\n\n<\/div>\n<div class=\"faq-item\">\n<h3>Quels v\u00eatements emporter pour des vacances \u00e0 la montagne\u00a0?<\/h3>\nPr\u00e9voyez des v\u00eatements respirants, une polaire, une veste imperm\u00e9able, un pantalon confortable, des chaussures de marche et quelques accessoires adapt\u00e9s \u00e0 la saison. Ajoutez une tenue plus d\u00e9contract\u00e9e pour les moments de d\u00e9tente.\n\n<\/div>\n<div class=\"faq-item\">\n<h3>Peut-on porter un jean pour se promener en montagne\u00a0?<\/h3>\nUn jean peut convenir pour une promenade courte et facile par temps sec. Pour une randonn\u00e9e ou une journ\u00e9e active, un pantalon de randonn\u00e9e est g\u00e9n\u00e9ralement plus souple, plus l\u00e9ger et plus rapide \u00e0 s\u00e9cher.\n\n<\/div>\n<div class=\"faq-item\">\n<h3>Faut-il toujours emporter une veste imperm\u00e9able\u00a0?<\/h3>\nIl est conseill\u00e9 d\u2019en pr\u00e9voir une pour une sortie \u00e0 la journ\u00e9e ou en altitude. Une veste l\u00e9g\u00e8re prend peu de place et prot\u00e8ge de la pluie, du vent et d\u2019une baisse soudaine de temp\u00e9rature.\n\n<\/div>\n<div class=\"faq-item\">\n<h3>Comment \u00e9viter d\u2019avoir trop chaud pendant une randonn\u00e9e\u00a0?<\/h3>\nPortez plusieurs couches fines et retirez-en une d\u00e8s que vous commencez \u00e0 transpirer. Choisissez des v\u00eatements respirants et gardez les couches retir\u00e9es dans un sac facilement accessible.\n\n<\/div>\n<div class=\"faq-item\">\n<h3>Les v\u00eatements outdoor sont-ils utiles pour une simple balade\u00a0?<\/h3>\nOui. Leur confort, leur r\u00e9sistance et leur libert\u00e9 de mouvement sont appr\u00e9ciables m\u00eame pour une promenade courte. Il suffit d\u2019adapter le niveau de protection \u00e0 la dur\u00e9e et \u00e0 la difficult\u00e9 du parcours.\n\n<\/div>\n<\/section><!-- Emplacements d\u2019images conseill\u00e9s si des URL valides sont fournies : 1. Apr\u00e8s le syst\u00e8me des trois couches : visuel pr\u00e9sentant les trois niveaux de v\u00eatements. 2. Apr\u00e8s le tableau comparatif : silhouette \u00e9quip\u00e9e pour une randonn\u00e9e \u00e0 la journ\u00e9e. 3. Avant la checklist : v\u00eatements et accessoires pr\u00e9par\u00e9s dans un sac. Ne pas int\u00e9grer d\u2019image sans URL valide. Privil\u00e9gier des visuels d\u2019au moins 700 px de large. -->\n\n<\/article>\t\t\t\t\t\t\t\t<\/div>\n\t\t\t\t<\/div>\n\t\t\t\t\t<\/div>\n\t\t<\/div>\n\t\t\t\t\t<\/div>\n\t\t<\/section>\n\t\t\t\t<\/div>\n\t\t","protected":false},"excerpt":{"rendered":"<p>Pour bien vous habiller \u00e0 la montagne, misez sur trois \u00e9l\u00e9ments essentiels\u00a0: des couches faciles \u00e0 superposer, un pantalon confortable et une veste adapt\u00e9e aux changements de m\u00e9t\u00e9o. Ajoutez des chaussures offrant une bonne adh\u00e9rence et quelques accessoires choisis selon la saison. Vous disposerez ainsi d\u2019une tenue pratique pour marcher, vous d\u00e9tendre en station ou &hellip;<\/p>\n","protected":false},"author":12,"featured_media":24713,"comment_status":"open","ping_status":"open","sticky":false,"template":"","format":"standard","meta":{"footnotes":""},"categories":[136,117],"tags":[],"class_list":["post-26165","post","type-post","status-publish","format-standard","has-post-thumbnail","hentry","category-choisir-vetements","category-habiller"],"yoast_head":"<!-- This site is optimized with the Yoast SEO plugin v25.2 - https:\/\/yoast.com\/wordpress\/plugins\/seo\/ -->\r\n<title>Les essentiels pour des vacances \u00e0 la montagne | Atlas For Men<\/title>\r\n<meta name=\"robots\" content=\"index,follow,archive\" \/>\r\n<link rel=\"canonical\" href=\"https:\/\/www.atlasformen.fr\/blog\/habiller\/les-essentiels-pour-des-vacances-a-la-montagne\/\" \/>\r\n<meta property=\"og:locale\" content=\"en_US\" \/>\r\n<meta property=\"og:type\" content=\"article\" \/>\r\n<meta property=\"og:title\" content=\"Les essentiels pour des vacances \u00e0 la montagne | Atlas For Men\" \/>\r\n<meta property=\"og:description\" content=\"Pour bien vous habiller \u00e0 la montagne, misez sur trois \u00e9l\u00e9ments essentiels\u00a0: des couches faciles \u00e0 superposer, un pantalon confortable et une veste adapt\u00e9e aux changements de m\u00e9t\u00e9o. Ajoutez des chaussures offrant une bonne adh\u00e9rence et quelques accessoires choisis selon la saison. Vous disposerez ainsi d\u2019une tenue pratique pour marcher, vous d\u00e9tendre en station ou &hellip;\" \/>\r\n<meta property=\"og:url\" content=\"https:\/\/www.atlasformen.fr\/blog\/habiller\/les-essentiels-pour-des-vacances-a-la-montagne\/\" \/>\r\n<meta property=\"og:site_name\" content=\"Atlas For Men Blog\" \/>\r\n<meta property=\"article:publisher\" content=\"https:\/\/www.facebook.com\/AtlasForMen\/\" \/>\r\n<meta property=\"article:published_time\" content=\"2026-08-07T08:00:00+00:00\" \/>\r\n<meta property=\"og:image\" content=\"https:\/\/media.atlasformen.com\/blogmedia\/uploads\/2025\/04\/randonne-montagne-groupe.png\" \/>\r\n\t<meta property=\"og:image:width\" content=\"809\" \/>\r\n\t<meta property=\"og:image:height\" content=\"610\" \/>\r\n\t<meta property=\"og:image:type\" content=\"image\/png\" \/>\r\n<meta name=\"author\" content=\"Hanna Rizzo\" \/>\r\n<meta name=\"twitter:card\" content=\"summary_large_image\" \/>\r\n<meta name=\"twitter:creator\" content=\"@atlas_for_men\" \/>\r\n<meta name=\"twitter:site\" content=\"@atlas_for_men\" \/>\r\n<meta name=\"twitter:label1\" content=\"Written by\" \/>\n\t<meta name=\"twitter:data1\" content=\"Hanna Rizzo\" \/>\n\t<meta name=\"twitter:label2\" content=\"Est. reading time\" \/>\n\t<meta name=\"twitter:data2\" content=\"13 minutes\" \/>\r\n<script type=\"application\/ld+json\" class=\"yoast-schema-graph\">{\"@context\":\"https:\/\/schema.org\",\"@graph\":[{\"@type\":\"Article\",\"@id\":\"https:\/\/www.atlasformen.fr\/blog\/habiller\/les-essentiels-pour-des-vacances-a-la-montagne\/#article\",\"isPartOf\":{\"@id\":\"https:\/\/www.atlasformen.fr\/blog\/habiller\/les-essentiels-pour-des-vacances-a-la-montagne\/\"},\"author\":{\"name\":\"Hanna Rizzo\",\"@id\":\"https:\/\/www.atlasformen.fr\/blog\/#\/schema\/person\/093990babf323556d1ed802728d3ef74\"},\"headline\":\"Les essentiels pour des vacances \u00e0 la montagne\",\"datePublished\":\"2026-08-07T08:00:00+00:00\",\"mainEntityOfPage\":{\"@id\":\"https:\/\/www.atlasformen.fr\/blog\/habiller\/les-essentiels-pour-des-vacances-a-la-montagne\/\"},\"wordCount\":3101,\"commentCount\":0,\"publisher\":{\"@id\":\"https:\/\/www.atlasformen.fr\/blog\/#organization\"},\"image\":{\"@id\":\"https:\/\/www.atlasformen.fr\/blog\/habiller\/les-essentiels-pour-des-vacances-a-la-montagne\/#primaryimage\"},\"thumbnailUrl\":\"https:\/\/media.atlasformen.com\/blogmedia\/uploads\/2025\/04\/randonne-montagne-groupe.png\",\"articleSection\":[\"Bien choisir ses v\u00eatements\",\"S'habiller\"],\"inLanguage\":\"en-US\",\"potentialAction\":[{\"@type\":\"CommentAction\",\"name\":\"Comment\",\"target\":[\"https:\/\/www.atlasformen.fr\/blog\/habiller\/les-essentiels-pour-des-vacances-a-la-montagne\/#respond\"]}]},{\"@type\":\"WebPage\",\"@id\":\"https:\/\/www.atlasformen.fr\/blog\/habiller\/les-essentiels-pour-des-vacances-a-la-montagne\/\",\"url\":\"https:\/\/www.atlasformen.fr\/blog\/habiller\/les-essentiels-pour-des-vacances-a-la-montagne\/\",\"name\":\"Les essentiels pour des vacances \u00e0 la montagne | Atlas For Men\",\"isPartOf\":{\"@id\":\"https:\/\/www.atlasformen.fr\/blog\/#website\"},\"primaryImageOfPage\":{\"@id\":\"https:\/\/www.atlasformen.fr\/blog\/habiller\/les-essentiels-pour-des-vacances-a-la-montagne\/#primaryimage\"},\"image\":{\"@id\":\"https:\/\/www.atlasformen.fr\/blog\/habiller\/les-essentiels-pour-des-vacances-a-la-montagne\/#primaryimage\"},\"thumbnailUrl\":\"https:\/\/media.atlasformen.com\/blogmedia\/uploads\/2025\/04\/randonne-montagne-groupe.png\",\"datePublished\":\"2026-08-07T08:00:00+00:00\",\"breadcrumb\":{\"@id\":\"https:\/\/www.atlasformen.fr\/blog\/habiller\/les-essentiels-pour-des-vacances-a-la-montagne\/#breadcrumb\"},\"inLanguage\":\"en-US\",\"potentialAction\":[{\"@type\":\"ReadAction\",\"target\":[\"https:\/\/www.atlasformen.fr\/blog\/habiller\/les-essentiels-pour-des-vacances-a-la-montagne\/\"]}]},{\"@type\":\"ImageObject\",\"inLanguage\":\"en-US\",\"@id\":\"https:\/\/www.atlasformen.fr\/blog\/habiller\/les-essentiels-pour-des-vacances-a-la-montagne\/#primaryimage\",\"url\":\"https:\/\/media.atlasformen.com\/blogmedia\/uploads\/2025\/04\/randonne-montagne-groupe.png\",\"contentUrl\":\"https:\/\/media.atlasformen.com\/blogmedia\/uploads\/2025\/04\/randonne-montagne-groupe.png\",\"width\":809,\"height\":610,\"caption\":\"randonn\u00e9e en montagne alpes\"},{\"@type\":\"BreadcrumbList\",\"@id\":\"https:\/\/www.atlasformen.fr\/blog\/habiller\/les-essentiels-pour-des-vacances-a-la-montagne\/#breadcrumb\",\"itemListElement\":[{\"@type\":\"ListItem\",\"position\":1,\"name\":\"Vivez l\u2019aventure\",\"item\":\"https:\/\/www.atlasformen.fr\/blog\/\"},{\"@type\":\"ListItem\",\"position\":2,\"name\":\"S'habiller\",\"item\":\"https:\/\/www.atlasformen.fr\/blog\/categorie\/habiller\/\"},{\"@type\":\"ListItem\",\"position\":3,\"name\":\"Les essentiels pour des vacances \u00e0 la montagne\"}]},{\"@type\":\"WebSite\",\"@id\":\"https:\/\/www.atlasformen.fr\/blog\/#website\",\"url\":\"https:\/\/www.atlasformen.fr\/blog\/\",\"name\":\"Atlas For Men Blog\",\"description\":\"Atlas For Men Blog\",\"publisher\":{\"@id\":\"https:\/\/www.atlasformen.fr\/blog\/#organization\"},\"potentialAction\":[{\"@type\":\"SearchAction\",\"target\":{\"@type\":\"EntryPoint\",\"urlTemplate\":\"https:\/\/www.atlasformen.fr\/blog\/?s={search_term_string}\"},\"query-input\":{\"@type\":\"PropertyValueSpecification\",\"valueRequired\":true,\"valueName\":\"search_term_string\"}}],\"inLanguage\":\"en-US\"},{\"@type\":\"Organization\",\"@id\":\"https:\/\/www.atlasformen.fr\/blog\/#organization\",\"name\":\"Atlas For Men\",\"url\":\"https:\/\/www.atlasformen.fr\/blog\/\",\"logo\":{\"@type\":\"ImageObject\",\"inLanguage\":\"en-US\",\"@id\":\"https:\/\/www.atlasformen.fr\/blog\/#\/schema\/logo\/image\/\",\"url\":\"https:\/\/media.atlasformen.com\/blogmedia\/uploads\/2018\/11\/logo_1-1.png\",\"contentUrl\":\"https:\/\/media.atlasformen.com\/blogmedia\/uploads\/2018\/11\/logo_1-1.png\",\"width\":200,\"height\":111,\"caption\":\"Atlas For Men\"},\"image\":{\"@id\":\"https:\/\/www.atlasformen.fr\/blog\/#\/schema\/logo\/image\/\"},\"sameAs\":[\"https:\/\/www.facebook.com\/AtlasForMen\/\",\"https:\/\/x.com\/atlas_for_men\",\"https:\/\/www.instagram.com\/atlasformen\/\",\"https:\/\/www.pinterest.fr\/atlasformen\/\",\"https:\/\/www.youtube.com\/user\/AtlasForMenFrance\"]},{\"@type\":\"Person\",\"@id\":\"https:\/\/www.atlasformen.fr\/blog\/#\/schema\/person\/093990babf323556d1ed802728d3ef74\",\"name\":\"Hanna Rizzo\",\"image\":{\"@type\":\"ImageObject\",\"inLanguage\":\"en-US\",\"@id\":\"https:\/\/www.atlasformen.fr\/blog\/#\/schema\/person\/image\/\",\"url\":\"https:\/\/secure.gravatar.com\/avatar\/10b697751e22bae3f6b9c2ccf41005fbe4723719d0563218643bfe02861139cf?s=96&d=mm&r=g\",\"contentUrl\":\"https:\/\/secure.gravatar.com\/avatar\/10b697751e22bae3f6b9c2ccf41005fbe4723719d0563218643bfe02861139cf?s=96&d=mm&r=g\",\"caption\":\"Hanna Rizzo\"},\"url\":\"https:\/\/www.atlasformen.fr\/blog\/author\/hrizzo\/\"}]}<\/script>\r\n<!-- \/ Yoast SEO plugin. -->","yoast_head_json":{"title":"Les essentiels pour des vacances \u00e0 la montagne | Atlas For Men","robots":{"index,follow,archive":"index,follow,archive"},"canonical":"https:\/\/www.atlasformen.fr\/blog\/habiller\/les-essentiels-pour-des-vacances-a-la-montagne\/","og_locale":"en_US","og_type":"article","og_title":"Les essentiels pour des vacances \u00e0 la montagne | Atlas For Men","og_description":"Pour bien vous habiller \u00e0 la montagne, misez sur trois \u00e9l\u00e9ments essentiels\u00a0: des couches faciles \u00e0 superposer, un pantalon confortable et une veste adapt\u00e9e aux changements de m\u00e9t\u00e9o. Ajoutez des chaussures offrant une bonne adh\u00e9rence et quelques accessoires choisis selon la saison. Vous disposerez ainsi d\u2019une tenue pratique pour marcher, vous d\u00e9tendre en station ou &hellip;","og_url":"https:\/\/www.atlasformen.fr\/blog\/habiller\/les-essentiels-pour-des-vacances-a-la-montagne\/","og_site_name":"Atlas For Men Blog","article_publisher":"https:\/\/www.facebook.com\/AtlasForMen\/","article_published_time":"2026-08-07T08:00:00+00:00","og_image":[{"width":809,"height":610,"url":"https:\/\/media.atlasformen.com\/blogmedia\/uploads\/2025\/04\/randonne-montagne-groupe.png","type":"image\/png"}],"author":"Hanna Rizzo","twitter_card":"summary_large_image","twitter_creator":"@atlas_for_men","twitter_site":"@atlas_for_men","twitter_misc":{"Written by":"Hanna Rizzo","Est. reading time":"13 minutes"},"schema":{"@context":"https:\/\/schema.org","@graph":[{"@type":"Article","@id":"https:\/\/www.atlasformen.fr\/blog\/habiller\/les-essentiels-pour-des-vacances-a-la-montagne\/#article","isPartOf":{"@id":"https:\/\/www.atlasformen.fr\/blog\/habiller\/les-essentiels-pour-des-vacances-a-la-montagne\/"},"author":{"name":"Hanna Rizzo","@id":"https:\/\/www.atlasformen.fr\/blog\/#\/schema\/person\/093990babf323556d1ed802728d3ef74"},"headline":"Les essentiels pour des vacances \u00e0 la montagne","datePublished":"2026-08-07T08:00:00+00:00","mainEntityOfPage":{"@id":"https:\/\/www.atlasformen.fr\/blog\/habiller\/les-essentiels-pour-des-vacances-a-la-montagne\/"},"wordCount":3101,"commentCount":0,"publisher":{"@id":"https:\/\/www.atlasformen.fr\/blog\/#organization"},"image":{"@id":"https:\/\/www.atlasformen.fr\/blog\/habiller\/les-essentiels-pour-des-vacances-a-la-montagne\/#primaryimage"},"thumbnailUrl":"https:\/\/media.atlasformen.com\/blogmedia\/uploads\/2025\/04\/randonne-montagne-groupe.png","articleSection":["Bien choisir ses v\u00eatements","S'habiller"],"inLanguage":"en-US","potentialAction":[{"@type":"CommentAction","name":"Comment","target":["https:\/\/www.atlasformen.fr\/blog\/habiller\/les-essentiels-pour-des-vacances-a-la-montagne\/#respond"]}]},{"@type":"WebPage","@id":"https:\/\/www.atlasformen.fr\/blog\/habiller\/les-essentiels-pour-des-vacances-a-la-montagne\/","url":"https:\/\/www.atlasformen.fr\/blog\/habiller\/les-essentiels-pour-des-vacances-a-la-montagne\/","name":"Les essentiels pour des vacances \u00e0 la montagne | Atlas For Men","isPartOf":{"@id":"https:\/\/www.atlasformen.fr\/blog\/#website"},"primaryImageOfPage":{"@id":"https:\/\/www.atlasformen.fr\/blog\/habiller\/les-essentiels-pour-des-vacances-a-la-montagne\/#primaryimage"},"image":{"@id":"https:\/\/www.atlasformen.fr\/blog\/habiller\/les-essentiels-pour-des-vacances-a-la-montagne\/#primaryimage"},"thumbnailUrl":"https:\/\/media.atlasformen.com\/blogmedia\/uploads\/2025\/04\/randonne-montagne-groupe.png","datePublished":"2026-08-07T08:00:00+00:00","breadcrumb":{"@id":"https:\/\/www.atlasformen.fr\/blog\/habiller\/les-essentiels-pour-des-vacances-a-la-montagne\/#breadcrumb"},"inLanguage":"en-US","potentialAction":[{"@type":"ReadAction","target":["https:\/\/www.atlasformen.fr\/blog\/habiller\/les-essentiels-pour-des-vacances-a-la-montagne\/"]}]},{"@type":"ImageObject","inLanguage":"en-US","@id":"https:\/\/www.atlasformen.fr\/blog\/habiller\/les-essentiels-pour-des-vacances-a-la-montagne\/#primaryimage","url":"https:\/\/media.atlasformen.com\/blogmedia\/uploads\/2025\/04\/randonne-montagne-groupe.png","contentUrl":"https:\/\/media.atlasformen.com\/blogmedia\/uploads\/2025\/04\/randonne-montagne-groupe.png","width":809,"height":610,"caption":"randonn\u00e9e en montagne alpes"},{"@type":"BreadcrumbList","@id":"https:\/\/www.atlasformen.fr\/blog\/habiller\/les-essentiels-pour-des-vacances-a-la-montagne\/#breadcrumb","itemListElement":[{"@type":"ListItem","position":1,"name":"Vivez l\u2019aventure","item":"https:\/\/www.atlasformen.fr\/blog\/"},{"@type":"ListItem","position":2,"name":"S'habiller","item":"https:\/\/www.atlasformen.fr\/blog\/categorie\/habiller\/"},{"@type":"ListItem","position":3,"name":"Les essentiels pour des vacances \u00e0 la montagne"}]},{"@type":"WebSite","@id":"https:\/\/www.atlasformen.fr\/blog\/#website","url":"https:\/\/www.atlasformen.fr\/blog\/","name":"Atlas For Men Blog","description":"Atlas For Men Blog","publisher":{"@id":"https:\/\/www.atlasformen.fr\/blog\/#organization"},"potentialAction":[{"@type":"SearchAction","target":{"@type":"EntryPoint","urlTemplate":"https:\/\/www.atlasformen.fr\/blog\/?s={search_term_string}"},"query-input":{"@type":"PropertyValueSpecification","valueRequired":true,"valueName":"search_term_string"}}],"inLanguage":"en-US"},{"@type":"Organization","@id":"https:\/\/www.atlasformen.fr\/blog\/#organization","name":"Atlas For Men","url":"https:\/\/www.atlasformen.fr\/blog\/","logo":{"@type":"ImageObject","inLanguage":"en-US","@id":"https:\/\/www.atlasformen.fr\/blog\/#\/schema\/logo\/image\/","url":"https:\/\/media.atlasformen.com\/blogmedia\/uploads\/2018\/11\/logo_1-1.png","contentUrl":"https:\/\/media.atlasformen.com\/blogmedia\/uploads\/2018\/11\/logo_1-1.png","width":200,"height":111,"caption":"Atlas For Men"},"image":{"@id":"https:\/\/www.atlasformen.fr\/blog\/#\/schema\/logo\/image\/"},"sameAs":["https:\/\/www.facebook.com\/AtlasForMen\/","https:\/\/x.com\/atlas_for_men","https:\/\/www.instagram.com\/atlasformen\/","https:\/\/www.pinterest.fr\/atlasformen\/","https:\/\/www.youtube.com\/user\/AtlasForMenFrance"]},{"@type":"Person","@id":"https:\/\/www.atlasformen.fr\/blog\/#\/schema\/person\/093990babf323556d1ed802728d3ef74","name":"Hanna Rizzo","image":{"@type":"ImageObject","inLanguage":"en-US","@id":"https:\/\/www.atlasformen.fr\/blog\/#\/schema\/person\/image\/","url":"https:\/\/secure.gravatar.com\/avatar\/10b697751e22bae3f6b9c2ccf41005fbe4723719d0563218643bfe02861139cf?s=96&d=mm&r=g","contentUrl":"https:\/\/secure.gravatar.com\/avatar\/10b697751e22bae3f6b9c2ccf41005fbe4723719d0563218643bfe02861139cf?s=96&d=mm&r=g","caption":"Hanna Rizzo"},"url":"https:\/\/www.atlasformen.fr\/blog\/author\/hrizzo\/"}]}},"_links":{"self":[{"href":"https:\/\/www.atlasformen.fr\/blog\/wp-json\/wp\/v2\/posts\/26165","targetHints":{"allow":["GET"]}}],"collection":[{"href":"https:\/\/www.atlasformen.fr\/blog\/wp-json\/wp\/v2\/posts"}],"about":[{"href":"https:\/\/www.atlasformen.fr\/blog\/wp-json\/wp\/v2\/types\/post"}],"author":[{"embeddable":true,"href":"https:\/\/www.atlasformen.fr\/blog\/wp-json\/wp\/v2\/users\/12"}],"replies":[{"embeddable":true,"href":"https:\/\/www.atlasformen.fr\/blog\/wp-json\/wp\/v2\/comments?post=26165"}],"version-history":[{"count":10,"href":"https:\/\/www.atlasformen.fr\/blog\/wp-json\/wp\/v2\/posts\/26165\/revisions"}],"predecessor-version":[{"id":26175,"href":"https:\/\/www.atlasformen.fr\/blog\/wp-json\/wp\/v2\/posts\/26165\/revisions\/26175"}],"wp:featuredmedia":[{"embeddable":true,"href":"https:\/\/www.atlasformen.fr\/blog\/wp-json\/wp\/v2\/media\/24713"}],"wp:attachment":[{"href":"https:\/\/www.atlasformen.fr\/blog\/wp-json\/wp\/v2\/media?parent=26165"}],"wp:term":[{"taxonomy":"category","embeddable":true,"href":"https:\/\/www.atlasformen.fr\/blog\/wp-json\/wp\/v2\/categories?post=26165"},{"taxonomy":"post_tag","embeddable":true,"href":"https:\/\/www.atlasformen.fr\/blog\/wp-json\/wp\/v2\/tags?post=26165"}],"curies":[{"name":"wp","href":"https:\/\/api.w.org\/{rel}","templated":true}]}}