{"id":7264,"date":"2019-09-12T16:36:40","date_gmt":"2019-09-12T14:36:40","guid":{"rendered":"https:\/\/preprod2.atlasformen.fr\/blog\/?p=7264"},"modified":"2022-01-20T18:03:56","modified_gmt":"2022-01-20T17:03:56","slug":"les-plus-beaux-endroits-du-tour-de-france","status":"publish","type":"post","link":"https:\/\/www.atlasformen.fr\/blog\/explorer\/france\/les-plus-beaux-endroits-du-tour-de-france\/","title":{"rendered":"Les plus beaux endroits du Tour de France"},"content":{"rendered":"\t\t<div data-elementor-type=\"wp-post\" data-elementor-id=\"7264\" class=\"elementor elementor-7264\">\n\t\t\t\t\t\t<section class=\"elementor-section elementor-top-section elementor-element elementor-element-993f850 elementor-section-boxed elementor-section-height-default elementor-section-height-default\" data-id=\"993f850\" data-element_type=\"section\">\n\t\t\t\t\t\t<div class=\"elementor-container elementor-column-gap-default\">\n\t\t\t\t\t<div class=\"elementor-column elementor-col-100 elementor-top-column elementor-element elementor-element-a3cd6e2\" data-id=\"a3cd6e2\" data-element_type=\"column\">\n\t\t\t<div class=\"elementor-widget-wrap elementor-element-populated\">\n\t\t\t\t\t\t<div class=\"elementor-element elementor-element-76eb552 elementor-widget elementor-widget-text-editor\" data-id=\"76eb552\" data-element_type=\"widget\" data-widget_type=\"text-editor.default\">\n\t\t\t\t<div class=\"elementor-widget-container\">\n\t\t\t\t\t\t\t\t\t<p><em>Le Tour de France nous permet d\u2019applaudir les exploits sportifs des cyclistes. Mais il est aussi l\u2019occasion d\u2019admirer les paysages vari\u00e9s de nos r\u00e9gions. Au programme : panoramas \u00e9poustouflants, loisirs sportifs et activit\u00e9s en pleine nature ! Le tout arros\u00e9 de quelques gourmandises\u2026<\/em><\/p>\t\t\t\t\t\t\t\t<\/div>\n\t\t\t\t<\/div>\n\t\t\t\t<div class=\"elementor-element elementor-element-14e90d5 elementor-widget elementor-widget-heading\" data-id=\"14e90d5\" data-element_type=\"widget\" data-widget_type=\"heading.default\">\n\t\t\t\t<div class=\"elementor-widget-container\">\n\t\t\t\t\t<h2 class=\"elementor-heading-title elementor-size-default\">Randonn\u00e9es et activit\u00e9s nautiques dans <br>le Grand Est<\/h2>\t\t\t\t<\/div>\n\t\t\t\t<\/div>\n\t\t\t\t<div class=\"elementor-element elementor-element-c4283b4 elementor-widget elementor-widget-image\" data-id=\"c4283b4\" data-element_type=\"widget\" data-widget_type=\"image.default\">\n\t\t\t\t<div class=\"elementor-widget-container\">\n\t\t\t\t\t\t\t\t\t\t\t\t\t\t\t<img  fetchpriority=\"high\" decoding=\"async\" width=\"809\" height=\"600\"  src=\"data:image\/gif;base64,R0lGODlhAQABAIAAAAAAAP\/\/\/yH5BAEAAAAALAAAAAABAAEAAAIBRAA7\" data-lazy-src=\"https:\/\/media.atlasformen.com\/blogmedia\/uploads\/2019\/09\/Copy-of-Copy-of-Copy-of-atlas-collection-1024x760.png\"  class=\"attachment-large size-large wp-image-7525\" alt=\"Balade en cano\u00eb et randonn\u00e9e\" srcset=\"https:\/\/media.atlasformen.com\/blogmedia\/uploads\/2019\/09\/Copy-of-Copy-of-Copy-of-atlas-collection.png 1024w, https:\/\/media.atlasformen.com\/blogmedia\/uploads\/2019\/09\/Copy-of-Copy-of-Copy-of-atlas-collection-300x223.png 300w, https:\/\/media.atlasformen.com\/blogmedia\/uploads\/2019\/09\/Copy-of-Copy-of-Copy-of-atlas-collection-768x570.png 768w, https:\/\/media.atlasformen.com\/blogmedia\/uploads\/2019\/09\/Copy-of-Copy-of-Copy-of-atlas-collection-24x18.png 24w, https:\/\/media.atlasformen.com\/blogmedia\/uploads\/2019\/09\/Copy-of-Copy-of-Copy-of-atlas-collection-36x27.png 36w, https:\/\/media.atlasformen.com\/blogmedia\/uploads\/2019\/09\/Copy-of-Copy-of-Copy-of-atlas-collection-48x36.png 48w\" sizes=\"(max-width: 809px) 100vw, 809px\" \/><noscript><img  fetchpriority=\"high\" decoding=\"async\" width=\"809\" height=\"600\"  src=\"https:\/\/media.atlasformen.com\/blogmedia\/uploads\/2019\/09\/Copy-of-Copy-of-Copy-of-atlas-collection-1024x760.png\"  class=\"attachment-large size-large wp-image-7525\" alt=\"Balade en cano\u00eb et randonn\u00e9e\" srcset=\"https:\/\/media.atlasformen.com\/blogmedia\/uploads\/2019\/09\/Copy-of-Copy-of-Copy-of-atlas-collection.png 1024w, https:\/\/media.atlasformen.com\/blogmedia\/uploads\/2019\/09\/Copy-of-Copy-of-Copy-of-atlas-collection-300x223.png 300w, https:\/\/media.atlasformen.com\/blogmedia\/uploads\/2019\/09\/Copy-of-Copy-of-Copy-of-atlas-collection-768x570.png 768w, https:\/\/media.atlasformen.com\/blogmedia\/uploads\/2019\/09\/Copy-of-Copy-of-Copy-of-atlas-collection-24x18.png 24w, https:\/\/media.atlasformen.com\/blogmedia\/uploads\/2019\/09\/Copy-of-Copy-of-Copy-of-atlas-collection-36x27.png 36w, https:\/\/media.atlasformen.com\/blogmedia\/uploads\/2019\/09\/Copy-of-Copy-of-Copy-of-atlas-collection-48x36.png 48w\" sizes=\"(max-width: 809px) 100vw, 809px\" \/><\/noscript>\t\t\t\t\t\t\t\t\t\t\t\t\t\t\t<\/div>\n\t\t\t\t<\/div>\n\t\t\t\t<div class=\"elementor-element elementor-element-6a1a237 elementor-widget elementor-widget-text-editor\" data-id=\"6a1a237\" data-element_type=\"widget\" data-widget_type=\"text-editor.default\">\n\t\t\t\t<div class=\"elementor-widget-container\">\n\t\t\t\t\t\t\t\t\t<p>Fl\u00e2neur des villes ou promeneur des champs, l\u2019aventure est pour tout le monde dans cette grande r\u00e9gion au relief vari\u00e9 ! \u00c0 <strong>Villers-les-Nancy<\/strong>,<strong> le jardin botanique<\/strong> Jean-Marie Pelt offre <strong>une v\u00e9ritable immersion dans la nature<\/strong> \u00e0 travers <strong>12000 esp\u00e8ces v\u00e9g\u00e9tales r\u00e9unies<\/strong> dans <strong>27 hectares de parc et 2 500 m2 de serres tropicales<\/strong>. Non loin de Saint-Di\u00e9-des-Vosges,<strong> le lac de Pierre-Perc\u00e9e<\/strong> permet de <strong>pratiquer de nombreuses activit\u00e9s nautiques<\/strong>, tant sur sa base de loisirs (baignade, p\u00e9dalo\u2026) qu\u2019au sein de <strong>son p\u00f4le sports nature<\/strong> (bou\u00e9es tract\u00e9es, tir \u00e0 l\u2019arc\u2026) ou de <strong>son parc d\u2019aventure<\/strong> (parcours dans les arbres, saut \u00e0 l\u2019\u00e9lastique\u2026).<\/p><p>Dans <strong>le massif des Vosges<\/strong>, <strong>la Planche des Belles Filles<\/strong> n\u2019est pas seulement r\u00e9put\u00e9e pour <strong>sa station de sports d\u2019hiver<\/strong>. Aux beaux jours, <strong>de nombreux chemins forestiers<\/strong> permettent d&#8217;acc\u00e9der au <strong>Ballon d&#8217;Alsace.<\/strong> Ce dernier offre un large panorama :<strong> For\u00eat Noire<\/strong> en <strong>Allemagne \u00e0 l\u2019est<\/strong>, <strong>Jura suisse, Alpes bernoises et mont Blanc<\/strong> <strong>au sud<\/strong>, ou encore <strong>cr\u00eates des Vosges au nord.<\/strong> Au d\u00e9tour d\u2019une balade au c\u0153ur de l\u2019Alsace,<strong> les plus gourmands<\/strong> pourront go\u00fbter \u00e0 l\u2019une des nombreuses sp\u00e9cialit\u00e9s, de<strong> la tarte flamb\u00e9e (flammenkueche)<\/strong>, au <strong>baeckeoffe<\/strong> en passant par <strong>le<\/strong> <strong>kugelhopf<\/strong> ou encore <strong>la<\/strong> <strong>choucroute. <\/strong>D\u00e9couvrez aussi notre <strong>article<\/strong> sur les <a href=\"https:\/\/www.atlasformen.fr\/blog\/manger\/hiver\/recettes-nord\/\" target=\"_blank\" rel=\"noopener\"><span style=\"text-decoration: underline;\"><strong>recettes du Nord<\/strong><\/span><\/a>.<\/p>\t\t\t\t\t\t\t\t<\/div>\n\t\t\t\t<\/div>\n\t\t\t\t<div class=\"elementor-element elementor-element-d9817c7 elementor-widget elementor-widget-shortcode\" data-id=\"d9817c7\" data-element_type=\"widget\" data-widget_type=\"shortcode.default\">\n\t\t\t\t<div class=\"elementor-widget-container\">\n\t\t\t\t\t\t\t<div class=\"elementor-shortcode\"><div class=\"afmProductSlider-Container\"><div class=\"afmProductSlider-arrows-container clearfix\"><div class=\"afmArrow-prev\"><\/div><div class=\"afmArrow-next\"><\/div><\/div><div class=\"afmProductSlider \"><div class=\"afmProduct\"><a class=\"clearfix\" href=\"\/products\/homme\/chaussures\/chaussures-de-randonnee\/les-chaussures-de-sport-tout-terrain\/q7104.aspx\" target=\"_blank\" ><div class=\"afmProductImageContainer\"><img  decoding=\"async\" alt=\"ProductTest01\"  src=\"data:image\/gif;base64,R0lGODlhAQABAIAAAAAAAP\/\/\/yH5BAEAAAAALAAAAAABAAEAAAIBRAA7\" data-lazy-src=\"https:\/\/media.atlasformen.com\/webmedia\/1080by1242\/cd\/fe\/ee\/cdfeee02c36a7863780688b91fcf6681.jpg?w=356\" \/><noscript><img  decoding=\"async\" alt=\"ProductTest01\"  src=\"https:\/\/media.atlasformen.com\/webmedia\/1080by1242\/cd\/fe\/ee\/cdfeee02c36a7863780688b91fcf6681.jpg?w=356\" \/><\/noscript><\/div><div class=\"afmProductInformationContainer\"><div class=\"afmProduct-items-title\"><span>Les Chaussures de Sport Tout-Terrain<\/span><\/div><div class=\"afmProduct-items-tag\"><\/div><div class=\"afmProduct-items-price-container col-md-12\"><span id=\"spanDiscount\" class=\"afm-ProductItemPromo\"><span class=\"afm-discount\"><strong id=\"strongOff\"><span id=\"spanLess\" class=\"less\">-<\/span><span class=\"amount\" id=\"spanPercentage\">52<\/span><span class=\"percent\">%<\/span><\/strong><\/span><\/span><span class=\"afm-ProductItemPrice afm-PLPPrice\">29\u20ac99<span id=\"spanPriceBefore\" class=\"afm-ProductItemPriceBase\">62\u20ac90<\/span><\/span><\/div><div class=\"afmProduct-items-cart\"><div class=\"afmProduct-BuyNow-Button\">J'AJOUTE AU PANIER<\/div><\/div><div class=\"afmProduct-items-sku\"> <\/div><\/div><\/a><\/div><div class=\"afmProduct\"><a class=\"clearfix\" href=\"\/products\/homme\/chaussures\/chaussures-de-randonnee\/les-chaussures-tout-terrain\/p4138.aspx\" target=\"_blank\" ><div class=\"afmProductImageContainer\"><img  decoding=\"async\" alt=\"ProductTest01\"  src=\"data:image\/gif;base64,R0lGODlhAQABAIAAAAAAAP\/\/\/yH5BAEAAAAALAAAAAABAAEAAAIBRAA7\" data-lazy-src=\"https:\/\/media.atlasformen.com\/webmedia\/1080by1242\/f0\/0b\/57\/f00b571fb420e150202edbf7b3341a99.jpeg?w=356\" \/><noscript><img  decoding=\"async\" alt=\"ProductTest01\"  src=\"https:\/\/media.atlasformen.com\/webmedia\/1080by1242\/f0\/0b\/57\/f00b571fb420e150202edbf7b3341a99.jpeg?w=356\" \/><\/noscript><\/div><div class=\"afmProductInformationContainer\"><div class=\"afmProduct-items-title\"><span>Les Chaussures Tout-Terrain<\/span><\/div><div class=\"afmProduct-items-tag\"><\/div><div class=\"afmProduct-items-price-container col-md-12\"><span id=\"spanDiscount\" class=\"afm-ProductItemPromo\"><span class=\"afm-discount\"><strong id=\"strongOff\"><span id=\"spanLess\" class=\"less\">-<\/span><span class=\"amount\" id=\"spanPercentage\">52<\/span><span class=\"percent\">%<\/span><\/strong><\/span><\/span><span class=\"afm-ProductItemPrice afm-PLPPrice\">29\u20ac99<span id=\"spanPriceBefore\" class=\"afm-ProductItemPriceBase\">62\u20ac90<\/span><\/span><\/div><div class=\"afmProduct-items-cart\"><div class=\"afmProduct-BuyNow-Button\">J'AJOUTE AU PANIER<\/div><\/div><div class=\"afmProduct-items-sku\"> <\/div><\/div><\/a><\/div><div class=\"afmProduct\"><a class=\"clearfix\" href=\"\/products\/homme\/vetements\/nos-best-sellers\/chaussures-de-marche-mcleod-homme-noir-mountain-warehouse\/773331.aspx\" target=\"_blank\" ><div class=\"afmProductImageContainer\"><img  decoding=\"async\" alt=\"ProductTest01\"  src=\"data:image\/gif;base64,R0lGODlhAQABAIAAAAAAAP\/\/\/yH5BAEAAAAALAAAAAABAAEAAAIBRAA7\" data-lazy-src=\"https:\/\/media.atlasformen.com\/webmedia\/1080by1242\/4D\/61\/74\/4D6174628A37F17153E9E653F52F4B3D42C2CDC921301C5641DF633F3B1893C0.jpg?w=356\" \/><noscript><img  decoding=\"async\" alt=\"ProductTest01\"  src=\"https:\/\/media.atlasformen.com\/webmedia\/1080by1242\/4D\/61\/74\/4D6174628A37F17153E9E653F52F4B3D42C2CDC921301C5641DF633F3B1893C0.jpg?w=356\" \/><\/noscript><\/div><div class=\"afmProductInformationContainer\"><div class=\"afmProduct-items-title\"><span>Chaussures De Marche Mcleod Homme Noir Mountain Warehouse<\/span><\/div><div class=\"afmProduct-items-tag\"><\/div><div class=\"afmProduct-items-price-container col-md-12\"><span id=\"spanDiscount\" class=\"afm-ProductItemPromo\"><span class=\"afm-discount\"><strong id=\"strongOff\"><span id=\"spanLess\" class=\"less\">-<\/span><span class=\"amount\" id=\"spanPercentage\">19<\/span><span class=\"percent\">%<\/span><\/strong><\/span><\/span><span class=\"afm-ProductItemPrice afm-PLPPrice\">48\u20ac99<span id=\"spanPriceBefore\" class=\"afm-ProductItemPriceBase\">60\u20ac90<\/span><\/span><\/div><div class=\"afmProduct-items-cart\"><div class=\"afmProduct-BuyNow-Button\">J'AJOUTE AU PANIER<\/div><\/div><div class=\"afmProduct-items-sku\"> <\/div><\/div><\/a><\/div><div class=\"afmProduct\"><a class=\"clearfix\" href=\"\/products\/homme\/vetements\/nos-best-sellers\/sandales-a-bout-ferme-torrance-homme-marron-fonce-trespass\/660795.aspx\" target=\"_blank\" ><div class=\"afmProductImageContainer\"><img  decoding=\"async\" alt=\"ProductTest01\"  src=\"data:image\/gif;base64,R0lGODlhAQABAIAAAAAAAP\/\/\/yH5BAEAAAAALAAAAAABAAEAAAIBRAA7\" data-lazy-src=\"https:\/\/media.atlasformen.com\/webmedia\/1080by1242\/28\/16\/8F\/28168FA28A03860E6B26557BC639BF2B8ADFFBA03E63651AF9A024BD79EEDB41.jpg?w=356\" \/><noscript><img  decoding=\"async\" alt=\"ProductTest01\"  src=\"https:\/\/media.atlasformen.com\/webmedia\/1080by1242\/28\/16\/8F\/28168FA28A03860E6B26557BC639BF2B8ADFFBA03E63651AF9A024BD79EEDB41.jpg?w=356\" \/><\/noscript><\/div><div class=\"afmProductInformationContainer\"><div class=\"afmProduct-items-title\"><span>Sandales \u00c0 Bout Ferm\u00e9 Torrance Homme Marron Fonc\u00e9 Trespass<\/span><\/div><div class=\"afmProduct-items-tag\"><\/div><div class=\"afmProduct-items-price-container col-md-12\"><span id=\"spanDiscount\" class=\"afm-ProductItemPromo\"><span class=\"afm-discount\"><strong id=\"strongOff\"><span id=\"spanLess\" class=\"less\">-<\/span><span class=\"amount\" id=\"spanPercentage\">50<\/span><span class=\"percent\">%<\/span><\/strong><\/span><\/span><span class=\"afm-ProductItemPrice afm-PLPPrice\">48\u20ac99<span id=\"spanPriceBefore\" class=\"afm-ProductItemPriceBase\">98\u20ac90<\/span><\/span><\/div><div class=\"afmProduct-items-cart\"><div class=\"afmProduct-BuyNow-Button\">J'AJOUTE AU PANIER<\/div><\/div><div class=\"afmProduct-items-sku\"> <\/div><\/div><\/a><\/div><div class=\"afmProduct\"><a class=\"clearfix\" href=\"\/products\/homme\/chaussures\/boots\/bottines-de-randonnee-homme-jaune-grafters\/1076172.aspx\" target=\"_blank\" ><div class=\"afmProductImageContainer\"><img  decoding=\"async\" alt=\"ProductTest01\"  src=\"data:image\/gif;base64,R0lGODlhAQABAIAAAAAAAP\/\/\/yH5BAEAAAAALAAAAAABAAEAAAIBRAA7\" data-lazy-src=\"https:\/\/media.atlasformen.com\/webmedia\/1080by1242\/F8\/1A\/F5\/F81AF5C4D6D4498F244A6411B1465E02928D80A82BC180567D57904EF36A6AEA.jpg?w=356\" \/><noscript><img  decoding=\"async\" alt=\"ProductTest01\"  src=\"https:\/\/media.atlasformen.com\/webmedia\/1080by1242\/F8\/1A\/F5\/F81AF5C4D6D4498F244A6411B1465E02928D80A82BC180567D57904EF36A6AEA.jpg?w=356\" \/><\/noscript><\/div><div class=\"afmProductInformationContainer\"><div class=\"afmProduct-items-title\"><span>Bottines De Randonn\u00e9e Homme Jaune Grafters<\/span><\/div><div class=\"afmProduct-items-tag\"><\/div><div class=\"afmProduct-items-price-container col-md-12\"><span id=\"spanDiscount\" class=\"afm-ProductItemPromo\"><span class=\"afm-discount\"><strong id=\"strongOff\"><span id=\"spanLess\" class=\"less\">-<\/span><span class=\"amount\" id=\"spanPercentage\">25<\/span><span class=\"percent\">%<\/span><\/strong><\/span><\/span><span class=\"afm-ProductItemPrice afm-PLPPrice\">66\u20ac99<span id=\"spanPriceBefore\" class=\"afm-ProductItemPriceBase\">89\u20ac90<\/span><\/span><\/div><div class=\"afmProduct-items-cart\"><div class=\"afmProduct-BuyNow-Button\">J'AJOUTE AU PANIER<\/div><\/div><div class=\"afmProduct-items-sku\"> <\/div><\/div><\/a><\/div><div class=\"afmProduct\"><a class=\"clearfix\" href=\"\/products\/homme\/chaussures\/boots\/chaussures-leisure-homme-marron-imac\/1143895.aspx\" target=\"_blank\" ><div class=\"afmProductImageContainer\"><img  decoding=\"async\" alt=\"ProductTest01\"  src=\"data:image\/gif;base64,R0lGODlhAQABAIAAAAAAAP\/\/\/yH5BAEAAAAALAAAAAABAAEAAAIBRAA7\" data-lazy-src=\"https:\/\/media.atlasformen.com\/webmedia\/1080by1242\/E7\/77\/7D\/E7777D2494B59B91F0863392F0DF36789B88E740E62BECA5FB64C0C06DCCA070.jpg?w=356\" \/><noscript><img  decoding=\"async\" alt=\"ProductTest01\"  src=\"https:\/\/media.atlasformen.com\/webmedia\/1080by1242\/E7\/77\/7D\/E7777D2494B59B91F0863392F0DF36789B88E740E62BECA5FB64C0C06DCCA070.jpg?w=356\" \/><\/noscript><\/div><div class=\"afmProductInformationContainer\"><div class=\"afmProduct-items-title\"><span>Chaussures Leisure Homme Marron IMAC<\/span><\/div><div class=\"afmProduct-items-tag\"><\/div><div class=\"afmProduct-items-price-container col-md-12\"><span id=\"spanDiscount\" class=\"afm-ProductItemPromo\"><span class=\"afm-discount\"><strong id=\"strongOff\"><span id=\"spanLess\" class=\"less\">-<\/span><span class=\"amount\" id=\"spanPercentage\">28<\/span><span class=\"percent\">%<\/span><\/strong><\/span><\/span><span class=\"afm-ProductItemPrice afm-PLPPrice\">78\u20ac99<span id=\"spanPriceBefore\" class=\"afm-ProductItemPriceBase\">109\u20ac90<\/span><\/span><\/div><div class=\"afmProduct-items-cart\"><div class=\"afmProduct-BuyNow-Button\">J'AJOUTE AU PANIER<\/div><\/div><div class=\"afmProduct-items-sku\"> <\/div><\/div><\/a><\/div><div class=\"afmProduct\"><a class=\"clearfix\" href=\"\/products\/homme\/chaussures\/boots\/bottines-original-homme-gris-route-21\/1143896.aspx\" target=\"_blank\" ><div class=\"afmProductImageContainer\"><img  decoding=\"async\" alt=\"ProductTest01\"  src=\"data:image\/gif;base64,R0lGODlhAQABAIAAAAAAAP\/\/\/yH5BAEAAAAALAAAAAABAAEAAAIBRAA7\" data-lazy-src=\"https:\/\/media.atlasformen.com\/webmedia\/1080by1242\/B9\/26\/7E\/B9267E202B08ACD278E53F738DAF7FB10AA078738B02ACE41952B50B768839AF.jpg?w=356\" \/><noscript><img  decoding=\"async\" alt=\"ProductTest01\"  src=\"https:\/\/media.atlasformen.com\/webmedia\/1080by1242\/B9\/26\/7E\/B9267E202B08ACD278E53F738DAF7FB10AA078738B02ACE41952B50B768839AF.jpg?w=356\" \/><\/noscript><\/div><div class=\"afmProductInformationContainer\"><div class=\"afmProduct-items-title\"><span>Bottines Original Homme Gris Route 21<\/span><\/div><div class=\"afmProduct-items-tag\"><\/div><div class=\"afmProduct-items-price-container col-md-12\"><span id=\"spanDiscount\" class=\"afm-ProductItemPromo\"><span class=\"afm-discount\"><strong id=\"strongOff\"><span id=\"spanLess\" class=\"less\">-<\/span><span class=\"amount\" id=\"spanPercentage\">35<\/span><span class=\"percent\">%<\/span><\/strong><\/span><\/span><span class=\"afm-ProductItemPrice afm-PLPPrice\">41\u20ac99<span id=\"spanPriceBefore\" class=\"afm-ProductItemPriceBase\">55\u20ac90<\/span><\/span><\/div><div class=\"afmProduct-items-cart\"><div class=\"afmProduct-BuyNow-Button\">J'AJOUTE AU PANIER<\/div><\/div><div class=\"afmProduct-items-sku\"> <\/div><\/div><\/a><\/div><div class=\"afmProduct\"><a class=\"clearfix\" href=\"\/products\/homme\/chaussures\/boots\/bottines-de-marche-boulder-homme-gris-mountain-warehouse\/774364.aspx\" target=\"_blank\" ><div class=\"afmProductImageContainer\"><img  decoding=\"async\" alt=\"ProductTest01\"  src=\"data:image\/gif;base64,R0lGODlhAQABAIAAAAAAAP\/\/\/yH5BAEAAAAALAAAAAABAAEAAAIBRAA7\" data-lazy-src=\"https:\/\/media.atlasformen.com\/webmedia\/1080by1242\/43\/55\/6D\/43556D7200B7B43374F8DF9341411A2EB9B83E0670A4DECEEB543080A78616D2.jpg?w=356\" \/><noscript><img  decoding=\"async\" alt=\"ProductTest01\"  src=\"https:\/\/media.atlasformen.com\/webmedia\/1080by1242\/43\/55\/6D\/43556D7200B7B43374F8DF9341411A2EB9B83E0670A4DECEEB543080A78616D2.jpg?w=356\" \/><\/noscript><\/div><div class=\"afmProductInformationContainer\"><div class=\"afmProduct-items-title\"><span>Bottines De Marche Boulder Homme Gris Mountain Warehouse<\/span><\/div><div class=\"afmProduct-items-tag\"><\/div><div class=\"afmProduct-items-price-container col-md-12\"><span id=\"spanDiscount\" class=\"afm-ProductItemPromo\"><span class=\"afm-discount\"><strong id=\"strongOff\"><span id=\"spanLess\" class=\"less\">-<\/span><span class=\"amount\" id=\"spanPercentage\">51<\/span><span class=\"percent\">%<\/span><\/strong><\/span><\/span><span class=\"afm-ProductItemPrice afm-PLPPrice\">92\u20ac99<span id=\"spanPriceBefore\" class=\"afm-ProductItemPriceBase\">140\u20ac90<\/span><\/span><\/div><div class=\"afmProduct-items-cart\"><div class=\"afmProduct-BuyNow-Button\">J'AJOUTE AU PANIER<\/div><\/div><div class=\"afmProduct-items-sku\"> <\/div><\/div><\/a><\/div><div class=\"afmProduct\"><a class=\"clearfix\" href=\"\/products\/homme\/chaussures\/boots\/bottines-de-randonnee-ryeford-homme-brun-clair-cotswold\/980006.aspx\" target=\"_blank\" ><div class=\"afmProductImageContainer\"><img  decoding=\"async\" alt=\"ProductTest01\"  src=\"data:image\/gif;base64,R0lGODlhAQABAIAAAAAAAP\/\/\/yH5BAEAAAAALAAAAAABAAEAAAIBRAA7\" data-lazy-src=\"https:\/\/media.atlasformen.com\/webmedia\/1080by1242\/B4\/7C\/E9\/B47CE9CD04DFA3D2D6D134FC2FC4432868BE0550AE64089F567FE60B6FA3DF8D.jpg?w=356\" \/><noscript><img  decoding=\"async\" alt=\"ProductTest01\"  src=\"https:\/\/media.atlasformen.com\/webmedia\/1080by1242\/B4\/7C\/E9\/B47CE9CD04DFA3D2D6D134FC2FC4432868BE0550AE64089F567FE60B6FA3DF8D.jpg?w=356\" \/><\/noscript><\/div><div class=\"afmProductInformationContainer\"><div class=\"afmProduct-items-title\"><span>Bottines De Randonn\u00e9e Ryeford Homme Brun Clair Cotswold<\/span><\/div><div class=\"afmProduct-items-tag\"><\/div><div class=\"afmProduct-items-price-container col-md-12\"><span id=\"spanDiscount\" class=\"afm-ProductItemPromo\"><span class=\"afm-discount\"><strong id=\"strongOff\"><span id=\"spanLess\" class=\"less\">-<\/span><span class=\"amount\" id=\"spanPercentage\">26<\/span><span class=\"percent\">%<\/span><\/strong><\/span><\/span><span class=\"afm-ProductItemPrice afm-PLPPrice\">83\u20ac99<span id=\"spanPriceBefore\" class=\"afm-ProductItemPriceBase\">113\u20ac90<\/span><\/span><\/div><div class=\"afmProduct-items-cart\"><div class=\"afmProduct-BuyNow-Button\">J'AJOUTE AU PANIER<\/div><\/div><div class=\"afmProduct-items-sku\"> <\/div><\/div><\/a><\/div><div class=\"afmProduct\"><a class=\"clearfix\" href=\"\/products\/homme\/chaussures\/boots\/ontario-chaussures-de-randonnee-homme-gris-dek\/634620.aspx\" target=\"_blank\" ><div class=\"afmProductImageContainer\"><img  decoding=\"async\" alt=\"ProductTest01\"  src=\"data:image\/gif;base64,R0lGODlhAQABAIAAAAAAAP\/\/\/yH5BAEAAAAALAAAAAABAAEAAAIBRAA7\" data-lazy-src=\"https:\/\/media.atlasformen.com\/webmedia\/1080by1242\/A9\/A5\/5B\/A9A55B2D94972FC13D04AA776A1E428B4B52662443E59C0C1322CAA5ED82F4D2.jpg?w=356\" \/><noscript><img  decoding=\"async\" alt=\"ProductTest01\"  src=\"https:\/\/media.atlasformen.com\/webmedia\/1080by1242\/A9\/A5\/5B\/A9A55B2D94972FC13D04AA776A1E428B4B52662443E59C0C1322CAA5ED82F4D2.jpg?w=356\" \/><\/noscript><\/div><div class=\"afmProductInformationContainer\"><div class=\"afmProduct-items-title\"><span>Ontario Chaussures De Randonn\u00e9e Homme Gris Dek<\/span><\/div><div class=\"afmProduct-items-tag\"><\/div><div class=\"afmProduct-items-price-container col-md-12\"><span id=\"spanDiscount\" class=\"afm-ProductItemPromo\"><span class=\"afm-discount\"><strong id=\"strongOff\"><span id=\"spanLess\" class=\"less\">-<\/span><span class=\"amount\" id=\"spanPercentage\">24<\/span><span class=\"percent\">%<\/span><\/strong><\/span><\/span><span class=\"afm-ProductItemPrice afm-PLPPrice\">33\u20ac99<span id=\"spanPriceBefore\" class=\"afm-ProductItemPriceBase\">44\u20ac90<\/span><\/span><\/div><div class=\"afmProduct-items-cart\"><div class=\"afmProduct-BuyNow-Button\">J'AJOUTE AU PANIER<\/div><\/div><div class=\"afmProduct-items-sku\"> <\/div><\/div><\/a><\/div><div class=\"afmProduct\"><a class=\"clearfix\" href=\"\/products\/homme\/chaussures\/boots\/bottines-de-randonnee-maisemore-homme-marron-cotswold\/660092.aspx\" target=\"_blank\" ><div class=\"afmProductImageContainer\"><img  decoding=\"async\" alt=\"ProductTest01\"  src=\"data:image\/gif;base64,R0lGODlhAQABAIAAAAAAAP\/\/\/yH5BAEAAAAALAAAAAABAAEAAAIBRAA7\" data-lazy-src=\"https:\/\/media.atlasformen.com\/webmedia\/1080by1242\/9D\/1A\/C4\/9D1AC49BA506F908DA2C4A6A362EA3BEAF52A92CC8A5537CE01518B4A6A7056B.jpg?w=356\" \/><noscript><img  decoding=\"async\" alt=\"ProductTest01\"  src=\"https:\/\/media.atlasformen.com\/webmedia\/1080by1242\/9D\/1A\/C4\/9D1AC49BA506F908DA2C4A6A362EA3BEAF52A92CC8A5537CE01518B4A6A7056B.jpg?w=356\" \/><\/noscript><\/div><div class=\"afmProductInformationContainer\"><div class=\"afmProduct-items-title\"><span>Bottines De Randonn\u00e9e Maisemore Homme Marron Cotswold<\/span><\/div><div class=\"afmProduct-items-tag\"><\/div><div class=\"afmProduct-items-price-container col-md-12\"><span id=\"spanDiscount\" class=\"afm-ProductItemPromo\"><span class=\"afm-discount\"><strong id=\"strongOff\"><span id=\"spanLess\" class=\"less\">-<\/span><span class=\"amount\" id=\"spanPercentage\">35<\/span><span class=\"percent\">%<\/span><\/strong><\/span><\/span><span class=\"afm-ProductItemPrice afm-PLPPrice\">78\u20ac99<span id=\"spanPriceBefore\" class=\"afm-ProductItemPriceBase\">121\u20ac90<\/span><\/span><\/div><div class=\"afmProduct-items-cart\"><div class=\"afmProduct-BuyNow-Button\">J'AJOUTE AU PANIER<\/div><\/div><div class=\"afmProduct-items-sku\"> <\/div><\/div><\/a><\/div><div class=\"afmProduct\"><a class=\"clearfix\" href=\"\/products\/homme\/chaussures\/boots\/bottines-storm-homme-chocolat-fonce-hi-tec\/797904.aspx\" target=\"_blank\" ><div class=\"afmProductImageContainer\"><img  decoding=\"async\" alt=\"ProductTest01\"  src=\"data:image\/gif;base64,R0lGODlhAQABAIAAAAAAAP\/\/\/yH5BAEAAAAALAAAAAABAAEAAAIBRAA7\" data-lazy-src=\"https:\/\/media.atlasformen.com\/webmedia\/1080by1242\/EB\/03\/77\/EB037797C38930A50561FF62BCD7CAD0D5FE1802ED98599689C7823522019068.jpg?w=356\" \/><noscript><img  decoding=\"async\" alt=\"ProductTest01\"  src=\"https:\/\/media.atlasformen.com\/webmedia\/1080by1242\/EB\/03\/77\/EB037797C38930A50561FF62BCD7CAD0D5FE1802ED98599689C7823522019068.jpg?w=356\" \/><\/noscript><\/div><div class=\"afmProductInformationContainer\"><div class=\"afmProduct-items-title\"><span>Bottines Storm Homme Chocolat Fonc\u00e9 Hi-Tec<\/span><\/div><div class=\"afmProduct-items-tag\"><\/div><div class=\"afmProduct-items-price-container col-md-12\"><span id=\"spanDiscount\" class=\"afm-ProductItemPromo\"><span class=\"afm-discount\"><strong id=\"strongOff\"><span id=\"spanLess\" class=\"less\">-<\/span><span class=\"amount\" id=\"spanPercentage\">33<\/span><span class=\"percent\">%<\/span><\/strong><\/span><\/span><span class=\"afm-ProductItemPrice afm-PLPPrice\">65\u20ac99<span id=\"spanPriceBefore\" class=\"afm-ProductItemPriceBase\">99\u20ac90<\/span><\/span><\/div><div class=\"afmProduct-items-cart\"><div class=\"afmProduct-BuyNow-Button\">J'AJOUTE AU PANIER<\/div><\/div><div class=\"afmProduct-items-sku\"> <\/div><\/div><\/a><\/div><\/div><\/div><\/div>\n\t\t\t\t\t\t<\/div>\n\t\t\t\t<\/div>\n\t\t\t\t<div class=\"elementor-element elementor-element-ceefaac elementor-widget elementor-widget-heading\" data-id=\"ceefaac\" data-element_type=\"widget\" data-widget_type=\"heading.default\">\n\t\t\t\t<div class=\"elementor-widget-container\">\n\t\t\t\t\t<h2 class=\"elementor-heading-title elementor-size-default\">VTT \u00e0 gogo et parapente dans le massif du Pilat<\/h2>\t\t\t\t<\/div>\n\t\t\t\t<\/div>\n\t\t\t\t<div class=\"elementor-element elementor-element-cb9e8d0 elementor-widget elementor-widget-image\" data-id=\"cb9e8d0\" data-element_type=\"widget\" data-widget_type=\"image.default\">\n\t\t\t\t<div class=\"elementor-widget-container\">\n\t\t\t\t\t\t\t\t\t\t\t\t\t\t\t<img  decoding=\"async\" width=\"809\" height=\"600\"  src=\"data:image\/gif;base64,R0lGODlhAQABAIAAAAAAAP\/\/\/yH5BAEAAAAALAAAAAABAAEAAAIBRAA7\" data-lazy-src=\"https:\/\/media.atlasformen.com\/blogmedia\/uploads\/2019\/09\/vtt-parapente-1024x760.jpg\"  class=\"attachment-large size-large wp-image-7377\" alt=\"Activit\u00e9s vtt &amp; parapente\" srcset=\"https:\/\/media.atlasformen.com\/blogmedia\/uploads\/2019\/09\/vtt-parapente.jpg 1024w, https:\/\/media.atlasformen.com\/blogmedia\/uploads\/2019\/09\/vtt-parapente-300x223.jpg 300w, https:\/\/media.atlasformen.com\/blogmedia\/uploads\/2019\/09\/vtt-parapente-768x570.jpg 768w, https:\/\/media.atlasformen.com\/blogmedia\/uploads\/2019\/09\/vtt-parapente-24x18.jpg 24w, https:\/\/media.atlasformen.com\/blogmedia\/uploads\/2019\/09\/vtt-parapente-36x27.jpg 36w, https:\/\/media.atlasformen.com\/blogmedia\/uploads\/2019\/09\/vtt-parapente-48x36.jpg 48w\" sizes=\"(max-width: 809px) 100vw, 809px\" \/><noscript><img  decoding=\"async\" width=\"809\" height=\"600\"  src=\"https:\/\/media.atlasformen.com\/blogmedia\/uploads\/2019\/09\/vtt-parapente-1024x760.jpg\"  class=\"attachment-large size-large wp-image-7377\" alt=\"Activit\u00e9s vtt &amp; parapente\" srcset=\"https:\/\/media.atlasformen.com\/blogmedia\/uploads\/2019\/09\/vtt-parapente.jpg 1024w, https:\/\/media.atlasformen.com\/blogmedia\/uploads\/2019\/09\/vtt-parapente-300x223.jpg 300w, https:\/\/media.atlasformen.com\/blogmedia\/uploads\/2019\/09\/vtt-parapente-768x570.jpg 768w, https:\/\/media.atlasformen.com\/blogmedia\/uploads\/2019\/09\/vtt-parapente-24x18.jpg 24w, https:\/\/media.atlasformen.com\/blogmedia\/uploads\/2019\/09\/vtt-parapente-36x27.jpg 36w, https:\/\/media.atlasformen.com\/blogmedia\/uploads\/2019\/09\/vtt-parapente-48x36.jpg 48w\" sizes=\"(max-width: 809px) 100vw, 809px\" \/><\/noscript>\t\t\t\t\t\t\t\t\t\t\t\t\t\t\t<\/div>\n\t\t\t\t<\/div>\n\t\t\t\t<div class=\"elementor-element elementor-element-3d14093 elementor-widget elementor-widget-text-editor\" data-id=\"3d14093\" data-element_type=\"widget\" data-widget_type=\"text-editor.default\">\n\t\t\t\t<div class=\"elementor-widget-container\">\n\t\t\t\t\t\t\t\t\t<p>Aux portes de la ville de <strong>Saint-\u00c9tienne<\/strong>, <strong>le parc naturel r\u00e9gional du Pilat<\/strong> permet de d\u00e9couvrir <strong>de nombreuses activit\u00e9s outdoor<\/strong> : <strong><span style=\"text-decoration: underline;\"><a href=\"https:\/\/www.atlasformen.fr\/blog\/bouger\/randonnee\/regles-dor-randonnee\/\">randonn\u00e9es p\u00e9destres<\/a><\/span>, cani-rando en compagnie de chiens nordiques,<\/strong> <strong>v\u00e9lo de route<\/strong>\u2026 Mais le Pilat est aussi <strong>le paradis des <span style=\"text-decoration: underline;\"><a href=\"https:\/\/www.atlasformen.fr\/blog\/bouger\/velo\/equipement-securite-velo\/\">VTTistes<\/a><\/span><\/strong>. Leur terrain de jeu s\u2019\u00e9tire en effet sur <strong>1500 km de pistes et sentiers r\u00e9partis entre 200 m<\/strong> et <strong>plus de 1400 m d\u2019altitude.<\/strong> Les sols pr\u00e9sentent une particularit\u00e9 tr\u00e8s appr\u00e9ciable : m\u00eame dans des conditions difficiles, par exemple sous la pluie, ils ne produisent pas de boue collante qui emp\u00eache les pneus d\u2019accrocher.<\/p><p><strong>Pour les amateurs de sensations nouvelles<\/strong>, le parc naturel r\u00e9gional est aussi l\u2019occasion de<strong> pratiquer le parapente.<\/strong> Les d\u00e9butants volent dans un parapente biplace, avec un moniteur. Vingt minutes suffisent pour <strong>survoler la Jasserie, le cr\u00eat de la Perdrix et le cr\u00eat de l\u2019\u0152illon.<\/strong> Un panorama exceptionnel qui permet de <strong>voir le mont Blanc<\/strong> et <strong>plusieurs glaciers des Alpes, les monts de l\u2019Ard\u00e8che et le mont Gerbier de Jonc et apercevoir les monts du Forez<\/strong>.<\/p><p><strong>Les amateurs de bons vins<\/strong> profiteront peut-\u00eatre de leur s\u00e9jour pour<strong> d\u00e9couvrir les vins du Pilat,<\/strong> des crus d\u2019exception connus sous les appellations de <strong>C\u00f4te-R\u00f4tie, Condrieu ou encore Saint-Joseph.<\/strong><\/p>\t\t\t\t\t\t\t\t<\/div>\n\t\t\t\t<\/div>\n\t\t\t\t<div class=\"elementor-element elementor-element-5ee9208 elementor-widget elementor-widget-shortcode\" data-id=\"5ee9208\" data-element_type=\"widget\" data-widget_type=\"shortcode.default\">\n\t\t\t\t<div class=\"elementor-widget-container\">\n\t\t\t\t\t\t\t<div class=\"elementor-shortcode\"><div class=\"afmProductSlider-Container\"><div class=\"afmProductSlider-arrows-container clearfix\"><div class=\"afmArrow-prev\"><\/div><div class=\"afmArrow-next\"><\/div><\/div><div class=\"afmProductSlider \"><div class=\"afmProduct\"><a class=\"clearfix\" href=\"\/products\/homme\/sous-vetements\/chaussettes\/12-paires-de-chaussettes-de-cyclisme-noires-pour-hommes\/635646.aspx\" target=\"_blank\" ><div class=\"afmProductImageContainer\"><img  decoding=\"async\" alt=\"ProductTest01\"  src=\"data:image\/gif;base64,R0lGODlhAQABAIAAAAAAAP\/\/\/yH5BAEAAAAALAAAAAABAAEAAAIBRAA7\" data-lazy-src=\"https:\/\/media.atlasformen.com\/webmedia\/1080by1242\/61\/CE\/73\/61CE73647EB8C35946FED4B93A0121B1AF62B130B8CA62AE347F7F003DA6F3DA.jpg?w=356\" \/><noscript><img  decoding=\"async\" alt=\"ProductTest01\"  src=\"https:\/\/media.atlasformen.com\/webmedia\/1080by1242\/61\/CE\/73\/61CE73647EB8C35946FED4B93A0121B1AF62B130B8CA62AE347F7F003DA6F3DA.jpg?w=356\" \/><\/noscript><\/div><div class=\"afmProductInformationContainer\"><div class=\"afmProduct-items-title\"><span>12 paires de chaussettes de cyclisme noires pour hommes<\/span><\/div><div class=\"afmProduct-items-tag\"><\/div><div class=\"afmProduct-items-price-container col-md-12\"><span id=\"spanDiscount\" class=\"afm-ProductItemPromo\"><span class=\"afm-discount\"><strong id=\"strongOff\"><span id=\"spanLess\" class=\"less\">-<\/span><span class=\"amount\" id=\"spanPercentage\">51<\/span><span class=\"percent\">%<\/span><\/strong><\/span><\/span><span class=\"afm-ProductItemPrice afm-PLPPrice\">20\u20ac83<span id=\"spanPriceBefore\" class=\"afm-ProductItemPriceBase\">42\u20ac99<\/span><\/span><\/div><div class=\"afmProduct-items-cart\"><div class=\"afmProduct-BuyNow-Button\">J'AJOUTE AU PANIER<\/div><\/div><div class=\"afmProduct-items-sku\"> <\/div><\/div><\/a><\/div><div class=\"afmProduct\"><a class=\"clearfix\" href=\"\/products\/homme\/sous-vetements\/chaussettes\/chaussettes-de-sport\/3-paires-chaussettes-cyclisme-homme-sport-basses\/380279.aspx\" target=\"_blank\" ><div class=\"afmProductImageContainer\"><img  decoding=\"async\" alt=\"ProductTest01\"  src=\"data:image\/gif;base64,R0lGODlhAQABAIAAAAAAAP\/\/\/yH5BAEAAAAALAAAAAABAAEAAAIBRAA7\" data-lazy-src=\"https:\/\/media.atlasformen.com\/webmedia\/1080by1242\/16\/4D\/5C\/164D5C11B044507197051874253E850489D95494BA6D828B34554A63FC29F852.jpg?w=356\" \/><noscript><img  decoding=\"async\" alt=\"ProductTest01\"  src=\"https:\/\/media.atlasformen.com\/webmedia\/1080by1242\/16\/4D\/5C\/164D5C11B044507197051874253E850489D95494BA6D828B34554A63FC29F852.jpg?w=356\" \/><\/noscript><\/div><div class=\"afmProductInformationContainer\"><div class=\"afmProduct-items-title\"><span>3 Paires Chaussettes Cyclisme Homme Sport Basses<\/span><\/div><div class=\"afmProduct-items-tag\"><\/div><div class=\"afmProduct-items-price-container col-md-12\"><span id=\"spanDiscount\" class=\"afm-ProductItemPromo\"><span class=\"afm-discount\"><strong id=\"strongOff\"><span id=\"spanLess\" class=\"less\">-<\/span><span class=\"amount\" id=\"spanPercentage\">15<\/span><span class=\"percent\">%<\/span><\/strong><\/span><\/span><span class=\"afm-ProductItemPrice afm-PLPPrice\">11\u20ac03<span id=\"spanPriceBefore\" class=\"afm-ProductItemPriceBase\">12\u20ac99<\/span><\/span><\/div><div class=\"afmProduct-items-cart\"><div class=\"afmProduct-BuyNow-Button\">J'AJOUTE AU PANIER<\/div><\/div><div class=\"afmProduct-items-sku\"> <\/div><\/div><\/a><\/div><div class=\"afmProduct\"><a class=\"clearfix\" href=\"\/products\/homme\/cuissard-velo-cycliste-homme-s187m-noir\/575031.aspx\" target=\"_blank\" ><div class=\"afmProductImageContainer\"><img  decoding=\"async\" alt=\"ProductTest01\"  src=\"data:image\/gif;base64,R0lGODlhAQABAIAAAAAAAP\/\/\/yH5BAEAAAAALAAAAAABAAEAAAIBRAA7\" data-lazy-src=\"https:\/\/media.atlasformen.com\/webmedia\/1080by1242\/34\/5D\/BF\/345DBFCB4F4EB2025A713F449481AB4600C494E88C4F211A7FF594B5ECAF65A9.jpg?w=356\" \/><noscript><img  decoding=\"async\" alt=\"ProductTest01\"  src=\"https:\/\/media.atlasformen.com\/webmedia\/1080by1242\/34\/5D\/BF\/345DBFCB4F4EB2025A713F449481AB4600C494E88C4F211A7FF594B5ECAF65A9.jpg?w=356\" \/><\/noscript><\/div><div class=\"afmProductInformationContainer\"><div class=\"afmProduct-items-title\"><span>Cuissard v\u00e9lo cycliste Homme - S187M - noir<\/span><\/div><div class=\"afmProduct-items-tag\"><\/div><div class=\"afmProduct-items-price-container col-md-12\"><span id=\"spanDiscount\" class=\"afm-ProductItemPromo\"><span class=\"afm-discount\"><strong id=\"strongOff\"><span id=\"spanLess\" class=\"less\">-<\/span><span class=\"amount\" id=\"spanPercentage\">26<\/span><span class=\"percent\">%<\/span><\/strong><\/span><\/span><span class=\"afm-ProductItemPrice afm-PLPPrice\">32\u20ac90<span id=\"spanPriceBefore\" class=\"afm-ProductItemPriceBase\">44\u20ac90<\/span><\/span><\/div><div class=\"afmProduct-items-cart\"><div class=\"afmProduct-BuyNow-Button\">J'AJOUTE AU PANIER<\/div><\/div><div class=\"afmProduct-items-sku\"> <\/div><\/div><\/a><\/div><div class=\"afmProduct\"><a class=\"clearfix\" href=\"\/products\/homme\/vetements\/shorts\/cuissard-de-cyclisme-homme-noir-dhb\/1210171.aspx\" target=\"_blank\" ><div class=\"afmProductImageContainer\"><img  decoding=\"async\" alt=\"ProductTest01\"  src=\"data:image\/gif;base64,R0lGODlhAQABAIAAAAAAAP\/\/\/yH5BAEAAAAALAAAAAABAAEAAAIBRAA7\" data-lazy-src=\"https:\/\/media.atlasformen.com\/webmedia\/1080by1242\/96\/4B\/ED\/964BED0A2DE8EDA61AC102277BA550362962C960409DE4BB14BB83511753430D.jpg?w=356\" \/><noscript><img  decoding=\"async\" alt=\"ProductTest01\"  src=\"https:\/\/media.atlasformen.com\/webmedia\/1080by1242\/96\/4B\/ED\/964BED0A2DE8EDA61AC102277BA550362962C960409DE4BB14BB83511753430D.jpg?w=356\" \/><\/noscript><\/div><div class=\"afmProductInformationContainer\"><div class=\"afmProduct-items-title\"><span>Cuissard De Cyclisme Homme Noir Dhb<\/span><\/div><div class=\"afmProduct-items-tag\"><\/div><div class=\"afmProduct-items-price-container col-md-12\"><span id=\"spanDiscount\" class=\"afm-ProductItemPromo\"><span class=\"afm-discount\"><strong id=\"strongOff\"><span id=\"spanLess\" class=\"less\">-<\/span><span class=\"amount\" id=\"spanPercentage\">23<\/span><span class=\"percent\">%<\/span><\/strong><\/span><\/span><span class=\"afm-ProductItemPrice afm-PLPPrice\">123\u20ac99<span id=\"spanPriceBefore\" class=\"afm-ProductItemPriceBase\">161\u20ac90<\/span><\/span><\/div><div class=\"afmProduct-items-cart\"><div class=\"afmProduct-BuyNow-Button\">J'AJOUTE AU PANIER<\/div><\/div><div class=\"afmProduct-items-sku\"> <\/div><\/div><\/a><\/div><div class=\"afmProduct\"><a class=\"clearfix\" href=\"\/products\/homme\/vetements\/vestes\/vestes-dete\/veste-de-cyclisme-homme-noir-dhb\/1214551.aspx\" target=\"_blank\" ><div class=\"afmProductImageContainer\"><img  decoding=\"async\" alt=\"ProductTest01\"  src=\"data:image\/gif;base64,R0lGODlhAQABAIAAAAAAAP\/\/\/yH5BAEAAAAALAAAAAABAAEAAAIBRAA7\" data-lazy-src=\"https:\/\/media.atlasformen.com\/webmedia\/1080by1242\/2D\/4E\/B3\/2D4EB304F8EA2C03039F0C3B06C3079FDC03B80E49E4580F3EF52354F5DACB82.jpg?w=356\" \/><noscript><img  decoding=\"async\" alt=\"ProductTest01\"  src=\"https:\/\/media.atlasformen.com\/webmedia\/1080by1242\/2D\/4E\/B3\/2D4EB304F8EA2C03039F0C3B06C3079FDC03B80E49E4580F3EF52354F5DACB82.jpg?w=356\" \/><\/noscript><\/div><div class=\"afmProductInformationContainer\"><div class=\"afmProduct-items-title\"><span>Veste De Cyclisme Homme Noir Dhb<\/span><\/div><div class=\"afmProduct-items-tag\"><\/div><div class=\"afmProduct-items-price-container col-md-12\"><span id=\"spanDiscount\" class=\"afm-ProductItemPromo\"><span class=\"afm-discount\"><strong id=\"strongOff\"><span id=\"spanLess\" class=\"less\">-<\/span><span class=\"amount\" id=\"spanPercentage\">62<\/span><span class=\"percent\">%<\/span><\/strong><\/span><\/span><span class=\"afm-ProductItemPrice afm-PLPPrice\">102\u20ac99<span id=\"spanPriceBefore\" class=\"afm-ProductItemPriceBase\">275\u20ac90<\/span><\/span><\/div><div class=\"afmProduct-items-cart\"><div class=\"afmProduct-BuyNow-Button\">J'AJOUTE AU PANIER<\/div><\/div><div class=\"afmProduct-items-sku\"> <\/div><\/div><\/a><\/div><div class=\"afmProduct\"><a class=\"clearfix\" href=\"\/products\/homme\/chaussures\/baskets\/chaussures-de-cyclisme-terrex-homme-noir-adidas\/1281682.aspx\" target=\"_blank\" ><div class=\"afmProductImageContainer\"><img  decoding=\"async\" alt=\"ProductTest01\"  src=\"data:image\/gif;base64,R0lGODlhAQABAIAAAAAAAP\/\/\/yH5BAEAAAAALAAAAAABAAEAAAIBRAA7\" data-lazy-src=\"https:\/\/media.atlasformen.com\/webmedia\/1080by1242\/9F\/FD\/E2\/9FFDE2BA467F5D410E6B0EBDB95E9B0972D75CC4363D3E283A505C3DA62204F1.jpg?w=356\" \/><noscript><img  decoding=\"async\" alt=\"ProductTest01\"  src=\"https:\/\/media.atlasformen.com\/webmedia\/1080by1242\/9F\/FD\/E2\/9FFDE2BA467F5D410E6B0EBDB95E9B0972D75CC4363D3E283A505C3DA62204F1.jpg?w=356\" \/><\/noscript><\/div><div class=\"afmProductInformationContainer\"><div class=\"afmProduct-items-title\"><span>Chaussures De Cyclisme Terrex Homme Noir Adidas<\/span><\/div><div class=\"afmProduct-items-tag\"><\/div><div class=\"afmProduct-items-price-container col-md-12\"><span id=\"spanDiscount\" class=\"afm-ProductItemPromo\"><span class=\"afm-discount\"><strong id=\"strongOff\"><span id=\"spanLess\" class=\"less\">-<\/span><span class=\"amount\" id=\"spanPercentage\">74<\/span><span class=\"percent\">%<\/span><\/strong><\/span><\/span><span class=\"afm-ProductItemPrice afm-PLPPrice\">38\u20ac99<span id=\"spanPriceBefore\" class=\"afm-ProductItemPriceBase\">151\u20ac90<\/span><\/span><\/div><div class=\"afmProduct-items-cart\"><div class=\"afmProduct-BuyNow-Button\">J'AJOUTE AU PANIER<\/div><\/div><div class=\"afmProduct-items-sku\"> <\/div><\/div><\/a><\/div><div class=\"afmProduct\"><a class=\"clearfix\" href=\"\/products\/homme\/vetements\/bermudas\/bermudas-bleu\/cuissard-de-cyclisme-ostiglia-homme-bleu-bicycle-line\/1264235.aspx\" target=\"_blank\" ><div class=\"afmProductImageContainer\"><img  decoding=\"async\" alt=\"ProductTest01\"  src=\"data:image\/gif;base64,R0lGODlhAQABAIAAAAAAAP\/\/\/yH5BAEAAAAALAAAAAABAAEAAAIBRAA7\" data-lazy-src=\"https:\/\/media.atlasformen.com\/webmedia\/1080by1242\/25\/64\/D1\/2564D1730E617EDDEC11526E495F12CEBA49C8DD04C73B24316A038605770FA0.jpg?w=356\" \/><noscript><img  decoding=\"async\" alt=\"ProductTest01\"  src=\"https:\/\/media.atlasformen.com\/webmedia\/1080by1242\/25\/64\/D1\/2564D1730E617EDDEC11526E495F12CEBA49C8DD04C73B24316A038605770FA0.jpg?w=356\" \/><\/noscript><\/div><div class=\"afmProductInformationContainer\"><div class=\"afmProduct-items-title\"><span>Cuissard De Cyclisme Ostiglia Homme Bleu Bicycle Line<\/span><\/div><div class=\"afmProduct-items-tag\"><\/div><div class=\"afmProduct-items-price-container col-md-12\"><span id=\"spanDiscount\" class=\"afm-ProductItemPromo\"><span class=\"afm-discount\"><strong id=\"strongOff\"><span id=\"spanLess\" class=\"less\">-<\/span><span class=\"amount\" id=\"spanPercentage\">50<\/span><span class=\"percent\">%<\/span><\/strong><\/span><\/span><span class=\"afm-ProductItemPrice afm-PLPPrice\">52\u20ac99<span id=\"spanPriceBefore\" class=\"afm-ProductItemPriceBase\">107\u20ac90<\/span><\/span><\/div><div class=\"afmProduct-items-cart\"><div class=\"afmProduct-BuyNow-Button\">J'AJOUTE AU PANIER<\/div><\/div><div class=\"afmProduct-items-sku\"> <\/div><\/div><\/a><\/div><div class=\"afmProduct\"><a class=\"clearfix\" href=\"\/products\/homme\/vetements\/shorts\/short-de-cyclisme-ecliptic-homme-noir-dare-2b\/515357.aspx\" target=\"_blank\" ><div class=\"afmProductImageContainer\"><img  decoding=\"async\" alt=\"ProductTest01\"  src=\"data:image\/gif;base64,R0lGODlhAQABAIAAAAAAAP\/\/\/yH5BAEAAAAALAAAAAABAAEAAAIBRAA7\" data-lazy-src=\"https:\/\/media.atlasformen.com\/webmedia\/1080by1242\/39\/C0\/DB\/39C0DBA8F7E5721D6424D5624FBCDFECE52472A621F9842602AD7011ECE4A48F.jpg?w=356\" \/><noscript><img  decoding=\"async\" alt=\"ProductTest01\"  src=\"https:\/\/media.atlasformen.com\/webmedia\/1080by1242\/39\/C0\/DB\/39C0DBA8F7E5721D6424D5624FBCDFECE52472A621F9842602AD7011ECE4A48F.jpg?w=356\" \/><\/noscript><\/div><div class=\"afmProductInformationContainer\"><div class=\"afmProduct-items-title\"><span>Short De Cyclisme Ecliptic Homme Noir Dare 2B<\/span><\/div><div class=\"afmProduct-items-tag\"><\/div><div class=\"afmProduct-items-price-container col-md-12\"><span id=\"spanDiscount\" class=\"afm-ProductItemPromo\"><span class=\"afm-discount\"><strong id=\"strongOff\"><span id=\"spanLess\" class=\"less\">-<\/span><span class=\"amount\" id=\"spanPercentage\">59<\/span><span class=\"percent\">%<\/span><\/strong><\/span><\/span><span class=\"afm-ProductItemPrice afm-PLPPrice\">28\u20ac99<span id=\"spanPriceBefore\" class=\"afm-ProductItemPriceBase\">70\u20ac90<\/span><\/span><\/div><div class=\"afmProduct-items-cart\"><div class=\"afmProduct-BuyNow-Button\">J'AJOUTE AU PANIER<\/div><\/div><div class=\"afmProduct-items-sku\"> <\/div><\/div><\/a><\/div><div class=\"afmProduct\"><a class=\"clearfix\" href=\"\/products\/homme\/vetements\/tee-shirts\/tee-shirts-de-sport\/maillot-de-cyclisme-rayon-homme-noir-rouge-bicycle-line\/1263120.aspx\" target=\"_blank\" ><div class=\"afmProductImageContainer\"><img  decoding=\"async\" alt=\"ProductTest01\"  src=\"data:image\/gif;base64,R0lGODlhAQABAIAAAAAAAP\/\/\/yH5BAEAAAAALAAAAAABAAEAAAIBRAA7\" data-lazy-src=\"https:\/\/media.atlasformen.com\/webmedia\/1080by1242\/D9\/ED\/C3\/D9EDC378D5006CBF165F4A07DA00AB6A220A53E7F9625B36D4E3C05B0F5E2B98.jpg?w=356\" \/><noscript><img  decoding=\"async\" alt=\"ProductTest01\"  src=\"https:\/\/media.atlasformen.com\/webmedia\/1080by1242\/D9\/ED\/C3\/D9EDC378D5006CBF165F4A07DA00AB6A220A53E7F9625B36D4E3C05B0F5E2B98.jpg?w=356\" \/><\/noscript><\/div><div class=\"afmProductInformationContainer\"><div class=\"afmProduct-items-title\"><span>Maillot De Cyclisme Rayon Homme Noir Rouge Bicycle Line<\/span><\/div><div class=\"afmProduct-items-tag\"><\/div><div class=\"afmProduct-items-price-container col-md-12\"><span id=\"spanDiscount\" class=\"afm-ProductItemPromo\"><span class=\"afm-discount\"><strong id=\"strongOff\"><span id=\"spanLess\" class=\"less\">-<\/span><span class=\"amount\" id=\"spanPercentage\">22<\/span><span class=\"percent\">%<\/span><\/strong><\/span><\/span><span class=\"afm-ProductItemPrice afm-PLPPrice\">88\u20ac99<span id=\"spanPriceBefore\" class=\"afm-ProductItemPriceBase\">114\u20ac90<\/span><\/span><\/div><div class=\"afmProduct-items-cart\"><div class=\"afmProduct-BuyNow-Button\">J'AJOUTE AU PANIER<\/div><\/div><div class=\"afmProduct-items-sku\"> <\/div><\/div><\/a><\/div><div class=\"afmProduct\"><a class=\"clearfix\" href=\"\/products\/homme\/vetements\/gilets-sans-manches\/veste-sans-manches-de-cyclisme-chase-homme-noir-dare-2b\/1297413.aspx\" target=\"_blank\" ><div class=\"afmProductImageContainer\"><img  decoding=\"async\" alt=\"ProductTest01\"  src=\"data:image\/gif;base64,R0lGODlhAQABAIAAAAAAAP\/\/\/yH5BAEAAAAALAAAAAABAAEAAAIBRAA7\" data-lazy-src=\"https:\/\/media.atlasformen.com\/webmedia\/1080by1242\/21\/A0\/C9\/21A0C98DAF2195863E6AC69436C6A796DFAFFB37FB98ABB3DCB32F5166F69ACB.jpg?w=356\" \/><noscript><img  decoding=\"async\" alt=\"ProductTest01\"  src=\"https:\/\/media.atlasformen.com\/webmedia\/1080by1242\/21\/A0\/C9\/21A0C98DAF2195863E6AC69436C6A796DFAFFB37FB98ABB3DCB32F5166F69ACB.jpg?w=356\" \/><\/noscript><\/div><div class=\"afmProductInformationContainer\"><div class=\"afmProduct-items-title\"><span>Veste Sans Manches De Cyclisme Chase Homme Noir Dare 2B<\/span><\/div><div class=\"afmProduct-items-tag\"><\/div><div class=\"afmProduct-items-price-container col-md-12\"><span id=\"spanDiscount\" class=\"afm-ProductItemPromo\"><span class=\"afm-discount\"><strong id=\"strongOff\"><span id=\"spanLess\" class=\"less\">-<\/span><span class=\"amount\" id=\"spanPercentage\">62<\/span><span class=\"percent\">%<\/span><\/strong><\/span><\/span><span class=\"afm-ProductItemPrice afm-PLPPrice\">38\u20ac99<span id=\"spanPriceBefore\" class=\"afm-ProductItemPriceBase\">102\u20ac90<\/span><\/span><\/div><div class=\"afmProduct-items-cart\"><div class=\"afmProduct-BuyNow-Button\">J'AJOUTE AU PANIER<\/div><\/div><div class=\"afmProduct-items-sku\"> <\/div><\/div><\/a><\/div><div class=\"afmProduct\"><a class=\"clearfix\" href=\"\/products\/homme\/vetements\/vestes\/maillot-de-cyclisme-manches-courtes-homme-rouge-castore\/1259859.aspx\" target=\"_blank\" ><div class=\"afmProductImageContainer\"><img  decoding=\"async\" alt=\"ProductTest01\"  src=\"data:image\/gif;base64,R0lGODlhAQABAIAAAAAAAP\/\/\/yH5BAEAAAAALAAAAAABAAEAAAIBRAA7\" data-lazy-src=\"https:\/\/media.atlasformen.com\/webmedia\/1080by1242\/E7\/56\/E7\/E756E7AF3B6B1D25DB84A279C74024B0AA0CAC2691B0E6BCF8E04E7C0786ABC9.jpg?w=356\" \/><noscript><img  decoding=\"async\" alt=\"ProductTest01\"  src=\"https:\/\/media.atlasformen.com\/webmedia\/1080by1242\/E7\/56\/E7\/E756E7AF3B6B1D25DB84A279C74024B0AA0CAC2691B0E6BCF8E04E7C0786ABC9.jpg?w=356\" \/><\/noscript><\/div><div class=\"afmProductInformationContainer\"><div class=\"afmProduct-items-title\"><span>Maillot De Cyclisme Manches Courtes Homme Rouge Castore<\/span><\/div><div class=\"afmProduct-items-tag\"><\/div><div class=\"afmProduct-items-price-container col-md-12\"><span id=\"spanDiscount\" class=\"afm-ProductItemPromo\"><span class=\"afm-discount\"><strong id=\"strongOff\"><span id=\"spanLess\" class=\"less\">-<\/span><span class=\"amount\" id=\"spanPercentage\">24<\/span><span class=\"percent\">%<\/span><\/strong><\/span><\/span><span class=\"afm-ProductItemPrice afm-PLPPrice\">90\u20ac99<span id=\"spanPriceBefore\" class=\"afm-ProductItemPriceBase\">119\u20ac90<\/span><\/span><\/div><div class=\"afmProduct-items-cart\"><div class=\"afmProduct-BuyNow-Button\">J'AJOUTE AU PANIER<\/div><\/div><div class=\"afmProduct-items-sku\"> <\/div><\/div><\/a><\/div><div class=\"afmProduct\"><a class=\"clearfix\" href=\"\/products\/homme\/vetements\/tee-shirts\/tee-shirts-de-sport\/maillot-de-cyclisme-jetstream-homme-jaune-vif-endura\/1265167.aspx\" target=\"_blank\" ><div class=\"afmProductImageContainer\"><img  decoding=\"async\" alt=\"ProductTest01\"  src=\"data:image\/gif;base64,R0lGODlhAQABAIAAAAAAAP\/\/\/yH5BAEAAAAALAAAAAABAAEAAAIBRAA7\" data-lazy-src=\"https:\/\/media.atlasformen.com\/webmedia\/1080by1242\/5E\/79\/4D\/5E794D6157A9EC669E36D2D2469ACBB6436A1E1EA28ECBA91789376FA80DA9DB.jpg?w=356\" \/><noscript><img  decoding=\"async\" alt=\"ProductTest01\"  src=\"https:\/\/media.atlasformen.com\/webmedia\/1080by1242\/5E\/79\/4D\/5E794D6157A9EC669E36D2D2469ACBB6436A1E1EA28ECBA91789376FA80DA9DB.jpg?w=356\" \/><\/noscript><\/div><div class=\"afmProductInformationContainer\"><div class=\"afmProduct-items-title\"><span>Maillot De Cyclisme Jetstream Homme Jaune Vif Endura<\/span><\/div><div class=\"afmProduct-items-tag\"><\/div><div class=\"afmProduct-items-price-container col-md-12\"><span id=\"spanDiscount\" class=\"afm-ProductItemPromo\"><span class=\"afm-discount\"><strong id=\"strongOff\"><span id=\"spanLess\" class=\"less\">-<\/span><span class=\"amount\" id=\"spanPercentage\">51<\/span><span class=\"percent\">%<\/span><\/strong><\/span><\/span><span class=\"afm-ProductItemPrice afm-PLPPrice\">57\u20ac99<span id=\"spanPriceBefore\" class=\"afm-ProductItemPriceBase\">119\u20ac90<\/span><\/span><\/div><div class=\"afmProduct-items-cart\"><div class=\"afmProduct-BuyNow-Button\">J'AJOUTE AU PANIER<\/div><\/div><div class=\"afmProduct-items-sku\"> <\/div><\/div><\/a><\/div><\/div><\/div><\/div>\n\t\t\t\t\t\t<\/div>\n\t\t\t\t<\/div>\n\t\t\t\t<div class=\"elementor-element elementor-element-e0126c2 elementor-widget elementor-widget-heading\" data-id=\"e0126c2\" data-element_type=\"widget\" data-widget_type=\"heading.default\">\n\t\t\t\t<div class=\"elementor-widget-container\">\n\t\t\t\t\t<h2 class=\"elementor-heading-title elementor-size-default\">Eaux chaudes sulfureuses et panorama dans les Pyr\u00e9n\u00e9es<\/h2>\t\t\t\t<\/div>\n\t\t\t\t<\/div>\n\t\t\t\t<div class=\"elementor-element elementor-element-5e0e890 elementor-widget elementor-widget-image\" data-id=\"5e0e890\" data-element_type=\"widget\" data-widget_type=\"image.default\">\n\t\t\t\t<div class=\"elementor-widget-container\">\n\t\t\t\t\t\t\t\t\t\t\t\t<figure class=\"wp-caption\">\n\t\t\t\t\t\t\t\t\t\t<img  decoding=\"async\" width=\"640\" height=\"480\"  src=\"data:image\/gif;base64,R0lGODlhAQABAIAAAAAAAP\/\/\/yH5BAEAAAAALAAAAAABAAEAAAIBRAA7\" data-lazy-src=\"https:\/\/media.atlasformen.com\/blogmedia\/uploads\/2019\/09\/3689393443_4f1805ecc0_z.jpg\"  class=\"attachment-large size-large wp-image-7366\" alt=\"Les eaux chaudes de Canaveilles\" srcset=\"https:\/\/media.atlasformen.com\/blogmedia\/uploads\/2019\/09\/3689393443_4f1805ecc0_z.jpg 640w, https:\/\/media.atlasformen.com\/blogmedia\/uploads\/2019\/09\/3689393443_4f1805ecc0_z-300x225.jpg 300w, https:\/\/media.atlasformen.com\/blogmedia\/uploads\/2019\/09\/3689393443_4f1805ecc0_z-24x18.jpg 24w, https:\/\/media.atlasformen.com\/blogmedia\/uploads\/2019\/09\/3689393443_4f1805ecc0_z-36x27.jpg 36w, https:\/\/media.atlasformen.com\/blogmedia\/uploads\/2019\/09\/3689393443_4f1805ecc0_z-48x36.jpg 48w\" sizes=\"(max-width: 640px) 100vw, 640px\" \/><noscript><img  decoding=\"async\" width=\"640\" height=\"480\"  src=\"https:\/\/media.atlasformen.com\/blogmedia\/uploads\/2019\/09\/3689393443_4f1805ecc0_z.jpg\"  class=\"attachment-large size-large wp-image-7366\" alt=\"Les eaux chaudes de Canaveilles\" srcset=\"https:\/\/media.atlasformen.com\/blogmedia\/uploads\/2019\/09\/3689393443_4f1805ecc0_z.jpg 640w, https:\/\/media.atlasformen.com\/blogmedia\/uploads\/2019\/09\/3689393443_4f1805ecc0_z-300x225.jpg 300w, https:\/\/media.atlasformen.com\/blogmedia\/uploads\/2019\/09\/3689393443_4f1805ecc0_z-24x18.jpg 24w, https:\/\/media.atlasformen.com\/blogmedia\/uploads\/2019\/09\/3689393443_4f1805ecc0_z-36x27.jpg 36w, https:\/\/media.atlasformen.com\/blogmedia\/uploads\/2019\/09\/3689393443_4f1805ecc0_z-48x36.jpg 48w\" sizes=\"(max-width: 640px) 100vw, 640px\" \/><\/noscript>\t\t\t\t\t\t\t\t\t\t\t<figcaption class=\"widget-image-caption wp-caption-text\">\u00a9Thierry Llansades<\/figcaption>\n\t\t\t\t\t\t\t\t\t\t<\/figure>\n\t\t\t\t\t\t\t\t\t<\/div>\n\t\t\t\t<\/div>\n\t\t\t\t<div class=\"elementor-element elementor-element-76e8d19 elementor-widget elementor-widget-text-editor\" data-id=\"76e8d19\" data-element_type=\"widget\" data-widget_type=\"text-editor.default\">\n\t\t\t\t<div class=\"elementor-widget-container\">\n\t\t\t\t\t\t\t\t\t<p><strong>Les Pyr\u00e9n\u00e9es orientales<\/strong> sont l\u2019une des r\u00e9gions o\u00f9 <strong>la concentration de sources d\u2019eau chaude riches en soufre est la plus forte<\/strong>. D\u2019un acc\u00e8s assez facile, <strong>les eaux chaudes de Canaveilles<\/strong> offrent un bain atypique et <strong>totalement gratuit<\/strong>. Dans cette source, l\u2019eau chaude sort de terre \u00e0 environ <strong>60 \u00b0C.<\/strong> Pas d\u2019inqui\u00e9tude cependant pour s\u2019y baigner, car l\u2019eau est refroidie par la T\u00eat. \u00c0 40 km plus \u00e0 l\u2019est, on peut en profiter pour aller <strong>admirer le spectacle des chemin\u00e9es de f\u00e9es \u00e0 Ille-sur-T\u00eat. <\/strong><\/p><p>D\u2019autres sources permettent encore de se pr\u00e9lasser dans leurs eaux chaudes. C\u2019est le cas \u00e0 <strong>Prats-Balaguer,<\/strong> o\u00f9 <strong>9 petits bassins<\/strong> ont \u00e9t\u00e9 am\u00e9nag\u00e9s dans la nature pour les baigneurs, ou encore \u00e0 <strong>Llo<\/strong>, dont<strong> les eaux thermales jaillissent \u00e0 1400 m d\u2019altitude<\/strong>.<\/p>\t\t\t\t\t\t\t\t<\/div>\n\t\t\t\t<\/div>\n\t\t\t\t<div class=\"elementor-element elementor-element-e183019 elementor-widget elementor-widget-image\" data-id=\"e183019\" data-element_type=\"widget\" data-widget_type=\"image.default\">\n\t\t\t\t<div class=\"elementor-widget-container\">\n\t\t\t\t\t\t\t\t\t\t\t\t<figure class=\"wp-caption\">\n\t\t\t\t\t\t\t\t\t\t<img  loading=\"lazy\" decoding=\"async\" width=\"809\" height=\"455\"  src=\"data:image\/gif;base64,R0lGODlhAQABAIAAAAAAAP\/\/\/yH5BAEAAAAALAAAAAABAAEAAAIBRAA7\" data-lazy-src=\"https:\/\/media.atlasformen.com\/blogmedia\/uploads\/2019\/09\/12002226874_3db11264ad_h-1024x576.jpg\"  class=\"attachment-large size-large wp-image-7369\" alt=\"Le cirque de Gavarnie\" srcset=\"https:\/\/media.atlasformen.com\/blogmedia\/uploads\/2019\/09\/12002226874_3db11264ad_h-1024x576.jpg 1024w, https:\/\/media.atlasformen.com\/blogmedia\/uploads\/2019\/09\/12002226874_3db11264ad_h-300x169.jpg 300w, https:\/\/media.atlasformen.com\/blogmedia\/uploads\/2019\/09\/12002226874_3db11264ad_h-768x432.jpg 768w, https:\/\/media.atlasformen.com\/blogmedia\/uploads\/2019\/09\/12002226874_3db11264ad_h-24x14.jpg 24w, https:\/\/media.atlasformen.com\/blogmedia\/uploads\/2019\/09\/12002226874_3db11264ad_h-36x20.jpg 36w, https:\/\/media.atlasformen.com\/blogmedia\/uploads\/2019\/09\/12002226874_3db11264ad_h-48x27.jpg 48w, https:\/\/media.atlasformen.com\/blogmedia\/uploads\/2019\/09\/12002226874_3db11264ad_h.jpg 1600w\" sizes=\"(max-width: 809px) 100vw, 809px\" \/><noscript><img  loading=\"lazy\" decoding=\"async\" width=\"809\" height=\"455\"  src=\"https:\/\/media.atlasformen.com\/blogmedia\/uploads\/2019\/09\/12002226874_3db11264ad_h-1024x576.jpg\"  class=\"attachment-large size-large wp-image-7369\" alt=\"Le cirque de Gavarnie\" srcset=\"https:\/\/media.atlasformen.com\/blogmedia\/uploads\/2019\/09\/12002226874_3db11264ad_h-1024x576.jpg 1024w, https:\/\/media.atlasformen.com\/blogmedia\/uploads\/2019\/09\/12002226874_3db11264ad_h-300x169.jpg 300w, https:\/\/media.atlasformen.com\/blogmedia\/uploads\/2019\/09\/12002226874_3db11264ad_h-768x432.jpg 768w, https:\/\/media.atlasformen.com\/blogmedia\/uploads\/2019\/09\/12002226874_3db11264ad_h-24x14.jpg 24w, https:\/\/media.atlasformen.com\/blogmedia\/uploads\/2019\/09\/12002226874_3db11264ad_h-36x20.jpg 36w, https:\/\/media.atlasformen.com\/blogmedia\/uploads\/2019\/09\/12002226874_3db11264ad_h-48x27.jpg 48w, https:\/\/media.atlasformen.com\/blogmedia\/uploads\/2019\/09\/12002226874_3db11264ad_h.jpg 1600w\" sizes=\"(max-width: 809px) 100vw, 809px\" \/><\/noscript>\t\t\t\t\t\t\t\t\t\t\t<figcaption class=\"widget-image-caption wp-caption-text\">\u00a9Vadom Soldatov<\/figcaption>\n\t\t\t\t\t\t\t\t\t\t<\/figure>\n\t\t\t\t\t\t\t\t\t<\/div>\n\t\t\t\t<\/div>\n\t\t\t\t<div class=\"elementor-element elementor-element-1ecf228 elementor-widget elementor-widget-text-editor\" data-id=\"1ecf228\" data-element_type=\"widget\" data-widget_type=\"text-editor.default\">\n\t\t\t\t<div class=\"elementor-widget-container\">\n\t\t\t\t\t\t\t\t\t<p>Plus \u00e0 l\u2019ouest, entre Tarbes et le Tourmalet, on prendra plaisir \u00e0 s\u2019<strong>arr\u00eater dans le splendide cirque de Gavarnie. <\/strong>Cette merveille naturelle, creus\u00e9e par un <strong>glacier du quaternaire<\/strong>, pr\u00e9sente une enceinte arrondie transperc\u00e9e par <strong>la plus haute cascade de France<\/strong> m\u00e9tropolitaine\u00a0!<\/p>\t\t\t\t\t\t\t\t<\/div>\n\t\t\t\t<\/div>\n\t\t\t\t<div class=\"elementor-element elementor-element-7d6fddc elementor-widget elementor-widget-shortcode\" data-id=\"7d6fddc\" data-element_type=\"widget\" data-widget_type=\"shortcode.default\">\n\t\t\t\t<div class=\"elementor-widget-container\">\n\t\t\t\t\t\t\t<div class=\"elementor-shortcode\"><div class=\"afmProductSlider-Container\"><div class=\"afmProductSlider-arrows-container clearfix\"><div class=\"afmArrow-prev\"><\/div><div class=\"afmArrow-next\"><\/div><\/div><div class=\"afmProductSlider \"><div class=\"afmProduct\"><a class=\"clearfix\" href=\"\/products\/homme\/sous-vetements\/maillots-de-bain\/short-de-bain\/d555-short-de-bain-uni-grande-taille-yarrow-homme-noir-duke\/740819.aspx\" target=\"_blank\" ><div class=\"afmProductImageContainer\"><img  decoding=\"async\" alt=\"ProductTest01\"  src=\"data:image\/gif;base64,R0lGODlhAQABAIAAAAAAAP\/\/\/yH5BAEAAAAALAAAAAABAAEAAAIBRAA7\" data-lazy-src=\"https:\/\/media.atlasformen.com\/webmedia\/1080by1242\/D8\/E4\/9F\/D8E49FA1B792F28708D9ED7CE482D9AC3E7C1E0F2E3A81E406821B224BD1A086.jpg?w=356\" \/><noscript><img  decoding=\"async\" alt=\"ProductTest01\"  src=\"https:\/\/media.atlasformen.com\/webmedia\/1080by1242\/D8\/E4\/9F\/D8E49FA1B792F28708D9ED7CE482D9AC3E7C1E0F2E3A81E406821B224BD1A086.jpg?w=356\" \/><\/noscript><\/div><div class=\"afmProductInformationContainer\"><div class=\"afmProduct-items-title\"><span>D555 Short De Bain Uni Grande Taille Yarrow Homme Noir Duke<\/span><\/div><div class=\"afmProduct-items-tag\"><\/div><div class=\"afmProduct-items-price-container col-md-12\"><span id=\"spanDiscount\" class=\"afm-ProductItemPromo\"><span class=\"afm-discount\"><strong id=\"strongOff\"><span id=\"spanLess\" class=\"less\">-<\/span><span class=\"amount\" id=\"spanPercentage\">17<\/span><span class=\"percent\">%<\/span><\/strong><\/span><\/span><span class=\"afm-ProductItemPrice afm-PLPPrice\">29\u20ac99<span id=\"spanPriceBefore\" class=\"afm-ProductItemPriceBase\">36\u20ac90<\/span><\/span><\/div><div class=\"afmProduct-items-cart\"><div class=\"afmProduct-BuyNow-Button\">J'AJOUTE AU PANIER<\/div><\/div><div class=\"afmProduct-items-sku\"> <\/div><\/div><\/a><\/div><div class=\"afmProduct\"><a class=\"clearfix\" href=\"\/products\/homme\/sous-vetements\/maillots-de-bain\/boxers-de-bain\/boxer-de-bain-marine-homme-sun-project-2411\/962735.aspx\" target=\"_blank\" ><div class=\"afmProductImageContainer\"><img  decoding=\"async\" alt=\"ProductTest01\"  src=\"data:image\/gif;base64,R0lGODlhAQABAIAAAAAAAP\/\/\/yH5BAEAAAAALAAAAAABAAEAAAIBRAA7\" data-lazy-src=\"https:\/\/media.atlasformen.com\/webmedia\/1080by1242\/45\/DF\/CD\/45DFCD5E56F28529A6E574AF7876553844A02030F8CAFFE9D61CDF9B24515019.jpg?w=356\" \/><noscript><img  decoding=\"async\" alt=\"ProductTest01\"  src=\"https:\/\/media.atlasformen.com\/webmedia\/1080by1242\/45\/DF\/CD\/45DFCD5E56F28529A6E574AF7876553844A02030F8CAFFE9D61CDF9B24515019.jpg?w=356\" \/><\/noscript><\/div><div class=\"afmProductInformationContainer\"><div class=\"afmProduct-items-title\"><span>Boxer de bain marine homme sun project 2411<\/span><\/div><div class=\"afmProduct-items-tag\"><\/div><div class=\"afmProduct-items-price-container col-md-12\"><span id=\"spanDiscount\" class=\"afm-ProductItemPromo\"><span class=\"afm-discount\"><strong id=\"strongOff\"><span id=\"spanLess\" class=\"less\">-<\/span><span class=\"amount\" id=\"spanPercentage\">44<\/span><span class=\"percent\">%<\/span><\/strong><\/span><\/span><span class=\"afm-ProductItemPrice afm-PLPPrice\">10\u20ac99<span id=\"spanPriceBefore\" class=\"afm-ProductItemPriceBase\">19\u20ac90<\/span><\/span><\/div><div class=\"afmProduct-items-cart\"><div class=\"afmProduct-BuyNow-Button\">J'AJOUTE AU PANIER<\/div><\/div><div class=\"afmProduct-items-sku\"> <\/div><\/div><\/a><\/div><div class=\"afmProduct\"><a class=\"clearfix\" href=\"\/products\/homme\/sous-vetements\/maillots-de-bain\/boxers-de-bain\/boxer-de-bain-noir-bleu-homme-sun-project-1094\/962732.aspx\" target=\"_blank\" ><div class=\"afmProductImageContainer\"><img  decoding=\"async\" alt=\"ProductTest01\"  src=\"data:image\/gif;base64,R0lGODlhAQABAIAAAAAAAP\/\/\/yH5BAEAAAAALAAAAAABAAEAAAIBRAA7\" data-lazy-src=\"https:\/\/media.atlasformen.com\/webmedia\/1080by1242\/4C\/C0\/F0\/4CC0F0748B93EDE0EAF1D325F1B5A10FD9B7C7FA00EE6ED794028A090D65892D.jpg?w=356\" \/><noscript><img  decoding=\"async\" alt=\"ProductTest01\"  src=\"https:\/\/media.atlasformen.com\/webmedia\/1080by1242\/4C\/C0\/F0\/4CC0F0748B93EDE0EAF1D325F1B5A10FD9B7C7FA00EE6ED794028A090D65892D.jpg?w=356\" \/><\/noscript><\/div><div class=\"afmProductInformationContainer\"><div class=\"afmProduct-items-title\"><span>Boxer de bain noir\/bleu homme sun project 1094<\/span><\/div><div class=\"afmProduct-items-tag\"><\/div><div class=\"afmProduct-items-price-container col-md-12\"><span id=\"spanDiscount\" class=\"afm-ProductItemPromo\"><span class=\"afm-discount\"><strong id=\"strongOff\"><span id=\"spanLess\" class=\"less\">-<\/span><span class=\"amount\" id=\"spanPercentage\">44<\/span><span class=\"percent\">%<\/span><\/strong><\/span><\/span><span class=\"afm-ProductItemPrice afm-PLPPrice\">10\u20ac99<span id=\"spanPriceBefore\" class=\"afm-ProductItemPriceBase\">19\u20ac90<\/span><\/span><\/div><div class=\"afmProduct-items-cart\"><div class=\"afmProduct-BuyNow-Button\">J'AJOUTE AU PANIER<\/div><\/div><div class=\"afmProduct-items-sku\"> <\/div><\/div><\/a><\/div><div class=\"afmProduct\"><a class=\"clearfix\" href=\"\/products\/homme\/sous-vetements\/maillots-de-bain\/short-de-bain\/short-de-bain-homme-01689-noir\/145280.aspx\" target=\"_blank\" ><div class=\"afmProductImageContainer\"><img  decoding=\"async\" alt=\"ProductTest01\"  src=\"data:image\/gif;base64,R0lGODlhAQABAIAAAAAAAP\/\/\/yH5BAEAAAAALAAAAAABAAEAAAIBRAA7\" data-lazy-src=\"https:\/\/media.atlasformen.com\/webmedia\/1080by1242\/4B\/B2\/8C\/4BB28CE221D8353F68B9A8C9E5C194AEF21D60A90619D3699F9DFDB2AF21486D.jpg?w=356\" \/><noscript><img  decoding=\"async\" alt=\"ProductTest01\"  src=\"https:\/\/media.atlasformen.com\/webmedia\/1080by1242\/4B\/B2\/8C\/4BB28CE221D8353F68B9A8C9E5C194AEF21D60A90619D3699F9DFDB2AF21486D.jpg?w=356\" \/><\/noscript><\/div><div class=\"afmProductInformationContainer\"><div class=\"afmProduct-items-title\"><span>short de bain Homme - 01689 noir<\/span><\/div><div class=\"afmProduct-items-tag\"><\/div><div class=\"afmProduct-items-price-container col-md-12\"><span id=\"spanDiscount\" class=\"afm-ProductItemPromo\"><span class=\"afm-discount\"><strong id=\"strongOff\"><span id=\"spanLess\" class=\"less\">-<\/span><span class=\"amount\" id=\"spanPercentage\">33<\/span><span class=\"percent\">%<\/span><\/strong><\/span><\/span><span class=\"afm-ProductItemPrice afm-PLPPrice\">19\u20ac99<span id=\"spanPriceBefore\" class=\"afm-ProductItemPriceBase\">29\u20ac99<\/span><\/span><\/div><div class=\"afmProduct-items-cart\"><div class=\"afmProduct-BuyNow-Button\">J'AJOUTE AU PANIER<\/div><\/div><div class=\"afmProduct-items-sku\"> <\/div><\/div><\/a><\/div><div class=\"afmProduct\"><a class=\"clearfix\" href=\"\/products\/homme\/sous-vetements\/maillots-de-bain\/short-de-bain\/short-de-bain-homme-corail-wombat\/924088.aspx\" target=\"_blank\" ><div class=\"afmProductImageContainer\"><img  decoding=\"async\" alt=\"ProductTest01\"  src=\"data:image\/gif;base64,R0lGODlhAQABAIAAAAAAAP\/\/\/yH5BAEAAAAALAAAAAABAAEAAAIBRAA7\" data-lazy-src=\"https:\/\/media.atlasformen.com\/webmedia\/1080by1242\/D2\/D6\/C9\/D2D6C955888241EBB6B867F6E0AD421BD44A4D8F9F05D19AD60B1B1A240F0ADC.jpg?w=356\" \/><noscript><img  decoding=\"async\" alt=\"ProductTest01\"  src=\"https:\/\/media.atlasformen.com\/webmedia\/1080by1242\/D2\/D6\/C9\/D2D6C955888241EBB6B867F6E0AD421BD44A4D8F9F05D19AD60B1B1A240F0ADC.jpg?w=356\" \/><\/noscript><\/div><div class=\"afmProductInformationContainer\"><div class=\"afmProduct-items-title\"><span>Short De Bain Homme Corail Wombat<\/span><\/div><div class=\"afmProduct-items-tag\"><\/div><div class=\"afmProduct-items-price-container col-md-12\"><span id=\"spanDiscount\" class=\"afm-ProductItemPromo\"><span class=\"afm-discount\"><strong id=\"strongOff\"><span id=\"spanLess\" class=\"less\">-<\/span><span class=\"amount\" id=\"spanPercentage\">23<\/span><span class=\"percent\">%<\/span><\/strong><\/span><\/span><span class=\"afm-ProductItemPrice afm-PLPPrice\">21\u20ac99<span id=\"spanPriceBefore\" class=\"afm-ProductItemPriceBase\">28\u20ac90<\/span><\/span><\/div><div class=\"afmProduct-items-cart\"><div class=\"afmProduct-BuyNow-Button\">J'AJOUTE AU PANIER<\/div><\/div><div class=\"afmProduct-items-sku\"> <\/div><\/div><\/a><\/div><div class=\"afmProduct\"><a class=\"clearfix\" href=\"\/products\/homme\/sous-vetements\/maillots-de-bain\/maillot-de-bain-bleu-homme-kappa-fagga\/1116155.aspx\" target=\"_blank\" ><div class=\"afmProductImageContainer\"><img  decoding=\"async\" alt=\"ProductTest01\"  src=\"data:image\/gif;base64,R0lGODlhAQABAIAAAAAAAP\/\/\/yH5BAEAAAAALAAAAAABAAEAAAIBRAA7\" data-lazy-src=\"https:\/\/media.atlasformen.com\/webmedia\/1080by1242\/D8\/D1\/09\/D8D10956B11CA01044F8CDABB46B0D07E12EE944ED0C31E9E54408C2ECF00476.jpg?w=356\" \/><noscript><img  decoding=\"async\" alt=\"ProductTest01\"  src=\"https:\/\/media.atlasformen.com\/webmedia\/1080by1242\/D8\/D1\/09\/D8D10956B11CA01044F8CDABB46B0D07E12EE944ED0C31E9E54408C2ECF00476.jpg?w=356\" \/><\/noscript><\/div><div class=\"afmProductInformationContainer\"><div class=\"afmProduct-items-title\"><span>Maillot de bain bleu homme kappa fagga<\/span><\/div><div class=\"afmProduct-items-tag\"><\/div><div class=\"afmProduct-items-price-container col-md-12\"><span id=\"spanDiscount\" class=\"afm-ProductItemPromo\"><span class=\"afm-discount\"><strong id=\"strongOff\"><span id=\"spanLess\" class=\"less\">-<\/span><span class=\"amount\" id=\"spanPercentage\">60<\/span><span class=\"percent\">%<\/span><\/strong><\/span><\/span><span class=\"afm-ProductItemPrice afm-PLPPrice\">11\u20ac99<span id=\"spanPriceBefore\" class=\"afm-ProductItemPriceBase\">30\u20ac00<\/span><\/span><\/div><div class=\"afmProduct-items-cart\"><div class=\"afmProduct-BuyNow-Button\">J'AJOUTE AU PANIER<\/div><\/div><div class=\"afmProduct-items-sku\"> <\/div><\/div><\/a><\/div><div class=\"afmProduct\"><a class=\"clearfix\" href=\"\/products\/homme\/sous-vetements\/maillots-de-bain\/short-de-bain\/short-de-bain-homme-01689-bleu-marine\/145275.aspx\" target=\"_blank\" ><div class=\"afmProductImageContainer\"><img  decoding=\"async\" alt=\"ProductTest01\"  src=\"data:image\/gif;base64,R0lGODlhAQABAIAAAAAAAP\/\/\/yH5BAEAAAAALAAAAAABAAEAAAIBRAA7\" data-lazy-src=\"https:\/\/media.atlasformen.com\/webmedia\/1080by1242\/F2\/08\/07\/F2080780110E85BB625F31BEFDEBAD625C4B70AE1351B88D9948DCC5DC68E6D8.jpg?w=356\" \/><noscript><img  decoding=\"async\" alt=\"ProductTest01\"  src=\"https:\/\/media.atlasformen.com\/webmedia\/1080by1242\/F2\/08\/07\/F2080780110E85BB625F31BEFDEBAD625C4B70AE1351B88D9948DCC5DC68E6D8.jpg?w=356\" \/><\/noscript><\/div><div class=\"afmProductInformationContainer\"><div class=\"afmProduct-items-title\"><span>short de bain Homme - 01689 bleu marine<\/span><\/div><div class=\"afmProduct-items-tag\"><\/div><div class=\"afmProduct-items-price-container col-md-12\"><span id=\"spanDiscount\" class=\"afm-ProductItemPromo\"><span class=\"afm-discount\"><strong id=\"strongOff\"><span id=\"spanLess\" class=\"less\">-<\/span><span class=\"amount\" id=\"spanPercentage\">33<\/span><span class=\"percent\">%<\/span><\/strong><\/span><\/span><span class=\"afm-ProductItemPrice afm-PLPPrice\">19\u20ac99<span id=\"spanPriceBefore\" class=\"afm-ProductItemPriceBase\">29\u20ac99<\/span><\/span><\/div><div class=\"afmProduct-items-cart\"><div class=\"afmProduct-BuyNow-Button\">J'AJOUTE AU PANIER<\/div><\/div><div class=\"afmProduct-items-sku\"> <\/div><\/div><\/a><\/div><div class=\"afmProduct\"><a class=\"clearfix\" href=\"\/products\/homme\/sous-vetements\/maillots-de-bain\/short-de-bain\/short-de-bain-homme-01689-bleu-turquoise\/145276.aspx\" target=\"_blank\" ><div class=\"afmProductImageContainer\"><img  decoding=\"async\" alt=\"ProductTest01\"  src=\"data:image\/gif;base64,R0lGODlhAQABAIAAAAAAAP\/\/\/yH5BAEAAAAALAAAAAABAAEAAAIBRAA7\" data-lazy-src=\"https:\/\/media.atlasformen.com\/webmedia\/1080by1242\/C6\/1C\/B2\/C61CB21C8A53DCB56865A1E1BA27471FD5E96C7D908E5F7AADCA1C81D9ED9606.jpg?w=356\" \/><noscript><img  decoding=\"async\" alt=\"ProductTest01\"  src=\"https:\/\/media.atlasformen.com\/webmedia\/1080by1242\/C6\/1C\/B2\/C61CB21C8A53DCB56865A1E1BA27471FD5E96C7D908E5F7AADCA1C81D9ED9606.jpg?w=356\" \/><\/noscript><\/div><div class=\"afmProductInformationContainer\"><div class=\"afmProduct-items-title\"><span>short de bain Homme - 01689 bleu turquoise<\/span><\/div><div class=\"afmProduct-items-tag\"><\/div><div class=\"afmProduct-items-price-container col-md-12\"><span id=\"spanDiscount\" class=\"afm-ProductItemPromo\"><span class=\"afm-discount\"><strong id=\"strongOff\"><span id=\"spanLess\" class=\"less\">-<\/span><span class=\"amount\" id=\"spanPercentage\">70<\/span><span class=\"percent\">%<\/span><\/strong><\/span><\/span><span class=\"afm-ProductItemPrice afm-PLPPrice\">8\u20ac99<span id=\"spanPriceBefore\" class=\"afm-ProductItemPriceBase\">29\u20ac99<\/span><\/span><\/div><div class=\"afmProduct-items-cart\"><div class=\"afmProduct-BuyNow-Button\">J'AJOUTE AU PANIER<\/div><\/div><div class=\"afmProduct-items-sku\"> <\/div><\/div><\/a><\/div><div class=\"afmProduct\"><a class=\"clearfix\" href=\"\/products\/homme\/sous-vetements\/maillots-de-bain\/short-de-bain\/short-de-bain-homme-orange-vif-proact\/506585.aspx\" target=\"_blank\" ><div class=\"afmProductImageContainer\"><img  decoding=\"async\" alt=\"ProductTest01\"  src=\"data:image\/gif;base64,R0lGODlhAQABAIAAAAAAAP\/\/\/yH5BAEAAAAALAAAAAABAAEAAAIBRAA7\" data-lazy-src=\"https:\/\/media.atlasformen.com\/webmedia\/1080by1242\/05\/43\/08\/054308E025C66896D43F587AA95359FEF6631CD6378EB0AA649523D256A09FD1.jpg?w=356\" \/><noscript><img  decoding=\"async\" alt=\"ProductTest01\"  src=\"https:\/\/media.atlasformen.com\/webmedia\/1080by1242\/05\/43\/08\/054308E025C66896D43F587AA95359FEF6631CD6378EB0AA649523D256A09FD1.jpg?w=356\" \/><\/noscript><\/div><div class=\"afmProductInformationContainer\"><div class=\"afmProduct-items-title\"><span>Short De Bain Homme Orange Vif Proact<\/span><\/div><div class=\"afmProduct-items-tag\"><\/div><div class=\"afmProduct-items-price-container col-md-12\"><span id=\"spanDiscount\" class=\"afm-ProductItemPromo\"><span class=\"afm-discount\"><strong id=\"strongOff\"><span id=\"spanLess\" class=\"less\">-<\/span><span class=\"amount\" id=\"spanPercentage\">23<\/span><span class=\"percent\">%<\/span><\/strong><\/span><\/span><span class=\"afm-ProductItemPrice afm-PLPPrice\">25\u20ac99<span id=\"spanPriceBefore\" class=\"afm-ProductItemPriceBase\">33\u20ac90<\/span><\/span><\/div><div class=\"afmProduct-items-cart\"><div class=\"afmProduct-BuyNow-Button\">J'AJOUTE AU PANIER<\/div><\/div><div class=\"afmProduct-items-sku\"> <\/div><\/div><\/a><\/div><div class=\"afmProduct\"><a class=\"clearfix\" href=\"\/products\/homme\/sous-vetements\/maillots-de-bain\/short-de-bain\/short-de-bain-homme-pa119-noir\/145273.aspx\" target=\"_blank\" ><div class=\"afmProductImageContainer\"><img  decoding=\"async\" alt=\"ProductTest01\"  src=\"data:image\/gif;base64,R0lGODlhAQABAIAAAAAAAP\/\/\/yH5BAEAAAAALAAAAAABAAEAAAIBRAA7\" data-lazy-src=\"https:\/\/media.atlasformen.com\/webmedia\/1080by1242\/34\/6C\/43\/346C4391AC96CA96C4876A8A25ACA29906CA78745873CB926E4F3789BADFA37B.jpg?w=356\" \/><noscript><img  decoding=\"async\" alt=\"ProductTest01\"  src=\"https:\/\/media.atlasformen.com\/webmedia\/1080by1242\/34\/6C\/43\/346C4391AC96CA96C4876A8A25ACA29906CA78745873CB926E4F3789BADFA37B.jpg?w=356\" \/><\/noscript><\/div><div class=\"afmProductInformationContainer\"><div class=\"afmProduct-items-title\"><span>short de bain Homme - PA119 noir<\/span><\/div><div class=\"afmProduct-items-tag\"><\/div><div class=\"afmProduct-items-price-container col-md-12\"><span id=\"spanDiscount\" class=\"afm-ProductItemPromo\"><span class=\"afm-discount\"><strong id=\"strongOff\"><span id=\"spanLess\" class=\"less\">-<\/span><span class=\"amount\" id=\"spanPercentage\">38<\/span><span class=\"percent\">%<\/span><\/strong><\/span><\/span><span class=\"afm-ProductItemPrice afm-PLPPrice\">20\u20ac99<span id=\"spanPriceBefore\" class=\"afm-ProductItemPriceBase\">33\u20ac99<\/span><\/span><\/div><div class=\"afmProduct-items-cart\"><div class=\"afmProduct-BuyNow-Button\">J'AJOUTE AU PANIER<\/div><\/div><div class=\"afmProduct-items-sku\"> <\/div><\/div><\/a><\/div><div class=\"afmProduct\"><a class=\"clearfix\" href=\"\/products\/homme\/sous-vetements\/maillots-de-bain\/short-de-bain\/short-de-bain-homme-01689-rouge\/145262.aspx\" target=\"_blank\" ><div class=\"afmProductImageContainer\"><img  decoding=\"async\" alt=\"ProductTest01\"  src=\"data:image\/gif;base64,R0lGODlhAQABAIAAAAAAAP\/\/\/yH5BAEAAAAALAAAAAABAAEAAAIBRAA7\" data-lazy-src=\"https:\/\/media.atlasformen.com\/webmedia\/1080by1242\/5E\/52\/50\/5E5250F0BD1D4FE6DFC6D84DF76B93B6A357876D40758379F0DCA82099D9AC81.jpg?w=356\" \/><noscript><img  decoding=\"async\" alt=\"ProductTest01\"  src=\"https:\/\/media.atlasformen.com\/webmedia\/1080by1242\/5E\/52\/50\/5E5250F0BD1D4FE6DFC6D84DF76B93B6A357876D40758379F0DCA82099D9AC81.jpg?w=356\" \/><\/noscript><\/div><div class=\"afmProductInformationContainer\"><div class=\"afmProduct-items-title\"><span>Short de bain Homme - 01689 rouge<\/span><\/div><div class=\"afmProduct-items-tag\"><\/div><div class=\"afmProduct-items-price-container col-md-12\"><span id=\"spanDiscount\" class=\"afm-ProductItemPromo\"><span class=\"afm-discount\"><strong id=\"strongOff\"><span id=\"spanLess\" class=\"less\">-<\/span><span class=\"amount\" id=\"spanPercentage\">33<\/span><span class=\"percent\">%<\/span><\/strong><\/span><\/span><span class=\"afm-ProductItemPrice afm-PLPPrice\">19\u20ac99<span id=\"spanPriceBefore\" class=\"afm-ProductItemPriceBase\">29\u20ac99<\/span><\/span><\/div><div class=\"afmProduct-items-cart\"><div class=\"afmProduct-BuyNow-Button\">J'AJOUTE AU PANIER<\/div><\/div><div class=\"afmProduct-items-sku\"> <\/div><\/div><\/a><\/div><div class=\"afmProduct\"><a class=\"clearfix\" href=\"\/products\/homme\/sous-vetements\/maillots-de-bain\/short-de-bain\/short-de-bain-homme-pa119-rouge\/145274.aspx\" target=\"_blank\" ><div class=\"afmProductImageContainer\"><img  decoding=\"async\" alt=\"ProductTest01\"  src=\"data:image\/gif;base64,R0lGODlhAQABAIAAAAAAAP\/\/\/yH5BAEAAAAALAAAAAABAAEAAAIBRAA7\" data-lazy-src=\"https:\/\/media.atlasformen.com\/webmedia\/1080by1242\/2F\/D4\/B3\/2FD4B3ED7A65B5B1781C8AD19AAD4DAAB9416F29608795B5EFE40AC3D4840B5B.jpg?w=356\" \/><noscript><img  decoding=\"async\" alt=\"ProductTest01\"  src=\"https:\/\/media.atlasformen.com\/webmedia\/1080by1242\/2F\/D4\/B3\/2FD4B3ED7A65B5B1781C8AD19AAD4DAAB9416F29608795B5EFE40AC3D4840B5B.jpg?w=356\" \/><\/noscript><\/div><div class=\"afmProductInformationContainer\"><div class=\"afmProduct-items-title\"><span>short de bain Homme - PA119 rouge<\/span><\/div><div class=\"afmProduct-items-tag\"><\/div><div class=\"afmProduct-items-price-container col-md-12\"><span id=\"spanDiscount\" class=\"afm-ProductItemPromo\"><span class=\"afm-discount\"><strong id=\"strongOff\"><span id=\"spanLess\" class=\"less\">-<\/span><span class=\"amount\" id=\"spanPercentage\">38<\/span><span class=\"percent\">%<\/span><\/strong><\/span><\/span><span class=\"afm-ProductItemPrice afm-PLPPrice\">20\u20ac99<span id=\"spanPriceBefore\" class=\"afm-ProductItemPriceBase\">33\u20ac99<\/span><\/span><\/div><div class=\"afmProduct-items-cart\"><div class=\"afmProduct-BuyNow-Button\">J'AJOUTE AU PANIER<\/div><\/div><div class=\"afmProduct-items-sku\"> <\/div><\/div><\/a><\/div><\/div><\/div><\/div>\n\t\t\t\t\t\t<\/div>\n\t\t\t\t<\/div>\n\t\t\t\t<div class=\"elementor-element elementor-element-f9c47ed elementor-widget elementor-widget-heading\" data-id=\"f9c47ed\" data-element_type=\"widget\" data-widget_type=\"heading.default\">\n\t\t\t\t<div class=\"elementor-widget-container\">\n\t\t\t\t\t<h2 class=\"elementor-heading-title elementor-size-default\">Sensations XXL dans la vall\u00e9e de la Tarentaise<\/h2>\t\t\t\t<\/div>\n\t\t\t\t<\/div>\n\t\t\t\t<div class=\"elementor-element elementor-element-0b3f402 elementor-widget elementor-widget-image\" data-id=\"0b3f402\" data-element_type=\"widget\" data-widget_type=\"image.default\">\n\t\t\t\t<div class=\"elementor-widget-container\">\n\t\t\t\t\t\t\t\t\t\t\t\t\t\t\t<img  loading=\"lazy\" decoding=\"async\" width=\"809\" height=\"607\"  src=\"data:image\/gif;base64,R0lGODlhAQABAIAAAAAAAP\/\/\/yH5BAEAAAAALAAAAAABAAEAAAIBRAA7\" data-lazy-src=\"https:\/\/media.atlasformen.com\/blogmedia\/uploads\/2019\/09\/randonn\u00e9e-1-1024x768.png\"  class=\"attachment-large size-large wp-image-7328\" alt=\"Ambiance de montagne\" srcset=\"https:\/\/media.atlasformen.com\/blogmedia\/uploads\/2019\/09\/randonn\u00e9e-1.png 1024w, https:\/\/media.atlasformen.com\/blogmedia\/uploads\/2019\/09\/randonn\u00e9e-1-300x225.png 300w, https:\/\/media.atlasformen.com\/blogmedia\/uploads\/2019\/09\/randonn\u00e9e-1-768x576.png 768w, https:\/\/media.atlasformen.com\/blogmedia\/uploads\/2019\/09\/randonn\u00e9e-1-24x18.png 24w, https:\/\/media.atlasformen.com\/blogmedia\/uploads\/2019\/09\/randonn\u00e9e-1-36x27.png 36w, https:\/\/media.atlasformen.com\/blogmedia\/uploads\/2019\/09\/randonn\u00e9e-1-48x36.png 48w\" sizes=\"(max-width: 809px) 100vw, 809px\" \/><noscript><img  loading=\"lazy\" decoding=\"async\" width=\"809\" height=\"607\"  src=\"https:\/\/media.atlasformen.com\/blogmedia\/uploads\/2019\/09\/randonn\u00e9e-1-1024x768.png\"  class=\"attachment-large size-large wp-image-7328\" alt=\"Ambiance de montagne\" srcset=\"https:\/\/media.atlasformen.com\/blogmedia\/uploads\/2019\/09\/randonn\u00e9e-1.png 1024w, https:\/\/media.atlasformen.com\/blogmedia\/uploads\/2019\/09\/randonn\u00e9e-1-300x225.png 300w, https:\/\/media.atlasformen.com\/blogmedia\/uploads\/2019\/09\/randonn\u00e9e-1-768x576.png 768w, https:\/\/media.atlasformen.com\/blogmedia\/uploads\/2019\/09\/randonn\u00e9e-1-24x18.png 24w, https:\/\/media.atlasformen.com\/blogmedia\/uploads\/2019\/09\/randonn\u00e9e-1-36x27.png 36w, https:\/\/media.atlasformen.com\/blogmedia\/uploads\/2019\/09\/randonn\u00e9e-1-48x36.png 48w\" sizes=\"(max-width: 809px) 100vw, 809px\" \/><\/noscript>\t\t\t\t\t\t\t\t\t\t\t\t\t\t\t<\/div>\n\t\t\t\t<\/div>\n\t\t\t\t<div class=\"elementor-element elementor-element-c564f9e elementor-widget elementor-widget-text-editor\" data-id=\"c564f9e\" data-element_type=\"widget\" data-widget_type=\"text-editor.default\">\n\t\t\t\t<div class=\"elementor-widget-container\">\n\t\t\t\t\t\t\t\t\t<p>Beaufort et son <strong>fromage<\/strong>, le Cormet de Roselend et son splendide <strong>panorama<\/strong>, la vall\u00e9e de la Vanoise et ses <strong>marmottes<\/strong>\u2026 cette r\u00e9gion des <strong>Alpes<\/strong> regorge de richesses ! Parmi elles, la vall\u00e9e de Belleville et ses nombreuses <strong>randonn\u00e9es<\/strong>. Au d\u00e9part de Villarenger, le circuit des Demoiselles coiff\u00e9es permet de belles <strong>d\u00e9couvertes<\/strong> en 3 heures de marche environ. On pourra y admirer des chemin\u00e9es de f\u00e9e, une curiosit\u00e9 <strong>g\u00e9ologique<\/strong> sculpt\u00e9e par l\u2019\u00e9rosion.<\/p><p>Pour les amateurs de sports d\u2019hiver, <strong>Val Thorens<\/strong> est une sorte de graal. Situ\u00e9e \u00e0 2.365 m d&#8217;altitude et poss\u00e9dant 150 km de pistes, cette station de ski est la plus haute d\u2019Europe ! On y trouve aussi la plus haute <strong>tyrolienne<\/strong> du monde, accessible aux <strong>skieurs<\/strong> reliant la pointe du Bouchet (3230 m) \u00e0 la pointe de Thorens (3002 m). Longue de 1,3 km, on s\u2019y d\u00e9place \u00e0 une vitesse comprise entre 65 \u00e0 105 km\/h, \u00e0 une hauteur de 250 m au-dessus de la <strong>vall\u00e9e de Pierre Lory<\/strong>. La plus longue <strong>piste de<\/strong> <strong>luge<\/strong> de France (6 km, avec un d\u00e9nivel\u00e9 de 700 m, de 3 000 \u00e0 2 300 m d&#8217;altitude) compl\u00e8te la liste de cette <strong>station<\/strong> de tous les records.<\/p><p>Et si vous aimez le cyclisme, d\u00e9couvrez nos articles sp\u00e9cial v\u00e9lo &#8220;<a href=\"https:\/\/www.atlasformen.fr\/blog\/bouger\/velo\/equipement-securite-velo\/\" target=\"_blank\" rel=\"noopener\"><span style=\"text-decoration: underline;\"><strong>Promenade \u00e0 v\u00e9lo : bien s\u2019\u00e9quiper et rouler en s\u00e9curit\u00e9<\/strong><\/span><\/a>&#8221; ou encore &#8220;<a href=\"https:\/\/www.atlasformen.fr\/blog\/bouger\/velo\/debuter-velo-route\/\" target=\"_blank\" rel=\"noopener\"><span style=\"text-decoration: underline;\"><strong>3 conseils pour commencer le v\u00e9lo de route<\/strong><\/span><\/a>&#8220;.<\/p>\t\t\t\t\t\t\t\t<\/div>\n\t\t\t\t<\/div>\n\t\t\t\t\t<\/div>\n\t\t<\/div>\n\t\t\t\t\t<\/div>\n\t\t<\/section>\n\t\t\t\t<section class=\"elementor-section elementor-top-section elementor-element elementor-element-fc4ff3e elementor-section-boxed elementor-section-height-default elementor-section-height-default\" data-id=\"fc4ff3e\" data-element_type=\"section\">\n\t\t\t\t\t\t<div class=\"elementor-container elementor-column-gap-default\">\n\t\t\t\t\t<div class=\"elementor-column elementor-col-100 elementor-top-column elementor-element elementor-element-da04268\" data-id=\"da04268\" data-element_type=\"column\">\n\t\t\t<div class=\"elementor-widget-wrap elementor-element-populated\">\n\t\t\t\t\t\t<div class=\"elementor-element elementor-element-8685b14 elementor-widget elementor-widget-text-editor\" data-id=\"8685b14\" data-element_type=\"widget\" data-widget_type=\"text-editor.default\">\n\t\t\t\t<div class=\"elementor-widget-container\">\n\t\t\t\t\t\t\t\t\t<p class=\"MsoNormal\"><strong><span style=\"font-family: Arial, sans-serif; color: black; background-image: initial; background-position: initial; background-size: initial; background-repeat: initial; background-attachment: initial; background-origin: initial; background-clip: initial;\">En vous inspirant du trajet du Tour de France, quelles \u00e9tapes avez-vous envie de faire ?\u00a0<\/span><\/strong><\/p>\t\t\t\t\t\t\t\t<\/div>\n\t\t\t\t<\/div>\n\t\t\t\t\t<\/div>\n\t\t<\/div>\n\t\t\t\t\t<\/div>\n\t\t<\/section>\n\t\t\t\t<\/div>\n\t\t","protected":false},"excerpt":{"rendered":"<p>Le Tour de France nous permet d\u2019applaudir les exploits sportifs des cyclistes. Mais il est aussi l\u2019occasion d\u2019admirer les paysages vari\u00e9s de nos r\u00e9gions. Au programme : panoramas \u00e9poustouflants, loisirs sportifs et activit\u00e9s en pleine nature ! Le tout arros\u00e9 de quelques gourmandises\u2026 Randonn\u00e9es et activit\u00e9s nautiques dans le Grand Est Fl\u00e2neur des villes ou &hellip;<\/p>\n","protected":false},"author":10,"featured_media":7582,"comment_status":"open","ping_status":"open","sticky":false,"template":"","format":"standard","meta":{"footnotes":""},"categories":[119,114],"tags":[164,156],"class_list":["post-7264","post","type-post","status-publish","format-standard","has-post-thumbnail","hentry","category-france","category-explorer","tag-explorer","tag-france"],"yoast_head":"<!-- This site is optimized with the Yoast SEO plugin v25.2 - https:\/\/yoast.com\/wordpress\/plugins\/seo\/ -->\r\n<title>Les plus beaux endroits du Tour de France | Atlas For Men<\/title>\r\n<meta name=\"description\" content=\"Et si on partait \u00e0 la d\u00e9couverte des r\u00e9gions de France \u00e0 travers de somptueux panoramas? Au programme des escapades en pleine nature, des activit\u00e9s sportives et la gastronomie de nos r\u00e9gions.\" \/>\r\n<meta name=\"robots\" content=\"index,follow,archive\" \/>\r\n<link rel=\"canonical\" href=\"https:\/\/www.atlasformen.fr\/blog\/explorer\/france\/les-plus-beaux-endroits-du-tour-de-france\/\" \/>\r\n<meta property=\"og:locale\" content=\"en_US\" \/>\r\n<meta property=\"og:type\" content=\"article\" \/>\r\n<meta property=\"og:title\" content=\"Les plus beaux endroits du Tour de France | Atlas For Men\" \/>\r\n<meta property=\"og:description\" content=\"Et si on partait \u00e0 la d\u00e9couverte des r\u00e9gions de France \u00e0 travers de somptueux panoramas? Au programme des escapades en pleine nature, des activit\u00e9s sportives et la gastronomie de nos r\u00e9gions.\" \/>\r\n<meta property=\"og:url\" content=\"https:\/\/www.atlasformen.fr\/blog\/explorer\/france\/les-plus-beaux-endroits-du-tour-de-france\/\" \/>\r\n<meta property=\"og:site_name\" content=\"Atlas For Men Blog\" \/>\r\n<meta property=\"article:publisher\" content=\"https:\/\/www.facebook.com\/AtlasForMen\/\" \/>\r\n<meta property=\"article:published_time\" content=\"2019-09-12T14:36:40+00:00\" \/>\r\n<meta property=\"article:modified_time\" content=\"2022-01-20T17:03:56+00:00\" \/>\r\n<meta property=\"og:image\" content=\"https:\/\/media.atlasformen.com\/blogmedia\/uploads\/2019\/09\/journ\u00e9e-internationale-3.png\" \/>\r\n\t<meta property=\"og:image:width\" content=\"940\" \/>\r\n\t<meta property=\"og:image:height\" content=\"788\" \/>\r\n\t<meta property=\"og:image:type\" content=\"image\/png\" \/>\r\n<meta name=\"author\" content=\"Atlas For Men\" \/>\r\n<meta name=\"twitter:card\" content=\"summary_large_image\" \/>\r\n<meta name=\"twitter:creator\" content=\"@atlas_for_men\" \/>\r\n<meta name=\"twitter:site\" content=\"@atlas_for_men\" \/>\r\n<meta name=\"twitter:label1\" content=\"Written by\" \/>\n\t<meta name=\"twitter:data1\" content=\"Atlas For Men\" \/>\n\t<meta name=\"twitter:label2\" content=\"Est. reading time\" \/>\n\t<meta name=\"twitter:data2\" content=\"5 minutes\" \/>\r\n<script type=\"application\/ld+json\" class=\"yoast-schema-graph\">{\"@context\":\"https:\/\/schema.org\",\"@graph\":[{\"@type\":\"Article\",\"@id\":\"https:\/\/www.atlasformen.fr\/blog\/explorer\/france\/les-plus-beaux-endroits-du-tour-de-france\/#article\",\"isPartOf\":{\"@id\":\"https:\/\/www.atlasformen.fr\/blog\/explorer\/france\/les-plus-beaux-endroits-du-tour-de-france\/\"},\"author\":{\"name\":\"Atlas For Men\",\"@id\":\"https:\/\/www.atlasformen.fr\/blog\/#\/schema\/person\/2515308fa791928657b7dd53ca058a38\"},\"headline\":\"Les plus beaux endroits du Tour de France\",\"datePublished\":\"2019-09-12T14:36:40+00:00\",\"dateModified\":\"2022-01-20T17:03:56+00:00\",\"mainEntityOfPage\":{\"@id\":\"https:\/\/www.atlasformen.fr\/blog\/explorer\/france\/les-plus-beaux-endroits-du-tour-de-france\/\"},\"wordCount\":1010,\"commentCount\":2,\"publisher\":{\"@id\":\"https:\/\/www.atlasformen.fr\/blog\/#organization\"},\"image\":{\"@id\":\"https:\/\/www.atlasformen.fr\/blog\/explorer\/france\/les-plus-beaux-endroits-du-tour-de-france\/#primaryimage\"},\"thumbnailUrl\":\"https:\/\/media.atlasformen.com\/blogmedia\/uploads\/2019\/09\/journ\u00e9e-internationale-3.png\",\"keywords\":[\"Explorer\",\"France\"],\"articleSection\":[\"En France\",\"Explorer\"],\"inLanguage\":\"en-US\",\"potentialAction\":[{\"@type\":\"CommentAction\",\"name\":\"Comment\",\"target\":[\"https:\/\/www.atlasformen.fr\/blog\/explorer\/france\/les-plus-beaux-endroits-du-tour-de-france\/#respond\"]}]},{\"@type\":\"WebPage\",\"@id\":\"https:\/\/www.atlasformen.fr\/blog\/explorer\/france\/les-plus-beaux-endroits-du-tour-de-france\/\",\"url\":\"https:\/\/www.atlasformen.fr\/blog\/explorer\/france\/les-plus-beaux-endroits-du-tour-de-france\/\",\"name\":\"Les plus beaux endroits du Tour de France | Atlas For Men\",\"isPartOf\":{\"@id\":\"https:\/\/www.atlasformen.fr\/blog\/#website\"},\"primaryImageOfPage\":{\"@id\":\"https:\/\/www.atlasformen.fr\/blog\/explorer\/france\/les-plus-beaux-endroits-du-tour-de-france\/#primaryimage\"},\"image\":{\"@id\":\"https:\/\/www.atlasformen.fr\/blog\/explorer\/france\/les-plus-beaux-endroits-du-tour-de-france\/#primaryimage\"},\"thumbnailUrl\":\"https:\/\/media.atlasformen.com\/blogmedia\/uploads\/2019\/09\/journ\u00e9e-internationale-3.png\",\"datePublished\":\"2019-09-12T14:36:40+00:00\",\"dateModified\":\"2022-01-20T17:03:56+00:00\",\"description\":\"Et si on partait \u00e0 la d\u00e9couverte des r\u00e9gions de France \u00e0 travers de somptueux panoramas? Au programme des escapades en pleine nature, des activit\u00e9s sportives et la gastronomie de nos r\u00e9gions.\",\"breadcrumb\":{\"@id\":\"https:\/\/www.atlasformen.fr\/blog\/explorer\/france\/les-plus-beaux-endroits-du-tour-de-france\/#breadcrumb\"},\"inLanguage\":\"en-US\",\"potentialAction\":[{\"@type\":\"ReadAction\",\"target\":[\"https:\/\/www.atlasformen.fr\/blog\/explorer\/france\/les-plus-beaux-endroits-du-tour-de-france\/\"]}]},{\"@type\":\"ImageObject\",\"inLanguage\":\"en-US\",\"@id\":\"https:\/\/www.atlasformen.fr\/blog\/explorer\/france\/les-plus-beaux-endroits-du-tour-de-france\/#primaryimage\",\"url\":\"https:\/\/media.atlasformen.com\/blogmedia\/uploads\/2019\/09\/journ\u00e9e-internationale-3.png\",\"contentUrl\":\"https:\/\/media.atlasformen.com\/blogmedia\/uploads\/2019\/09\/journ\u00e9e-internationale-3.png\",\"width\":940,\"height\":788,\"caption\":\"Un homme tient une carte dans les mains\"},{\"@type\":\"BreadcrumbList\",\"@id\":\"https:\/\/www.atlasformen.fr\/blog\/explorer\/france\/les-plus-beaux-endroits-du-tour-de-france\/#breadcrumb\",\"itemListElement\":[{\"@type\":\"ListItem\",\"position\":1,\"name\":\"Vivez l\u2019aventure\",\"item\":\"https:\/\/www.atlasformen.fr\/blog\/\"},{\"@type\":\"ListItem\",\"position\":2,\"name\":\"Explorer\",\"item\":\"https:\/\/www.atlasformen.fr\/blog\/categorie\/explorer\/\"},{\"@type\":\"ListItem\",\"position\":3,\"name\":\"En France\",\"item\":\"https:\/\/www.atlasformen.fr\/blog\/categorie\/explorer\/france\/\"},{\"@type\":\"ListItem\",\"position\":4,\"name\":\"Les plus beaux endroits du Tour de France\"}]},{\"@type\":\"WebSite\",\"@id\":\"https:\/\/www.atlasformen.fr\/blog\/#website\",\"url\":\"https:\/\/www.atlasformen.fr\/blog\/\",\"name\":\"Atlas For Men Blog\",\"description\":\"Atlas For Men Blog\",\"publisher\":{\"@id\":\"https:\/\/www.atlasformen.fr\/blog\/#organization\"},\"potentialAction\":[{\"@type\":\"SearchAction\",\"target\":{\"@type\":\"EntryPoint\",\"urlTemplate\":\"https:\/\/www.atlasformen.fr\/blog\/?s={search_term_string}\"},\"query-input\":{\"@type\":\"PropertyValueSpecification\",\"valueRequired\":true,\"valueName\":\"search_term_string\"}}],\"inLanguage\":\"en-US\"},{\"@type\":\"Organization\",\"@id\":\"https:\/\/www.atlasformen.fr\/blog\/#organization\",\"name\":\"Atlas For Men\",\"url\":\"https:\/\/www.atlasformen.fr\/blog\/\",\"logo\":{\"@type\":\"ImageObject\",\"inLanguage\":\"en-US\",\"@id\":\"https:\/\/www.atlasformen.fr\/blog\/#\/schema\/logo\/image\/\",\"url\":\"https:\/\/media.atlasformen.com\/blogmedia\/uploads\/2018\/11\/logo_1-1.png\",\"contentUrl\":\"https:\/\/media.atlasformen.com\/blogmedia\/uploads\/2018\/11\/logo_1-1.png\",\"width\":200,\"height\":111,\"caption\":\"Atlas For Men\"},\"image\":{\"@id\":\"https:\/\/www.atlasformen.fr\/blog\/#\/schema\/logo\/image\/\"},\"sameAs\":[\"https:\/\/www.facebook.com\/AtlasForMen\/\",\"https:\/\/x.com\/atlas_for_men\",\"https:\/\/www.instagram.com\/atlasformen\/\",\"https:\/\/www.pinterest.fr\/atlasformen\/\",\"https:\/\/www.youtube.com\/user\/AtlasForMenFrance\"]},{\"@type\":\"Person\",\"@id\":\"https:\/\/www.atlasformen.fr\/blog\/#\/schema\/person\/2515308fa791928657b7dd53ca058a38\",\"name\":\"Atlas For Men\",\"image\":{\"@type\":\"ImageObject\",\"inLanguage\":\"en-US\",\"@id\":\"https:\/\/www.atlasformen.fr\/blog\/#\/schema\/person\/image\/\",\"url\":\"https:\/\/secure.gravatar.com\/avatar\/c562ec6a574919f88571afeacc95cec61d73f7a32354f69ae5c7ef237db7a308?s=96&d=mm&r=g\",\"contentUrl\":\"https:\/\/secure.gravatar.com\/avatar\/c562ec6a574919f88571afeacc95cec61d73f7a32354f69ae5c7ef237db7a308?s=96&d=mm&r=g\",\"caption\":\"Atlas For Men\"},\"url\":\"https:\/\/www.atlasformen.fr\/blog\/author\/cde_benedittis\/\"}]}<\/script>\r\n<!-- \/ Yoast SEO plugin. -->","yoast_head_json":{"title":"Les plus beaux endroits du Tour de France | Atlas For Men","description":"Et si on partait \u00e0 la d\u00e9couverte des r\u00e9gions de France \u00e0 travers de somptueux panoramas? Au programme des escapades en pleine nature, des activit\u00e9s sportives et la gastronomie de nos r\u00e9gions.","robots":{"index,follow,archive":"index,follow,archive"},"canonical":"https:\/\/www.atlasformen.fr\/blog\/explorer\/france\/les-plus-beaux-endroits-du-tour-de-france\/","og_locale":"en_US","og_type":"article","og_title":"Les plus beaux endroits du Tour de France | Atlas For Men","og_description":"Et si on partait \u00e0 la d\u00e9couverte des r\u00e9gions de France \u00e0 travers de somptueux panoramas? Au programme des escapades en pleine nature, des activit\u00e9s sportives et la gastronomie de nos r\u00e9gions.","og_url":"https:\/\/www.atlasformen.fr\/blog\/explorer\/france\/les-plus-beaux-endroits-du-tour-de-france\/","og_site_name":"Atlas For Men Blog","article_publisher":"https:\/\/www.facebook.com\/AtlasForMen\/","article_published_time":"2019-09-12T14:36:40+00:00","article_modified_time":"2022-01-20T17:03:56+00:00","og_image":[{"width":940,"height":788,"url":"https:\/\/media.atlasformen.com\/blogmedia\/uploads\/2019\/09\/journ\u00e9e-internationale-3.png","type":"image\/png"}],"author":"Atlas For Men","twitter_card":"summary_large_image","twitter_creator":"@atlas_for_men","twitter_site":"@atlas_for_men","twitter_misc":{"Written by":"Atlas For Men","Est. reading time":"5 minutes"},"schema":{"@context":"https:\/\/schema.org","@graph":[{"@type":"Article","@id":"https:\/\/www.atlasformen.fr\/blog\/explorer\/france\/les-plus-beaux-endroits-du-tour-de-france\/#article","isPartOf":{"@id":"https:\/\/www.atlasformen.fr\/blog\/explorer\/france\/les-plus-beaux-endroits-du-tour-de-france\/"},"author":{"name":"Atlas For Men","@id":"https:\/\/www.atlasformen.fr\/blog\/#\/schema\/person\/2515308fa791928657b7dd53ca058a38"},"headline":"Les plus beaux endroits du Tour de France","datePublished":"2019-09-12T14:36:40+00:00","dateModified":"2022-01-20T17:03:56+00:00","mainEntityOfPage":{"@id":"https:\/\/www.atlasformen.fr\/blog\/explorer\/france\/les-plus-beaux-endroits-du-tour-de-france\/"},"wordCount":1010,"commentCount":2,"publisher":{"@id":"https:\/\/www.atlasformen.fr\/blog\/#organization"},"image":{"@id":"https:\/\/www.atlasformen.fr\/blog\/explorer\/france\/les-plus-beaux-endroits-du-tour-de-france\/#primaryimage"},"thumbnailUrl":"https:\/\/media.atlasformen.com\/blogmedia\/uploads\/2019\/09\/journ\u00e9e-internationale-3.png","keywords":["Explorer","France"],"articleSection":["En France","Explorer"],"inLanguage":"en-US","potentialAction":[{"@type":"CommentAction","name":"Comment","target":["https:\/\/www.atlasformen.fr\/blog\/explorer\/france\/les-plus-beaux-endroits-du-tour-de-france\/#respond"]}]},{"@type":"WebPage","@id":"https:\/\/www.atlasformen.fr\/blog\/explorer\/france\/les-plus-beaux-endroits-du-tour-de-france\/","url":"https:\/\/www.atlasformen.fr\/blog\/explorer\/france\/les-plus-beaux-endroits-du-tour-de-france\/","name":"Les plus beaux endroits du Tour de France | Atlas For Men","isPartOf":{"@id":"https:\/\/www.atlasformen.fr\/blog\/#website"},"primaryImageOfPage":{"@id":"https:\/\/www.atlasformen.fr\/blog\/explorer\/france\/les-plus-beaux-endroits-du-tour-de-france\/#primaryimage"},"image":{"@id":"https:\/\/www.atlasformen.fr\/blog\/explorer\/france\/les-plus-beaux-endroits-du-tour-de-france\/#primaryimage"},"thumbnailUrl":"https:\/\/media.atlasformen.com\/blogmedia\/uploads\/2019\/09\/journ\u00e9e-internationale-3.png","datePublished":"2019-09-12T14:36:40+00:00","dateModified":"2022-01-20T17:03:56+00:00","description":"Et si on partait \u00e0 la d\u00e9couverte des r\u00e9gions de France \u00e0 travers de somptueux panoramas? Au programme des escapades en pleine nature, des activit\u00e9s sportives et la gastronomie de nos r\u00e9gions.","breadcrumb":{"@id":"https:\/\/www.atlasformen.fr\/blog\/explorer\/france\/les-plus-beaux-endroits-du-tour-de-france\/#breadcrumb"},"inLanguage":"en-US","potentialAction":[{"@type":"ReadAction","target":["https:\/\/www.atlasformen.fr\/blog\/explorer\/france\/les-plus-beaux-endroits-du-tour-de-france\/"]}]},{"@type":"ImageObject","inLanguage":"en-US","@id":"https:\/\/www.atlasformen.fr\/blog\/explorer\/france\/les-plus-beaux-endroits-du-tour-de-france\/#primaryimage","url":"https:\/\/media.atlasformen.com\/blogmedia\/uploads\/2019\/09\/journ\u00e9e-internationale-3.png","contentUrl":"https:\/\/media.atlasformen.com\/blogmedia\/uploads\/2019\/09\/journ\u00e9e-internationale-3.png","width":940,"height":788,"caption":"Un homme tient une carte dans les mains"},{"@type":"BreadcrumbList","@id":"https:\/\/www.atlasformen.fr\/blog\/explorer\/france\/les-plus-beaux-endroits-du-tour-de-france\/#breadcrumb","itemListElement":[{"@type":"ListItem","position":1,"name":"Vivez l\u2019aventure","item":"https:\/\/www.atlasformen.fr\/blog\/"},{"@type":"ListItem","position":2,"name":"Explorer","item":"https:\/\/www.atlasformen.fr\/blog\/categorie\/explorer\/"},{"@type":"ListItem","position":3,"name":"En France","item":"https:\/\/www.atlasformen.fr\/blog\/categorie\/explorer\/france\/"},{"@type":"ListItem","position":4,"name":"Les plus beaux endroits du Tour de France"}]},{"@type":"WebSite","@id":"https:\/\/www.atlasformen.fr\/blog\/#website","url":"https:\/\/www.atlasformen.fr\/blog\/","name":"Atlas For Men Blog","description":"Atlas For Men Blog","publisher":{"@id":"https:\/\/www.atlasformen.fr\/blog\/#organization"},"potentialAction":[{"@type":"SearchAction","target":{"@type":"EntryPoint","urlTemplate":"https:\/\/www.atlasformen.fr\/blog\/?s={search_term_string}"},"query-input":{"@type":"PropertyValueSpecification","valueRequired":true,"valueName":"search_term_string"}}],"inLanguage":"en-US"},{"@type":"Organization","@id":"https:\/\/www.atlasformen.fr\/blog\/#organization","name":"Atlas For Men","url":"https:\/\/www.atlasformen.fr\/blog\/","logo":{"@type":"ImageObject","inLanguage":"en-US","@id":"https:\/\/www.atlasformen.fr\/blog\/#\/schema\/logo\/image\/","url":"https:\/\/media.atlasformen.com\/blogmedia\/uploads\/2018\/11\/logo_1-1.png","contentUrl":"https:\/\/media.atlasformen.com\/blogmedia\/uploads\/2018\/11\/logo_1-1.png","width":200,"height":111,"caption":"Atlas For Men"},"image":{"@id":"https:\/\/www.atlasformen.fr\/blog\/#\/schema\/logo\/image\/"},"sameAs":["https:\/\/www.facebook.com\/AtlasForMen\/","https:\/\/x.com\/atlas_for_men","https:\/\/www.instagram.com\/atlasformen\/","https:\/\/www.pinterest.fr\/atlasformen\/","https:\/\/www.youtube.com\/user\/AtlasForMenFrance"]},{"@type":"Person","@id":"https:\/\/www.atlasformen.fr\/blog\/#\/schema\/person\/2515308fa791928657b7dd53ca058a38","name":"Atlas For Men","image":{"@type":"ImageObject","inLanguage":"en-US","@id":"https:\/\/www.atlasformen.fr\/blog\/#\/schema\/person\/image\/","url":"https:\/\/secure.gravatar.com\/avatar\/c562ec6a574919f88571afeacc95cec61d73f7a32354f69ae5c7ef237db7a308?s=96&d=mm&r=g","contentUrl":"https:\/\/secure.gravatar.com\/avatar\/c562ec6a574919f88571afeacc95cec61d73f7a32354f69ae5c7ef237db7a308?s=96&d=mm&r=g","caption":"Atlas For Men"},"url":"https:\/\/www.atlasformen.fr\/blog\/author\/cde_benedittis\/"}]}},"_links":{"self":[{"href":"https:\/\/www.atlasformen.fr\/blog\/wp-json\/wp\/v2\/posts\/7264","targetHints":{"allow":["GET"]}}],"collection":[{"href":"https:\/\/www.atlasformen.fr\/blog\/wp-json\/wp\/v2\/posts"}],"about":[{"href":"https:\/\/www.atlasformen.fr\/blog\/wp-json\/wp\/v2\/types\/post"}],"author":[{"embeddable":true,"href":"https:\/\/www.atlasformen.fr\/blog\/wp-json\/wp\/v2\/users\/10"}],"replies":[{"embeddable":true,"href":"https:\/\/www.atlasformen.fr\/blog\/wp-json\/wp\/v2\/comments?post=7264"}],"version-history":[{"count":50,"href":"https:\/\/www.atlasformen.fr\/blog\/wp-json\/wp\/v2\/posts\/7264\/revisions"}],"predecessor-version":[{"id":15280,"href":"https:\/\/www.atlasformen.fr\/blog\/wp-json\/wp\/v2\/posts\/7264\/revisions\/15280"}],"wp:featuredmedia":[{"embeddable":true,"href":"https:\/\/www.atlasformen.fr\/blog\/wp-json\/wp\/v2\/media\/7582"}],"wp:attachment":[{"href":"https:\/\/www.atlasformen.fr\/blog\/wp-json\/wp\/v2\/media?parent=7264"}],"wp:term":[{"taxonomy":"category","embeddable":true,"href":"https:\/\/www.atlasformen.fr\/blog\/wp-json\/wp\/v2\/categories?post=7264"},{"taxonomy":"post_tag","embeddable":true,"href":"https:\/\/www.atlasformen.fr\/blog\/wp-json\/wp\/v2\/tags?post=7264"}],"curies":[{"name":"wp","href":"https:\/\/api.w.org\/{rel}","templated":true}]}}